{"id":71297,"date":"2024-07-05T17:27:46","date_gmt":"2024-07-05T20:27:46","guid":{"rendered":"https:\/\/grandepremio.com\/br\/noticias\/mercedes-reconhece-carro-menos-estavel-vento-tl2-gp-da-inglaterra\/"},"modified":"2024-07-06T13:18:43","modified_gmt":"2024-07-06T16:18:43","slug":"mercedes-reconhece-carro-menos-estavel-vento-tl2-gp-da-inglaterra","status":"publish","type":"post","link":"https:\/\/grandepremio.com\/br\/f1\/mercedes-reconhece-carro-menos-estavel-vento-tl2-gp-da-inglaterra\/","title":{"rendered":"Mercedes reconhece carro &#8220;menos est\u00e1vel&#8221; com vento no TL2 do GP da Inglaterra"},"content":{"rendered":"\n<p class=\"wp-block-paragraph\">A <strong>Mercedes<\/strong> ficou no top-10 nas duas atividades desta sexta-feira (5) em <strong>Silverstone<\/strong>. Para o diretor de engenharia da equipe, <strong>Andrew Shovlin<\/strong>, o come\u00e7o na <strong>Inglaterra<\/strong> \u00e9 animador e manteve o otimismo em alta para a melhora dos tempos na classifica\u00e7\u00e3o.<\/p>\n\n\n\n<p class=\"wp-block-paragraph\">O <a href=\"https:\/\/www.grandepremio.com\/br\/f1\/noticias\/lewis-hamilton-aprova-ritmo-mercedes-sexta-feira-inglaterra-carro-funcionou-bem\/\">sexto lugar de<\/a> <strong>Lewis Hamilton<\/strong> e <a href=\"https:\/\/www.grandepremio.com\/br\/f1\/noticias\/george-russell-lamenta-dificuldades-tl2-gp-inglaterra-problemas-pneus\/\">a d\u00e9cima posi\u00e7\u00e3o de<\/a> <strong>George Russell<\/strong>, na vis\u00e3o do brit\u00e2nico, deixaram seu time bastante satisfeito com o desempenho do <strong>W15<\/strong>. <\/p>\n\n\n\n<p class=\"wp-block-paragraph\">&#8220;Come\u00e7amos bem com os dois carros no TL1, parecia que est\u00e1vamos em uma posi\u00e7\u00e3o decente mesmo com a sess\u00e3o interrompida por uma bandeira vermelha, o equil\u00edbrio na volta deles foi bom&#8221;, analisou. Andrew continuou a an\u00e1lise pontuando que o vento aumentou na atividade seguinte e isso afetou na estabilidade do carro. <\/p>\n\n\n\n<p class=\"wp-block-paragraph\">&#8220;O vento aumentou um pouco e, no geral, o carro ficou menos est\u00e1vel. Destaco essas quest\u00f5es hoje, porque ainda podemos trabalhar na configura\u00e7\u00e3o durante a noite, temos de tentar compreender o por que disso acontecer&#8221;.<\/p>\n\n\n\n<figure class=\"wp-block-image size-large\"><img decoding=\"async\" src=\"https:\/\/www.grandepremio.com\/br\/wp-content\/uploads\/2024\/07\/inglaterra-2024-f1-treino-livre-mercedes-george-russell-02-1200x800.jpg\" alt=\"\" class=\"wp-image-836754\"\/><figcaption class=\"wp-element-caption\">Russell fechou o TL2 na d\u00e9cima coloca\u00e7\u00e3o (Foto: Mercedes)<\/figcaption><\/figure>\n\n\n\n<p class=\"wp-block-paragraph\">Shovlin acredita que a Mercedes n\u00e3o deu tudo o que pode no circuito brit\u00e2nico &#8211; e alguns dos seus advers\u00e1rios tamb\u00e9m -, e v\u00ea bons ventos soprando \u00e0 favor dos alem\u00e3es. &#8220;Estamos otimistas que podemos progredir e, assim, encontrar um pouco mais de ritmo para o restante do fim de semana&#8221;, completou.<\/p>\n\n\n\n<p class=\"wp-block-paragraph\">O&nbsp;<strong>GRANDE PR\u00caMIO<\/strong>&nbsp;acompanha<strong>&nbsp;<a href=\"https:\/\/www.grandepremio.com\/br\/ao-vivo\/f1\/\" target=\"_blank\" rel=\"noreferrer noopener\">AO VIVO<\/a><\/strong><a href=\"https:\/\/www.grandepremio.com\/br\/ao-vivo\/f1\/\" target=\"_blank\" rel=\"noreferrer noopener\">&nbsp;e&nbsp;<strong>EM&nbsp;<\/strong><\/a><a href=\"https:\/\/www.grandepremio.com\/br\/ao-vivo\/\" target=\"_blank\" rel=\"noreferrer noopener\"><strong>TEMPO REAL<\/strong><\/a>&nbsp;todas as atividades do&nbsp;<strong>GP da Inglaterra<\/strong>&nbsp;de&nbsp;<a href=\"https:\/\/www.grandepremio.com\/br\/f1\/\" target=\"_blank\" rel=\"noreferrer noopener\">F\u00f3rmula 1<\/a>&nbsp;e transmite classifica\u00e7\u00e3o e corrida em segunda tela, em parceria com a Voz do Esporte, na<strong>&nbsp;<a href=\"https:\/\/www.youtube.com\/c\/GrandePremioTV\/streams\" target=\"_blank\" rel=\"noreferrer noopener\">GPTV, o canal do GP no Youtube<\/a><\/strong>. Al\u00e9m disso, debate tudo que aconteceu na pista com o&nbsp;<strong>Briefing&nbsp;<\/strong>ap\u00f3s treinos livres e classifica\u00e7\u00e3o, al\u00e9m de antes e depois da corrida.<\/p>\n\n\n\n<p class=\"wp-block-paragraph\">No s\u00e1bado, a\u00a0<strong>terceira e \u00faltima sess\u00e3o de treinos<\/strong>\u00a0est\u00e1 marcada para as 7h30 (de Bras\u00edlia, GMT-3), ao passo que a\u00a0<strong>classifica\u00e7\u00e3o\u00a0<\/strong>ser\u00e1 \u00e0s\u00a0<strong>11h<\/strong>. Por fim, no domingo (7), os pilotos disputam a\u00a0<strong>corrida\u00a0<\/strong>em\u00a0<strong><a href=\"https:\/\/www.grandepremio.com\/br\/circuito\/silverstone\/\" target=\"_blank\" rel=\"noreferrer noopener\">Silverstone<\/a><\/strong>\u00a0a partir das\u00a0<strong>11h<\/strong>.<\/p>\n\n\n\n<p class=\"wp-block-paragraph\"><strong>Inscreva-se nos dois canais do GRANDE PR\u00caMIO no YouTube:\u00a0<a href=\"https:\/\/www.youtube.com\/channel\/UC9OlHEgxoaY6QY6nWPoiqQg?sub_confirmation=1\" target=\"_blank\" rel=\"noreferrer noopener\">GP<\/a>\u00a0|\u00a0<a href=\"https:\/\/www.youtube.com\/channel\/UC9csiS6q_C3C0FYhyr1rnFA?sub_confirmation=1\" target=\"_blank\" rel=\"noreferrer noopener\">GP2<\/a><\/strong><\/p>\n\n\n\n<figure class=\"wp-block-embed is-type-video is-provider-youtube wp-block-embed-youtube wp-embed-aspect-16-9 wp-has-aspect-ratio\"><div class=\"wp-block-embed__wrapper\">\n<iframe loading=\"lazy\" title=\"NORRIS SOBRA, VERSTAPPEN em 7\u00ba: GP da INGLATERRA de F1: tudo sobre os treinos livres | Briefing\" width=\"500\" height=\"281\" src=\"https:\/\/www.youtube.com\/embed\/SIkeyW1CNiQ?feature=oembed\" frameborder=\"0\" allow=\"accelerometer; autoplay; clipboard-write; encrypted-media; gyroscope; picture-in-picture; web-share\" referrerpolicy=\"strict-origin-when-cross-origin\" allowfullscreen><\/iframe>\n<\/div><\/figure>\n","protected":false},"excerpt":{"rendered":"<p>Andrew Shovlin viu pontos importantes para serem melhorados no W15 para a sequ\u00eancia do fim de semana, mas mant\u00e9m o otimismo de que a equipe vai render bem em Silverstone<\/p>\n","protected":false},"author":0,"featured_media":1000836967,"comment_status":"closed","ping_status":"closed","sticky":false,"template":"","format":"standard","meta":{"42wp_featured_image_caption":"","42wp_featured_image_credits":"","42wp_featured_video":"","42wp_featured_image_hidden":false,"42wp_authors_list":[],"footnotes":""},"categories":[2],"tags":[5157,26271,5273,147,3230,180,30909,800,1505,1491,28285,30840,897,40163,4361,87,82,35129,3632,40164,31927,33301],"42wp_author":[47128],"class_list":["post-71297","post","type-post","status-publish","format-standard","has-post-thumbnail","hentry","category-f1","tag-andrew-shovlin","tag-calendario-f1","tag-classificacao-f1","tag-f1","tag-f1-2024","tag-formula-1","tag-formula-1-2024","tag-george-russell","tag-gp-da-inglaterra","tag-grande-premio","tag-grandepremio","tag-horarios-f1","tag-inglaterra","tag-inglaterra-2024","tag-inglaterra-f1","tag-lewis-hamilton","tag-mercedes","tag-onde-assistir-f1","tag-silverstone","tag-silverstone-2024","tag-silverstone-f1","tag-temporada-2024-f1","42wp_author-guilherme-bloisi"],"_links":{"self":[{"href":"https:\/\/grandepremio.com\/br\/wp-json\/wp\/v2\/posts\/71297","targetHints":{"allow":["GET"]}}],"collection":[{"href":"https:\/\/grandepremio.com\/br\/wp-json\/wp\/v2\/posts"}],"about":[{"href":"https:\/\/grandepremio.com\/br\/wp-json\/wp\/v2\/types\/post"}],"replies":[{"embeddable":true,"href":"https:\/\/grandepremio.com\/br\/wp-json\/wp\/v2\/comments?post=71297"}],"version-history":[{"count":0,"href":"https:\/\/grandepremio.com\/br\/wp-json\/wp\/v2\/posts\/71297\/revisions"}],"wp:featuredmedia":[{"embeddable":true,"href":"https:\/\/grandepremio.com\/br\/wp-json\/wp\/v2\/media\/1000836967"}],"wp:attachment":[{"href":"https:\/\/grandepremio.com\/br\/wp-json\/wp\/v2\/media?parent=71297"}],"wp:term":[{"taxonomy":"category","embeddable":true,"href":"https:\/\/grandepremio.com\/br\/wp-json\/wp\/v2\/categories?post=71297"},{"taxonomy":"post_tag","embeddable":true,"href":"https:\/\/grandepremio.com\/br\/wp-json\/wp\/v2\/tags?post=71297"},{"taxonomy":"42wp_author","embeddable":true,"href":"https:\/\/grandepremio.com\/br\/wp-json\/wp\/v2\/42wp_author?post=71297"}],"curies":[{"name":"wp","href":"https:\/\/api.w.org\/{rel}","templated":true}]}}