{"id":71356,"date":"2024-07-05T13:44:34","date_gmt":"2024-07-05T16:44:34","guid":{"rendered":"https:\/\/grandepremio.com\/br\/noticias\/mclaren-admite-surpresa-ritmo-freia-empolgacao-lideranca-inglaterra\/"},"modified":"2024-07-06T13:20:27","modified_gmt":"2024-07-06T16:20:27","slug":"mclaren-admite-surpresa-ritmo-freia-empolgacao-lideranca-inglaterra","status":"publish","type":"post","link":"https:\/\/grandepremio.com\/br\/f1\/mclaren-admite-surpresa-ritmo-freia-empolgacao-lideranca-inglaterra\/","title":{"rendered":"McLaren admite surpresa com ritmo e freia empolga\u00e7\u00e3o ap\u00f3s lideran\u00e7a na Inglaterra"},"content":{"rendered":"\n<p class=\"wp-block-paragraph\">Foi uma sexta-feira (5) de dom\u00ednio amplo e absoluto de <strong>Lando Norris<\/strong> com a <strong>McLaren <\/strong>em <strong>Silverstone<\/strong>. O vice-l\u00edder do campeonato <a href=\"https:\/\/www.grandepremio.com\/br\/f1\/noticias\/lando-norris-dispara-frente-lidera-1-2-mclaren-tl2-gp-da-inglaterra-formula-1\/\">comandou a segunda atividade do fim de semana<\/a> brit\u00e2nico, por\u00e9m, o chef\u00e3o da equipe, <strong>Andrea Stella<\/strong>, freou a empolga\u00e7\u00e3o com o resultado.<\/p>\n\n\n\n<p class=\"wp-block-paragraph\">Em entrevista ap\u00f3s a atividade, o italiano tratou de colocar panos quentes com o feito da equipe papaia. &#8220;Acho que n\u00e3o devemos olhar muito para a classifica\u00e7\u00f5es das duas sess\u00f5es, especialmente a segunda, porque pilotos como <strong>Max [Verstappen] <\/strong>usaram pneus macios e pouco combust\u00edvel&#8221;, analisou.<\/p>\n\n\n\n<p class=\"wp-block-paragraph\">Andrea n\u00e3o v\u00ea sua equipe com vantagem em rela\u00e7\u00e3o aos advers\u00e1rios na Inglaterra e acredita que tem para onde crescer ainda. Especialmente no trecho em alta velocidade do circuito, bastante desafiador em sua vis\u00e3o. <\/p>\n\n\n\n<p class=\"wp-block-paragraph\">&#8220;Temos alguns problemas, como a travagem na curva 3, por exemplo. Nosso carro n\u00e3o \u00e9 confort\u00e1vel de pilotar, por isso, acredito que ainda vamos melhorar com as oportunidades que v\u00e3o aparecer. De certa forma, estou um pouco surpreso com os tempos de volta&#8221;.<\/p>\n\n\n\n<figure class=\"wp-block-image size-large\"><img decoding=\"async\" src=\"https:\/\/www.grandepremio.com\/br\/wp-content\/uploads\/2024\/07\/inglaterra-2024-f1-treino-livre-mclaren-oscar-piastri-03-1200x800.jpg\" alt=\"\" class=\"wp-image-836767\"\/><figcaption class=\"wp-element-caption\">Oscar Piastri foi o segundo colocado do TL2 (Foto: McLaren)<\/figcaption><\/figure>\n\n\n\n<p class=\"wp-block-paragraph\">Para a classifica\u00e7\u00e3o deste s\u00e1bado, Stella aponta que os dados dos treinos livres ser\u00e3o importantes para a melhora do carro e para ter condi\u00e7\u00f5es de brigar pela pole. &#8220;No geral, parece competitivo. Definitivamente h\u00e1 indica\u00e7\u00f5es encorajadoras em termos de ritmo em volta \u00fanica, mas continuamos com tempo mais normal&#8221;, completou.<\/p>\n\n\n\n<p class=\"wp-block-paragraph\">O\u00a0<strong>GRANDE PR\u00caMIO<\/strong>\u00a0acompanha<strong>\u00a0<a href=\"https:\/\/www.grandepremio.com\/br\/ao-vivo\/f1\/\" target=\"_blank\" rel=\"noreferrer noopener\">AO VIVO<\/a><\/strong><a href=\"https:\/\/www.grandepremio.com\/br\/ao-vivo\/f1\/\" target=\"_blank\" rel=\"noreferrer noopener\">\u00a0e\u00a0<strong>EM\u00a0<\/strong><\/a><a href=\"https:\/\/www.grandepremio.com\/br\/ao-vivo\/\" target=\"_blank\" rel=\"noreferrer noopener\"><strong>TEMPO REAL<\/strong><\/a>\u00a0todas as atividades do\u00a0<strong>GP da Inglaterra<\/strong>\u00a0de\u00a0<a href=\"https:\/\/www.grandepremio.com\/br\/f1\/\" target=\"_blank\" rel=\"noreferrer noopener\">F\u00f3rmula 1<\/a>\u00a0e transmite classifica\u00e7\u00e3o e corrida em segunda tela, em parceria com a Voz do Esporte, na<strong>\u00a0<a href=\"https:\/\/www.youtube.com\/c\/GrandePremioTV\/streams\" target=\"_blank\" rel=\"noreferrer noopener\">GPTV, o canal do GP no Youtube<\/a><\/strong>. Al\u00e9m disso, debate tudo que aconteceu na pista com o\u00a0<strong>Briefing\u00a0<\/strong>ap\u00f3s treinos livres e classifica\u00e7\u00e3o, al\u00e9m de antes e depois da corrida. <\/p>\n\n\n\n<p class=\"wp-block-paragraph\">No s\u00e1bado, a\u00a0<strong>terceira e \u00faltima sess\u00e3o de treinos<\/strong>\u00a0est\u00e1 marcada para as 7h30 (de Bras\u00edlia, GMT-3), ao passo que a\u00a0<strong>classifica\u00e7\u00e3o\u00a0<\/strong>ser\u00e1 \u00e0s\u00a0<strong>11h<\/strong>. Por fim, no domingo (7), os pilotos disputam a\u00a0<strong>corrida\u00a0<\/strong>em\u00a0<strong><a href=\"https:\/\/www.grandepremio.com\/br\/circuito\/silverstone\/\" target=\"_blank\" rel=\"noreferrer noopener\">Silverstone<\/a><\/strong>\u00a0a partir das\u00a0<strong>11h<\/strong>.<\/p>\n\n\n\n<p class=\"wp-block-paragraph\"><strong>Inscreva-se nos dois canais do GRANDE PR\u00caMIO no YouTube:\u00a0<a href=\"https:\/\/www.youtube.com\/channel\/UC9OlHEgxoaY6QY6nWPoiqQg?sub_confirmation=1\" target=\"_blank\" rel=\"noreferrer noopener\">GP<\/a>\u00a0|\u00a0<a href=\"https:\/\/www.youtube.com\/channel\/UC9csiS6q_C3C0FYhyr1rnFA?sub_confirmation=1\" target=\"_blank\" rel=\"noreferrer noopener\">GP2<\/a><\/strong><\/p>\n\n\n\n<figure class=\"wp-block-embed is-type-video is-provider-youtube wp-block-embed-youtube wp-embed-aspect-16-9 wp-has-aspect-ratio\"><div class=\"wp-block-embed__wrapper\">\n<iframe loading=\"lazy\" title=\"NORRIS SOBRA, VERSTAPPEN em 7\u00ba: GP da INGLATERRA de F1: tudo sobre os treinos livres | Briefing\" width=\"500\" height=\"281\" src=\"https:\/\/www.youtube.com\/embed\/SIkeyW1CNiQ?feature=oembed\" frameborder=\"0\" allow=\"accelerometer; autoplay; clipboard-write; encrypted-media; gyroscope; picture-in-picture; web-share\" referrerpolicy=\"strict-origin-when-cross-origin\" allowfullscreen><\/iframe>\n<\/div><\/figure>\n","protected":false},"excerpt":{"rendered":"<p>O chef\u00e3o da equipe, Andrea Stella, colocou panos quentes na comemora\u00e7\u00e3o da dobradinha desta sexta-feira em Silverstone, embora acredite que o carro esteja competitivo para o fim de semana<\/p>\n","protected":false},"author":0,"featured_media":1000836753,"comment_status":"closed","ping_status":"closed","sticky":false,"template":"","format":"standard","meta":{"42wp_featured_image_caption":"","42wp_featured_image_credits":"","42wp_featured_video":"","42wp_featured_image_hidden":false,"42wp_authors_list":[],"footnotes":""},"categories":[2],"tags":[7094,26271,5273,147,3230,180,30909,1505,1491,28285,30840,897,40163,4361,547,90,35129,2916,204,3632,40164,31927,33301],"42wp_author":[47128],"class_list":["post-71356","post","type-post","status-publish","format-standard","has-post-thumbnail","hentry","category-f1","tag-andrea-stella","tag-calendario-f1","tag-classificacao-f1","tag-f1","tag-f1-2024","tag-formula-1","tag-formula-1-2024","tag-gp-da-inglaterra","tag-grande-premio","tag-grandepremio","tag-horarios-f1","tag-inglaterra","tag-inglaterra-2024","tag-inglaterra-f1","tag-lando-norris","tag-mclaren","tag-onde-assistir-f1","tag-oscar-piastri","tag-red-bull","tag-silverstone","tag-silverstone-2024","tag-silverstone-f1","tag-temporada-2024-f1","42wp_author-guilherme-bloisi"],"_links":{"self":[{"href":"https:\/\/grandepremio.com\/br\/wp-json\/wp\/v2\/posts\/71356","targetHints":{"allow":["GET"]}}],"collection":[{"href":"https:\/\/grandepremio.com\/br\/wp-json\/wp\/v2\/posts"}],"about":[{"href":"https:\/\/grandepremio.com\/br\/wp-json\/wp\/v2\/types\/post"}],"replies":[{"embeddable":true,"href":"https:\/\/grandepremio.com\/br\/wp-json\/wp\/v2\/comments?post=71356"}],"version-history":[{"count":0,"href":"https:\/\/grandepremio.com\/br\/wp-json\/wp\/v2\/posts\/71356\/revisions"}],"wp:featuredmedia":[{"embeddable":true,"href":"https:\/\/grandepremio.com\/br\/wp-json\/wp\/v2\/media\/1000836753"}],"wp:attachment":[{"href":"https:\/\/grandepremio.com\/br\/wp-json\/wp\/v2\/media?parent=71356"}],"wp:term":[{"taxonomy":"category","embeddable":true,"href":"https:\/\/grandepremio.com\/br\/wp-json\/wp\/v2\/categories?post=71356"},{"taxonomy":"post_tag","embeddable":true,"href":"https:\/\/grandepremio.com\/br\/wp-json\/wp\/v2\/tags?post=71356"},{"taxonomy":"42wp_author","embeddable":true,"href":"https:\/\/grandepremio.com\/br\/wp-json\/wp\/v2\/42wp_author?post=71356"}],"curies":[{"name":"wp","href":"https:\/\/api.w.org\/{rel}","templated":true}]}}