{"id":71371,"date":"2024-07-05T13:28:33","date_gmt":"2024-07-05T16:28:33","guid":{"rendered":"https:\/\/grandepremio.com\/br\/noticias\/alessandro-zaccone-debanca-oscar-gutierrez-crava-pole-position-motoe-gp-alemanha\/"},"modified":"2024-07-06T13:21:20","modified_gmt":"2024-07-06T16:21:20","slug":"alessandro-zaccone-debanca-oscar-gutierrez-crava-pole-position-motoe-gp-alemanha","status":"publish","type":"post","link":"https:\/\/grandepremio.com\/br\/motogp\/alessandro-zaccone-debanca-oscar-gutierrez-crava-pole-position-motoe-gp-alemanha\/","title":{"rendered":"Zaccone desbanca Gutierrez e crava pole-position da MotoE no GP da Alemanha"},"content":{"rendered":"\n<p class=\"wp-block-paragraph\">A pole-position do <strong>GP da Alemanha<\/strong> da <strong>MotoE<\/strong> foi conquistada por <strong>Alessandro Zaccone<\/strong>. O italiano da <strong>Tech3<\/strong> bateu <strong>Oscar Guiterrez<\/strong>, da <strong>Axxis-MSI<\/strong> com uma volta de <strong>1mins26s234<\/strong> e vai largar na frente em <strong><a href=\"https:\/\/www.grandepremio.com\/br\/circuito\/sachsenring\/\" target=\"_blank\" rel=\"noreferrer noopener\">Sachsenring<\/a><\/strong>. <strong>Nicholas Spinelli<\/strong> foi o terceiro.<\/p>\n\n\n\n<p class=\"wp-block-paragraph\">A segunda fila ter\u00e1 o brasileiro <strong>Eric Granado<\/strong>. O piloto da<strong> LCR<\/strong> registrou um giro de <strong>1min26s577<\/strong> e vai largar ao lado de <strong>Hector Garzo<\/strong> e <strong>Jordi Torres<\/strong>.<\/p>\n\n\n\n<p class=\"wp-block-paragraph\">Fechando o top-10 aparecem no grid <strong>Matteo Ferrari<\/strong>, <strong>Mattia Casadei<\/strong>, <strong>Lukas Tulovic<\/strong> e <strong>Kevin Zannoni<\/strong>.<\/p>\n\n\n\n<p class=\"wp-block-paragraph\">A\u00a0<strong>MotoE<\/strong>\u00a0acelera neste fim de semana em\u00a0<strong><a href=\"https:\/\/www.grandepremio.com\/br\/circuito\/sachsenring\/\" target=\"_blank\" rel=\"noreferrer noopener\">Sachsenring<\/a><\/strong>, na\u00a0<strong>Alemanha<\/strong>, para mais uma etapa do calend\u00e1rio 2024. O\u00a0<strong>GRANDE PR\u00caMIO\u00a0<\/strong>faz a cobertura completa do evento, assim como das outras classes do\u00a0<strong>Mundial de\u00a0<a href=\"https:\/\/www.grandepremio.com\/motovelocidade\/\" target=\"_blank\" rel=\"noreferrer noopener\">Motovelocidade<\/a><\/strong>\u00a0durante todo o ano.<\/p>\n\n\n\n<figure class=\"wp-block-image size-large\"><img decoding=\"async\" src=\"https:\/\/www.grandepremio.com\/br\/wp-content\/uploads\/2024\/03\/MotoE-LCR-Eric-Granado-1024x682.jpg\" alt=\"\" class=\"wp-image-791363\"\/><figcaption class=\"wp-element-caption\">Eric Granado n\u00e3o conseguiu brigar pela pole na Alemanha (Foto: Divulga\u00e7\u00e3o\/MotoGP)<\/figcaption><\/figure>\n\n\n\n<p class=\"wp-block-paragraph\"><strong>\u25b6\ufe0f Inscreva-se nos dois canais do\u00a0GRANDE PR\u00caMIO\u00a0no YouTube:\u00a0<a href=\"https:\/\/www.youtube.com\/channel\/UC9OlHEgxoaY6QY6nWPoiqQg?sub_confirmation=1\">GP<\/a>\u00a0|\u00a0<a href=\"https:\/\/www.youtube.com\/channel\/UC9csiS6q_C3C0FYhyr1rnFA?sub_confirmation=1\">GP2<\/a><\/strong><\/p>\n\n\n\n<h2 class=\"wp-block-heading\" id=\"h-como-foi-a-classificacao-da-motoe-em-sachsenring\"><strong>Como foi a classifica\u00e7\u00e3o da MotoE em Sachsenring<\/strong><\/h2>\n\n\n\n<p class=\"wp-block-paragraph\"><em><strong>Q1 \u2013 Bandeira vermelha e dom\u00ednio de Spinelli<\/strong><\/em><\/p>\n\n\n\n<p class=\"wp-block-paragraph\">O Q1 come\u00e7ou com os primeiros dez pilotos na pista e lideran\u00e7a imediata de Spinelli, com um giro de <strong>1min26s386<\/strong>, seguido de <strong>Alessio Finello<\/strong>, da <strong>Gresini<\/strong>, e <strong>Kevin Zannoni<\/strong>, piloto da <strong>Aspar<\/strong>.<\/p>\n\n\n\n<p class=\"wp-block-paragraph\">A tr\u00eas minutos do fim, uma bandeira vermelha interrompeu a prova ap\u00f3s queda de <strong>Kevin Manfredi<\/strong>, da <strong>SIC58 Squadra<\/strong>. Apesar do susto, ele n\u00e3o sofreu ferimentos graves, mas os fiscais decidiram paralisar a prova para organizar uma das barreiras de pneus do circuito que foi atingida pela moto do italiano.<\/p>\n\n\n\n<p class=\"wp-block-paragraph\">Os piloto voltaram \u00e0 pista quase 30 minutos depois, com apenas uma volta para o fim da sess\u00e3o, mas a lideran\u00e7a ficou mesmo com Spinelli. Zanoni conseguiu acertar um giro de <strong>1min25s706<\/strong> e subiu para segundo, seguido de Finello.<\/p>\n\n\n\n<figure class=\"wp-block-image size-large\"><img decoding=\"async\" src=\"https:\/\/www.grandepremio.com\/br\/wp-content\/uploads\/2024\/05\/2024-ME-Spinelli-France-LeMans-003-1200x800.jpg\" alt=\"\" class=\"wp-image-811678\"\/><figcaption class=\"wp-element-caption\">Nicholas Spinelli foi o mais r\u00e1pido no Q1 (Foto: Tech3)<\/figcaption><\/figure>\n\n\n\n<p class=\"wp-block-paragraph\"><em><strong>Q2 \u2013 Dom\u00ednio de Zaccone e Granado na segunda fila<\/strong><\/em><\/p>\n\n\n\n<p class=\"wp-block-paragraph\">No in\u00edcio do <strong>Q2<\/strong>, mais caos. Uma bandeira, dessa vez amarela, foi agitada na pista ap\u00f3s <strong>Lukas Tulovic<\/strong> cair na curva 1 de <a href=\"https:\/\/www.grandepremio.com\/br\/circuito\/sachsenring\/\" target=\"_blank\" rel=\"noreferrer noopener\">Sachsenring<\/a>. Por\u00e9m, rapidamente a disputa das motos el\u00e9tricas voltou a acontecer.<\/p>\n\n\n\n<p class=\"wp-block-paragraph\">O brasileiro Eric Granado cravou<strong> 1min26s577<\/strong> e passou a liderar o grupo de dez pilotos. Dois minutos depois, os tempos come\u00e7aram a cair e Spinelli tomou a lideran\u00e7a ao registrar <strong>1min26s455<\/strong>.<\/p>\n\n\n\n<p class=\"wp-block-paragraph\">Na volta seguinte, um novo acidente. <strong>Kevin Zannoni<\/strong> caiu e a bandeira amarela voltou a ser agitada no circuito. Na sequ\u00eancia, <strong>Oscar Guiterrez<\/strong> fez <strong>1min26s296<\/strong> e passou a ser o ponteiro da classifica\u00e7\u00e3o.<\/p>\n\n\n\n<p class=\"wp-block-paragraph\">Faltando 50 segundos para o fim do Q2, <strong>Alessandro Zaccone<\/strong> completou uma volta em <strong>1mins26s234<\/strong> e garantiu a pole-position na MotoE. Ainda deu tempo de <strong>Mattia Casadei<\/strong> perder o equil\u00edbrio da moto \u00faltima volta e provocar mais uma bandeira amarela.<\/p>\n\n\n\n<p class=\"wp-block-paragraph\">Granado at\u00e9 tentou mais uma vez, mas errou no fim da sess\u00e3o e terminou o Q2 em sexto e larga na segunda fila.<\/p>\n\n\n\n<figure class=\"wp-block-image size-large\"><img decoding=\"async\" src=\"https:\/\/www.grandepremio.com\/br\/wp-content\/uploads\/2023\/06\/MJ1_0868-1024x575.jpg\" alt=\"\" class=\"wp-image-693577\"\/><figcaption class=\"wp-element-caption\">Granado foi (Foto: LCR)<\/figcaption><\/figure>\n","protected":false},"excerpt":{"rendered":"<p>O italiano da Tech3 bateu Oscar Guiterrez, da Axxis-MSI com uma volta de 1mins26s234 e vai largar na frente em Sachsenring. O brasileiro Eric Granado vai largar em sexto, na segunda fila<\/p>\n","protected":false},"author":0,"featured_media":1000833227,"comment_status":"closed","ping_status":"closed","sticky":false,"template":"","format":"standard","meta":{"42wp_featured_image_caption":"","42wp_featured_image_credits":"","42wp_featured_video":"","42wp_featured_image_hidden":false,"42wp_authors_list":[],"footnotes":""},"categories":[8],"tags":[983,25056,31628,286,1504,1491,28285,38826,847,38825,39641,3346,38824],"42wp_author":[47161],"class_list":["post-71371","post","type-post","status-publish","format-standard","has-post-thumbnail","hentry","category-motogp","tag-alemanha","tag-calendario-motoe","tag-classificacao-motoe","tag-eric-granado","tag-gp-da-alemanha","tag-grande-premio","tag-grandepremio","tag-horarios-motoe","tag-mundial-de-motovelocidade","tag-onde-assistir-motoe","tag-oscar-gutierrez","tag-sachsenring","tag-temporada-2024-da-motoe","42wp_author-kaio-esteves"],"_links":{"self":[{"href":"https:\/\/grandepremio.com\/br\/wp-json\/wp\/v2\/posts\/71371","targetHints":{"allow":["GET"]}}],"collection":[{"href":"https:\/\/grandepremio.com\/br\/wp-json\/wp\/v2\/posts"}],"about":[{"href":"https:\/\/grandepremio.com\/br\/wp-json\/wp\/v2\/types\/post"}],"replies":[{"embeddable":true,"href":"https:\/\/grandepremio.com\/br\/wp-json\/wp\/v2\/comments?post=71371"}],"version-history":[{"count":0,"href":"https:\/\/grandepremio.com\/br\/wp-json\/wp\/v2\/posts\/71371\/revisions"}],"wp:featuredmedia":[{"embeddable":true,"href":"https:\/\/grandepremio.com\/br\/wp-json\/wp\/v2\/media\/1000833227"}],"wp:attachment":[{"href":"https:\/\/grandepremio.com\/br\/wp-json\/wp\/v2\/media?parent=71371"}],"wp:term":[{"taxonomy":"category","embeddable":true,"href":"https:\/\/grandepremio.com\/br\/wp-json\/wp\/v2\/categories?post=71371"},{"taxonomy":"post_tag","embeddable":true,"href":"https:\/\/grandepremio.com\/br\/wp-json\/wp\/v2\/tags?post=71371"},{"taxonomy":"42wp_author","embeddable":true,"href":"https:\/\/grandepremio.com\/br\/wp-json\/wp\/v2\/42wp_author?post=71371"}],"curies":[{"name":"wp","href":"https:\/\/api.w.org\/{rel}","templated":true}]}}