{"id":71509,"date":"2024-07-04T16:07:15","date_gmt":"2024-07-04T19:07:15","guid":{"rendered":"https:\/\/grandepremio.com\/br\/noticias\/nico-hulkenberg-defende-max-verstappen-batida-lando-norris-foi-so-corrida\/"},"modified":"2024-07-04T21:37:01","modified_gmt":"2024-07-05T00:37:01","slug":"nico-hulkenberg-defende-max-verstappen-batida-lando-norris-foi-so-corrida","status":"publish","type":"post","link":"https:\/\/grandepremio.com\/br\/f1\/nico-hulkenberg-defende-max-verstappen-batida-lando-norris-foi-so-corrida\/","title":{"rendered":"H\u00fclkenberg defende Verstappen e diz que batida com Norris na \u00c1ustria foi &#8220;s\u00f3 corrida&#8221;"},"content":{"rendered":"\n<p class=\"wp-block-paragraph\">Quase uma semana j\u00e1 ficou no retrovisor e j\u00e1 est\u00e1 perto dos carros da <strong><a href=\"https:\/\/www.grandepremio.com\/br\/f1\/\">F\u00f3rmula 1<\/a><\/strong> voltarem \u00e0 pista num outro pa\u00eds, mas <strong><a href=\"https:\/\/www.grandepremio.com\/br\/f1\/noticias\/max-verstappen-fecha-porta-causa-acidente-lando-norris-entrega-vitoria-george-russell-austria\/\">o acidente entre<\/a><\/strong> <strong>Max Verstappen<\/strong> e <strong>Lando Norris<\/strong> no <strong><a href=\"https:\/\/www.grandepremio.com\/br\/f1\/noticias\/george-russell-vitoria-cair-colo-batida-lando-norris-max-verstappen-gp-austria-f1\/\">GP da \u00c1ustria<\/a><\/strong> ainda reverbera. Durante a entrevista oficial dos pilotos em <strong>Silverstone<\/strong>, nesta quinta-feira (4), <strong>Nico H\u00fclkenberg<\/strong> defendeu o duelo e a manobra de Verstappen.<\/p>\n\n\n\n<p class=\"wp-block-paragraph\">De acordo com o piloto da <strong>Haas<\/strong>, <strong><a href=\"https:\/\/www.grandepremio.com\/br\/f1\/noticias\/nico-hulkenberg-faz-acordo-multianual-audi-corre-sauber-temporada-2025-f1\/\">que est\u00e1 fechado com a<\/a><\/strong> <strong>Audi<\/strong> para os pr\u00f3ximos anos, Verstappen jogou dentro dos limites esportivos e fez o que podia, bem como Norris. No fim, o fato do toque que considerou como leve ter causado tantos problemas acabou atribu\u00eddo ao azar.<\/p>\n\n\n\n<p class=\"wp-block-paragraph\">&#8220;Para ser honesto, Max n\u00e3o fez muita coisa, na minha opini\u00e3o. Estava mais ou menos em linha reta&#8221;, apontou. &#8220;Temos de deixar o espa\u00e7o de um carro, e acho que havia isso e ainda tinha zebra \u00e0 esquerda e nenhum muro&#8221;, avaliou.<\/p>\n\n\n\n<p class=\"wp-block-paragraph\">&#8220;Creio que os comiss\u00e1rios se envolveram muito no fim de semana passado, mas isso \u00e9 somente opini\u00e3o pessoal. Para mim, o que aconteceu foi apenas corrida normal&#8221;, refor\u00e7ou.<\/p>\n\n\n\n<figure class=\"wp-block-image size-full\"><img decoding=\"async\" src=\"https:\/\/www.grandepremio.com\/br\/wp-content\/uploads\/2024\/06\/SI202406090572-1.jpg\" alt=\"\" class=\"wp-image-825570\"\/><figcaption class=\"wp-element-caption\">Verstappen e Norris se acharam na \u00c1ustria (Foto: Red Bull Content Pool)<\/figcaption><\/figure>\n\n\n\n<p class=\"wp-block-paragraph\">Os dois pilotos tiveram pneu furado depois do confronto. Norris abandonou a corrida, enquanto Verstappen ainda conseguiu se manter nos pontos, mesmo punido.<\/p>\n\n\n\n<p class=\"wp-block-paragraph\">&#8220;S\u00f3 corrida e quase nenhum contato. O contato foi pequeno, n\u00e3o acho que podia ter sido menos que aquilo. Foi uma pena que aquele contato tenha danificado os dois carros, mas normalmente voc\u00ea escapa com esse tipo de contato. Ficou parecendo que foi muito duro e dram\u00e1tico. Mas, para mim, foi normal&#8221;, finalizou.<\/p>\n\n\n\n<p class=\"wp-block-paragraph\">Ap\u00f3s o acidente, <strong><a href=\"https:\/\/www.grandepremio.com\/br\/f1\/noticias\/lando-norris-diz-vai-perder-muito-respeito-max-verstappen-nao-admitir-culpa-austria\/\">Norris<\/a><\/strong> e a <strong>McLaren<\/strong> <strong><a href=\"https:\/\/www.grandepremio.com\/br\/f1\/noticias\/mclaren-pede-fia-reveja-regra-lando-norris-max-verstappen-nao-queremos-2021\/\">jogaram duro<\/a><\/strong> com Verstappen, <strong><a href=\"https:\/\/www.grandepremio.com\/br\/f1\/noticias\/max-verstappen-se-recusa-admitir-culpa-batida-lando-norris-austria-facil-julgar\/\">que se defendeu<\/a><\/strong> e <a href=\"https:\/\/www.grandepremio.com\/br\/f1\/noticias\/red-bull-ve-criticas-mclaren-como-erradas-injustas-diz-max-verstappen-nao-vai-mudar\/\"><strong>foi resguardado<\/strong><\/a> pela <strong>Red Bull<\/strong>. J\u00e1 em Silverstone, os <strong><a href=\"https:\/\/www.grandepremio.com\/br\/f1\/noticias\/max-verstappen-diz-amizade-lando-norris-importa-insiste-nao-exagerei\/\">dois pilotos<\/a><\/strong> colocaram <strong><a href=\"https:\/\/www.grandepremio.com\/br\/f1\/noticias\/lando-norris-muda-tom-quer-evitar-embate-austria-max-verstappen-f1\/\">panos quentes<\/a><\/strong> na situa\u00e7\u00e3o.<\/p>\n\n\n\n<p class=\"wp-block-paragraph\">O&nbsp;<strong>GRANDE PR\u00caMIO<\/strong>&nbsp;acompanha<strong>&nbsp;<a href=\"https:\/\/www.grandepremio.com\/br\/ao-vivo\/f1\/\" target=\"_blank\" rel=\"noreferrer noopener\">AO VIVO<\/a><\/strong><a href=\"https:\/\/www.grandepremio.com\/br\/ao-vivo\/f1\/\" target=\"_blank\" rel=\"noreferrer noopener\">&nbsp;e&nbsp;<strong>EM&nbsp;<\/strong><\/a><a href=\"https:\/\/www.grandepremio.com\/br\/ao-vivo\/\" target=\"_blank\" rel=\"noreferrer noopener\"><strong>TEMPO REAL<\/strong><\/a>&nbsp;todas as atividades do&nbsp;<strong>GP da Inglaterra<\/strong>&nbsp;de&nbsp;<a href=\"https:\/\/www.grandepremio.com\/br\/f1\/\" target=\"_blank\" rel=\"noreferrer noopener\">F\u00f3rmula 1<\/a>&nbsp;e transmite classifica\u00e7\u00e3o e corrida em segunda tela, em parceria com a Voz do Esporte, na<strong>&nbsp;<a href=\"https:\/\/www.youtube.com\/c\/GrandePremioTV\/streams\" target=\"_blank\" rel=\"noreferrer noopener\">GPTV, o canal do GP no Youtube<\/a><\/strong>. Al\u00e9m disso, debate tudo que aconteceu na pista com o&nbsp;<strong>Briefing&nbsp;<\/strong>ap\u00f3s treinos livres e classifica\u00e7\u00e3o, al\u00e9m de antes e depois da corrida. Na sexta-feira (5), os pilotos realizam o&nbsp;<strong>primeiro treino livre<\/strong>&nbsp;do fim semana&nbsp;\u00e0s&nbsp;<strong>8h30<\/strong>&nbsp;(de Bras\u00edlia, GMT-3), e o&nbsp;<strong>segundo treino livre<\/strong>&nbsp;\u00e0s&nbsp;<strong>12h<\/strong>. No s\u00e1bado (6), \u00e0s&nbsp;<strong>7h30<\/strong>, acontece a&nbsp;<strong>terceira e \u00faltima sess\u00e3o de treinos<\/strong>, ao passo que a&nbsp;<strong>classifica\u00e7\u00e3o&nbsp;<\/strong>ser\u00e1 \u00e0s&nbsp;<strong>11h<\/strong>. Por fim, no domingo (7), os pilotos disputam a&nbsp;<strong>corrida&nbsp;<\/strong>em&nbsp;<strong><a href=\"https:\/\/www.grandepremio.com\/br\/circuito\/silverstone\/\" target=\"_blank\" rel=\"noreferrer noopener\">Silverstone<\/a><\/strong>&nbsp;a partir das&nbsp;<strong>11h<\/strong>.<\/p>\n\n\n\n<p class=\"wp-block-paragraph\">\u25b6\ufe0f\u00a0<strong>Inscreva-se nos dois canais do GRANDE PR\u00caMIO no YouTube:\u00a0<a href=\"https:\/\/www.youtube.com\/channel\/UC9OlHEgxoaY6QY6nWPoiqQg?sub_confirmation=1\" target=\"_blank\" rel=\"noreferrer noopener\">GP<\/a>\u00a0|\u00a0<a href=\"https:\/\/www.youtube.com\/channel\/UC9csiS6q_C3C0FYhyr1rnFA?sub_confirmation=1\" target=\"_blank\" rel=\"noreferrer noopener\">GP2<\/a><\/strong><br>\u25b6\ufe0f <strong>LEIA TAMB\u00c9M:<a href=\"https:\/\/www.grandepremio.com\/br\/f1\/noticias\/restam-6-grid-formula-1-2025-confirmacao-oliver-bearman-haas\/\">Restam 6: como est\u00e1 grid da F1 2025 ap\u00f3s confirma\u00e7\u00e3o de Bearman na Haas<\/a><\/strong><\/p>\n\n\n\n<figure class=\"wp-block-video\"><video class=\"video-js vjs-big-play-centered\" data-gp-vjs=\"1\" controls src=\"https:\/\/www.grandepremio.com\/br\/wp-content\/uploads\/2024\/06\/2024_06_30_Verstappen_Norris.mp4\"><\/video><figcaption class=\"wp-element-caption\">Acidente de Verstappen e Norris (V\u00eddeo: Sky)<\/figcaption><\/figure>\n\n\n\n<figure class=\"wp-block-embed is-type-video is-provider-youtube wp-block-embed-youtube wp-embed-aspect-16-9 wp-has-aspect-ratio\"><div class=\"wp-block-embed__wrapper\">\n<iframe loading=\"lazy\" title=\"Norris PERDOA Verstappen? BEARMAN na HAAS: TUDO do GP da Inglaterra da F1 2024 | WGP\" width=\"500\" height=\"281\" src=\"https:\/\/www.youtube.com\/embed\/eIX-ZxV-rJM?feature=oembed\" frameborder=\"0\" allow=\"accelerometer; autoplay; clipboard-write; encrypted-media; gyroscope; picture-in-picture; web-share\" referrerpolicy=\"strict-origin-when-cross-origin\" allowfullscreen><\/iframe>\n<\/div><figcaption class=\"wp-element-caption\">Norris PERDOA Verstappen? BEARMAN na HAAS: TUDO do GP da Inglaterra da F1 2024 | WGP<\/figcaption><\/figure>\n","protected":false},"excerpt":{"rendered":"<p>Nico H\u00fclkenberg defendeu que o acidente entre Max Verstappen e Lando Norris na \u00c1ustria foi nada mais que corrida normal e justa<\/p>\n","protected":false},"author":0,"featured_media":1000833565,"comment_status":"closed","ping_status":"closed","sticky":false,"template":"","format":"standard","meta":{"42wp_featured_image_caption":"","42wp_featured_image_credits":"","42wp_featured_video":"","42wp_featured_image_hidden":false,"42wp_authors_list":[],"footnotes":""},"categories":[2],"tags":[487,5660,3230,642,40152,1505,40153,40154,119,547,203,90,1521,2477,204,3632,1703],"42wp_author":[47120],"class_list":["post-71509","post","type-post","status-publish","format-standard","has-post-thumbnail","hentry","category-f1","tag-acidente","tag-classificacao","tag-f1-2024","tag-f1-ao-vivo","tag-fim-de-semana-inglaterra","tag-gp-da-inglaterra","tag-gp-gra-bretanha","tag-gp-silverstone","tag-haas","tag-lando-norris","tag-max-verstappen","tag-mclaren","tag-nico-hulkenberg","tag-punicao","tag-red-bull","tag-silverstone","tag-treta","42wp_author-pedro-henrique-marum"],"_links":{"self":[{"href":"https:\/\/grandepremio.com\/br\/wp-json\/wp\/v2\/posts\/71509","targetHints":{"allow":["GET"]}}],"collection":[{"href":"https:\/\/grandepremio.com\/br\/wp-json\/wp\/v2\/posts"}],"about":[{"href":"https:\/\/grandepremio.com\/br\/wp-json\/wp\/v2\/types\/post"}],"replies":[{"embeddable":true,"href":"https:\/\/grandepremio.com\/br\/wp-json\/wp\/v2\/comments?post=71509"}],"version-history":[{"count":0,"href":"https:\/\/grandepremio.com\/br\/wp-json\/wp\/v2\/posts\/71509\/revisions"}],"wp:featuredmedia":[{"embeddable":true,"href":"https:\/\/grandepremio.com\/br\/wp-json\/wp\/v2\/media\/1000833565"}],"wp:attachment":[{"href":"https:\/\/grandepremio.com\/br\/wp-json\/wp\/v2\/media?parent=71509"}],"wp:term":[{"taxonomy":"category","embeddable":true,"href":"https:\/\/grandepremio.com\/br\/wp-json\/wp\/v2\/categories?post=71509"},{"taxonomy":"post_tag","embeddable":true,"href":"https:\/\/grandepremio.com\/br\/wp-json\/wp\/v2\/tags?post=71509"},{"taxonomy":"42wp_author","embeddable":true,"href":"https:\/\/grandepremio.com\/br\/wp-json\/wp\/v2\/42wp_author?post=71509"}],"curies":[{"name":"wp","href":"https:\/\/api.w.org\/{rel}","templated":true}]}}