{"id":71558,"date":"2024-07-04T12:00:36","date_gmt":"2024-07-04T15:00:36","guid":{"rendered":"https:\/\/grandepremio.com\/br\/noticias\/daniel-ricciardo-critica-postura-mclaren-defende-dna-max-verstappen-sempre-foi-assim\/"},"modified":"2024-07-04T12:09:52","modified_gmt":"2024-07-04T15:09:52","slug":"daniel-ricciardo-critica-postura-mclaren-defende-dna-max-verstappen-sempre-foi-assim","status":"publish","type":"post","link":"https:\/\/grandepremio.com\/br\/f1\/daniel-ricciardo-critica-postura-mclaren-defende-dna-max-verstappen-sempre-foi-assim\/","title":{"rendered":"Ricciardo critica postura da McLaren e defende &#8220;DNA&#8221; de Verstappen: &#8220;Sempre foi assim&#8221;"},"content":{"rendered":"\n<p class=\"wp-block-paragraph\">Ex-companheiro de equipe de <strong>Max Verstappen<\/strong> na <strong>Red Bull<\/strong>, <strong>Daniel Ricciardo<\/strong> decidiu dar o seu veredito <a href=\"https:\/\/www.grandepremio.com\/br\/f1\/noticias\/max-verstappen-fecha-porta-causa-acidente-lando-norris-entrega-vitoria-george-russell-austria\/\">sobre o duelo<\/a> entre o neerland\u00eas e <strong>Lando Norris<\/strong> durante as voltas finais do <strong>GP da \u00c1ustria<\/strong>, <a href=\"https:\/\/www.grandepremio.com\/br\/f1\/noticias\/george-russell-vitoria-cair-colo-batida-lando-norris-max-verstappen-gp-austria-f1\/\">realizado no \u00faltimo domingo (30)<\/a>. Embora tenha destacado que a agressividade nas pistas &#8220;est\u00e1 no DNA&#8221; do dono do <strong>RB20 #1<\/strong>, o australiano afirmou que a <strong>McLaren<\/strong> fez o acidente parecer muito pior do que realmente foi.<\/p>\n\n\n\n<p class=\"wp-block-paragraph\">Chefe do time laranja-papaia, <strong>Andrea Stella<\/strong> foi um dos mais vocais ao <a href=\"https:\/\/www.grandepremio.com\/br\/f1\/noticias\/mclaren-pede-fia-reveja-regra-lando-norris-max-verstappen-nao-queremos-2021\/\">tecer cr\u00edticas sobre a conduta defensiva<\/a> de Verstappen no <strong>Red Bull Ring<\/strong>, e o italiano <a href=\"https:\/\/www.grandepremio.com\/br\/f1\/noticias\/mclaren-pede-fia-reveja-regra-lando-norris-max-verstappen-nao-queremos-2021\/\">at\u00e9 mesmo culpou a<\/a> <strong>Federa\u00e7\u00e3o Internacional de Automobilismo<\/strong> (<strong>FIA<\/strong>) por n\u00e3o ter colocado um limite nas atitudes do neerland\u00eas l\u00e1 em 2021, quando o mesmo travou batalhas acirradas contra <strong>Lewis Hamilton<\/strong> na briga pelo t\u00edtulo.<\/p>\n\n\n\n<p class=\"wp-block-paragraph\">Ricciardo, por sua vez, achou injusta tal compara\u00e7\u00e3o feita pelo l\u00edder da McLaren e destacou o amadurecimento do companheiro de <strong>Sergio P\u00e9rez<\/strong> ao longo dos \u00faltimos anos. &#8220;Acho que, ao fazer refer\u00eancia a algo de alguns anos atr\u00e1s, parece que as pessoas est\u00e3o massacrando Max por isso&#8221;, disse o piloto da <strong>RB<\/strong> (<strong>Visa Cash App RB<\/strong>) ao portal neerland\u00eas <em>RacingNews365<\/em>.<\/p>\n\n\n\n<p class=\"wp-block-paragraph\">&#8220;Parece que as coisas sa\u00edram um pouco de propor\u00e7\u00e3o. Quando digo que ele [Verstappen] n\u00e3o mudou, me refiro \u00e0 maneira como ele corre, entregando tudo na pista.\u00a0E \u00e9 isso que muitos torcedores admiram nele&#8221;, continuou. &#8220;Se acho que ele amadureceu desde o come\u00e7o da carreira? Com certeza. N\u00e3o \u00e9 como se ele estivesse se colocando nessas posi\u00e7\u00f5es [de duelo] o tempo todo. N\u00e3o acho que realmente precisemos discutir sobre isso no momento&#8221;, declarou o #3.<\/p>\n\n\n\n<figure class=\"wp-block-image size-large\"><img decoding=\"async\" src=\"https:\/\/www.grandepremio.com\/br\/wp-content\/uploads\/2021\/02\/SI201805200509_hires_jpeg_24bit_rgb-1024x683.jpg\" alt=\"\" class=\"wp-image-450694\"\/><figcaption class=\"wp-element-caption\">Daniel Ricciardo e Max Verstappen foram companheiros na Red Bull (Foto: Red Bull Content Pool)<\/figcaption><\/figure>\n\n\n\n<p class=\"wp-block-paragraph\"><strong><img decoding=\"async\" src=\"https:\/\/a.slack-edge.com\/production-standard-emoji-assets\/14.0\/google-medium\/25b6-fe0f.png\" alt=\":seta_para_frente:\">\u00a0Inscreva-se nos dois canais do GRANDE PR\u00caMIO no YouTube:\u00a0<a href=\"https:\/\/www.youtube.com\/channel\/UC9OlHEgxoaY6QY6nWPoiqQg?sub_confirmation=1\" target=\"_blank\" rel=\"noreferrer noopener\">GP<\/a>\u00a0|\u00a0<a href=\"https:\/\/www.youtube.com\/channel\/UC9csiS6q_C3C0FYhyr1rnFA?sub_confirmation=1\" target=\"_blank\" rel=\"noreferrer noopener\">GP2<\/a><\/strong><br><strong><img decoding=\"async\" src=\"https:\/\/a.slack-edge.com\/production-standard-emoji-assets\/14.0\/google-medium\/25b6-fe0f.png\" alt=\":seta_para_frente:\">\u00a0LEIA TAMB\u00c9M:<a href=\"https:\/\/www.grandepremio.com\/br\/f1\/noticias\/restam-6-grid-formula-1-2025-confirmacao-oliver-bearman-haas\/\">Restam 6: como est\u00e1 grid da F1 2025 ap\u00f3s confirma\u00e7\u00e3o de Bearman na Haas<\/a><\/strong><\/p>\n\n\n\n<p class=\"wp-block-paragraph\">Ao comentar sobre o assunto, Ricciardo lembrou do incidente entre ele e Verstappen no <strong>GP do Azerbaij\u00e3o de 2018<\/strong>, quando os dois acabaram se chocando durante uma disputa na reta principal do circuito de <strong>Baku<\/strong> e tiveram de abandonar a prova. Desta forma, o natural de Perth sabe que \u00e9 sempre muito dif\u00edcil disputar posi\u00e7\u00e3o com o tricampe\u00e3o, j\u00e1 que o mesmo nunca cede o m\u00ednimo espa\u00e7o na pista.<\/p>\n\n\n\n<p class=\"wp-block-paragraph\">&#8220;Ningu\u00e9m neste esporte quer ser aquele que sofre bullying \u2014 voc\u00ea quer se manter firme contra todos. Obviamente, \u00e9 a sua reputa\u00e7\u00e3o que est\u00e1 em jogo tamb\u00e9m.\u00a0E quando os outros pilotos chegam at\u00e9 voc\u00ea na pista, voc\u00ea n\u00e3o quer que eles pensem &#8216;ah, esse cara vai ser f\u00e1cil para mim&#8217;.\u00a0Voc\u00ea sempre quer ir at\u00e9 ao limite, e sabemos que Max, desde o primeiro dia, sempre foi assim&#8221;, observou Daniel.<\/p>\n\n\n\n<p class=\"wp-block-paragraph\">&#8220;E acho que naturalmente est\u00e1 no DNA dele, ele \u00e9 um competidor duro. Ent\u00e3o n\u00e3o \u00e9 algo sobre o qual ele tenha de realmente refletir muito. \u00c9 assim que ele corre. \u00c9 meio incondicional que voc\u00ea ter\u00e1 uma batalha dura contra ele&#8221;, finalizou.<\/p>\n\n\n\n<p class=\"wp-block-paragraph\">O\u00a0<strong>GRANDE PR\u00caMIO<\/strong>\u00a0acompanha<strong>\u00a0<a href=\"https:\/\/www.grandepremio.com\/br\/ao-vivo\/f1\/\" target=\"_blank\" rel=\"noreferrer noopener\">AO VIVO<\/a><\/strong><a href=\"https:\/\/www.grandepremio.com\/br\/ao-vivo\/f1\/\" target=\"_blank\" rel=\"noreferrer noopener\">\u00a0e\u00a0<strong>EM\u00a0<\/strong><\/a><a href=\"https:\/\/www.grandepremio.com\/br\/ao-vivo\/\" target=\"_blank\" rel=\"noreferrer noopener\"><strong>TEMPO REAL<\/strong><\/a>\u00a0todas as atividades do\u00a0<strong>GP da Inglaterra<\/strong>\u00a0de\u00a0<a href=\"https:\/\/www.grandepremio.com\/br\/f1\/\" target=\"_blank\" rel=\"noreferrer noopener\">F\u00f3rmula 1<\/a>\u00a0e transmite classifica\u00e7\u00e3o e corrida em segunda tela, em parceria com a Voz do Esporte, na<strong>\u00a0<a href=\"https:\/\/www.youtube.com\/c\/GrandePremioTV\/streams\" target=\"_blank\" rel=\"noreferrer noopener\">GPTV, o canal do GP no Youtube<\/a><\/strong>. Al\u00e9m disso, debate tudo que aconteceu na pista com o\u00a0<strong>Briefing\u00a0<\/strong>ap\u00f3s treinos livres e classifica\u00e7\u00e3o, al\u00e9m de antes e depois da corrida. Na sexta-feira (5), os pilotos realizam o\u00a0<strong>primeiro treino livre<\/strong>\u00a0do fim semana\u00a0\u00e0s\u00a0<strong>8h30<\/strong>\u00a0(de Bras\u00edlia, GMT-3), e o\u00a0<strong>segundo treino livre<\/strong>\u00a0\u00e0s\u00a0<strong>12h<\/strong>. No s\u00e1bado (6), \u00e0s\u00a0<strong>7h30<\/strong>, acontece a\u00a0<strong>terceira e \u00faltima sess\u00e3o de treinos<\/strong>, ao passo que a\u00a0<strong>classifica\u00e7\u00e3o\u00a0<\/strong>ser\u00e1 \u00e0s\u00a0<strong>11h<\/strong>. Por fim, no domingo (7), os pilotos disputam a\u00a0<strong>corrida\u00a0<\/strong>em\u00a0<strong><a href=\"https:\/\/www.grandepremio.com\/br\/circuito\/silverstone\/\" target=\"_blank\" rel=\"noreferrer noopener\">Silverstone<\/a><\/strong>\u00a0a partir das\u00a0<strong>11h<\/strong>.<\/p>\n\n\n\n<figure class=\"wp-block-embed is-type-video is-provider-youtube wp-block-embed-youtube wp-embed-aspect-16-9 wp-has-aspect-ratio\"><div class=\"wp-block-embed__wrapper\">\n<iframe loading=\"lazy\" title=\"Norris PERDOA Verstappen? BEARMAN na HAAS: TUDO do GP da Inglaterra da F1 2024 | WGP\" width=\"500\" height=\"281\" src=\"https:\/\/www.youtube.com\/embed\/eIX-ZxV-rJM?feature=oembed\" frameborder=\"0\" allow=\"accelerometer; autoplay; clipboard-write; encrypted-media; gyroscope; picture-in-picture; web-share\" referrerpolicy=\"strict-origin-when-cross-origin\" allowfullscreen><\/iframe>\n<\/div><\/figure>\n","protected":false},"excerpt":{"rendered":"<p>De acordo com Daniel Ricciardo, a McLaren &#8220;tirou de propor\u00e7\u00e3o&#8221; o acidente entre Max Verstappen e Lando Norris no GP da \u00c1ustria, fazendo-o parecer muito pior do que realmente foi<\/p>\n","protected":false},"author":0,"featured_media":1000832283,"comment_status":"closed","ping_status":"closed","sticky":false,"template":"","format":"standard","meta":{"42wp_featured_image_caption":"","42wp_featured_image_credits":"","42wp_featured_video":"","42wp_featured_image_hidden":false,"42wp_authors_list":[],"footnotes":""},"categories":[2],"tags":[5660,969,211,147,3230,642,160,180,30909,1505,40159,1491,30103,28285,203,90,204],"42wp_author":[47160],"class_list":["post-71558","post","type-post","status-publish","format-standard","has-post-thumbnail","hentry","category-f1","tag-classificacao","tag-corrida","tag-daniel-ricciardo","tag-f1","tag-f1-2024","tag-f1-ao-vivo","tag-f1-tv","tag-formula-1","tag-formula-1-2024","tag-gp-da-inglaterra","tag-gp-da-inglaterra-2024","tag-grande-premio","tag-grande-premio-f1","tag-grandepremio","tag-max-verstappen","tag-mclaren","tag-red-bull","42wp_author-vicente-soella"],"_links":{"self":[{"href":"https:\/\/grandepremio.com\/br\/wp-json\/wp\/v2\/posts\/71558","targetHints":{"allow":["GET"]}}],"collection":[{"href":"https:\/\/grandepremio.com\/br\/wp-json\/wp\/v2\/posts"}],"about":[{"href":"https:\/\/grandepremio.com\/br\/wp-json\/wp\/v2\/types\/post"}],"replies":[{"embeddable":true,"href":"https:\/\/grandepremio.com\/br\/wp-json\/wp\/v2\/comments?post=71558"}],"version-history":[{"count":0,"href":"https:\/\/grandepremio.com\/br\/wp-json\/wp\/v2\/posts\/71558\/revisions"}],"wp:featuredmedia":[{"embeddable":true,"href":"https:\/\/grandepremio.com\/br\/wp-json\/wp\/v2\/media\/1000832283"}],"wp:attachment":[{"href":"https:\/\/grandepremio.com\/br\/wp-json\/wp\/v2\/media?parent=71558"}],"wp:term":[{"taxonomy":"category","embeddable":true,"href":"https:\/\/grandepremio.com\/br\/wp-json\/wp\/v2\/categories?post=71558"},{"taxonomy":"post_tag","embeddable":true,"href":"https:\/\/grandepremio.com\/br\/wp-json\/wp\/v2\/tags?post=71558"},{"taxonomy":"42wp_author","embeddable":true,"href":"https:\/\/grandepremio.com\/br\/wp-json\/wp\/v2\/42wp_author?post=71558"}],"curies":[{"name":"wp","href":"https:\/\/api.w.org\/{rel}","templated":true}]}}