{"id":71610,"date":"2024-07-04T06:04:00","date_gmt":"2024-07-04T09:04:00","guid":{"rendered":"https:\/\/grandepremio.com\/br\/noticias\/haas-confirma-expectativa-anuncia-oliver-bearman-como-titular-f1-2025\/"},"modified":"2024-07-04T08:02:51","modified_gmt":"2024-07-04T11:02:51","slug":"haas-confirma-expectativa-anuncia-oliver-bearman-como-titular-f1-2025","status":"publish","type":"post","link":"https:\/\/grandepremio.com\/br\/f1\/haas-confirma-expectativa-anuncia-oliver-bearman-como-titular-f1-2025\/","title":{"rendered":"Haas confirma expectativa e anuncia Bearman como titular na F\u00f3rmula 1 2025"},"content":{"rendered":"\n<p class=\"wp-block-paragraph\">Confirmando o que <a href=\"https:\/\/www.grandepremio.com\/br\/f1\/noticias\/haas-espera-gp-inglaterra-anuncio-oliver-bearman-temporada-2025-formula-1\/\">j\u00e1 era esperado h\u00e1 algum tempo<\/a>, a <strong>Haas<\/strong> anunciou que <strong>Oliver Bearman<\/strong> vai ocupar um dos assentos na equipe para a disputa da temporada 2025 da <strong>F\u00f3rmula 1<\/strong>. O comunicado do time comandado por <strong>Ayao Komatsu<\/strong> foi feito nesta quinta-feira (4), antes do fim de semana da corrida caseira do brit\u00e2nico de 19 anos, em <strong>Silverstone<\/strong>. O acordo \u00e9 multianual.<\/p>\n\n\n\n<p class=\"wp-block-paragraph\">Ap\u00f3s a sa\u00edda de <strong>Nico H\u00fclkenberg<\/strong> para a <strong>Sauber<\/strong> \u2014 que vai virar <strong>Audi<\/strong> em 2026 \u2014, <a href=\"https:\/\/www.grandepremio.com\/br\/f1\/noticias\/nico-hulkenberg-faz-acordo-multianual-audi-corre-sauber-temporada-2025-f1\/\">confirmada no fim de abril<\/a>, e o futuro incerto de <strong>Kevin Magnussen<\/strong>, que ainda n\u00e3o tem acordo para o pr\u00f3ximo ano, Bearman se tornou o primeiro nome certo na Haas para 2025.<\/p>\n\n\n\n<p class=\"wp-block-paragraph\">Disputando a sua segunda temporada na <strong>F\u00f3rmula 2<\/strong> com a <strong>Prema<\/strong>, o brit\u00e2nico ocupa atualmente a 14\u00aa posi\u00e7\u00e3o no campeonato de Pilotos, com 28 pontos somados. Ainda sem conseguir vencer uma corrida principal no certame, Bearman <a href=\"https:\/\/www.grandepremio.com\/br\/f2\/noticias\/oliver-bearman-resiste-pressao-sprint-austria-enfim-vence-1a-f2-2024-gabriel-bortoleto-4o\/\">subiu no degrau mais alto do p\u00f3dio<\/a> no <strong>GP da \u00c1ustria<\/strong>, realizado no \u00faltimo fim de semana, tendo <strong>Josep Mar\u00eda Mart\u00ed<\/strong> e <strong>Paul Aron<\/strong> ao seu lado.<\/p>\n\n\n\n<figure class=\"wp-block-image size-full\"><img decoding=\"async\" src=\"https:\/\/www.grandepremio.com\/br\/wp-content\/uploads\/2024\/07\/Bearman-F2-Austria2.jpg\" alt=\"\" class=\"wp-image-835767\"\/><figcaption class=\"wp-element-caption\">Oliver Bearman venceu a corrida 1 da F2 na \u00c1ustria (Foto: F2)<\/figcaption><\/figure>\n\n\n\n<p class=\"wp-block-paragraph\"><strong><img decoding=\"async\" src=\"https:\/\/a.slack-edge.com\/production-standard-emoji-assets\/14.0\/google-medium\/25b6-fe0f.png\" alt=\":seta_para_frente:\">&nbsp;Inscreva-se nos dois canais do GRANDE PR\u00caMIO no YouTube:&nbsp;<a href=\"https:\/\/www.youtube.com\/channel\/UC9OlHEgxoaY6QY6nWPoiqQg?sub_confirmation=1\" target=\"_blank\" rel=\"noreferrer noopener\">GP<\/a>&nbsp;|&nbsp;<a href=\"https:\/\/www.youtube.com\/channel\/UC9csiS6q_C3C0FYhyr1rnFA?sub_confirmation=1\" target=\"_blank\" rel=\"noreferrer noopener\">GP2<\/a><\/strong><br><strong><img decoding=\"async\" src=\"https:\/\/a.slack-edge.com\/production-standard-emoji-assets\/14.0\/google-medium\/25b6-fe0f.png\" alt=\":seta_para_frente:\">&nbsp;LEIA TAMB\u00c9M:&nbsp;<a href=\"https:\/\/www.grandepremio.com\/br\/f1\/noticias\/opiniao-gp-gp-da-austria-licao-definitiva-lando-norris-f1-ou-racha-ou-nao-vai\/\">GP da \u00c1ustria \u00e9 li\u00e7\u00e3o definitiva para Norris na F1: ou racha ou n\u00e3o vai<\/a><\/strong><\/p>\n\n\n\n<p class=\"wp-block-paragraph\">&#8220;\u00c9 dif\u00edcil expressar em palavras o quanto isso significa para mim\u201d, come\u00e7ou Bearman no comunicado emitido pelo time americano. &#8220;Dizer em voz alta que serei piloto da Haas na F\u00f3rmula 1 me deixa imensamente orgulhoso&#8221;, acrescentou.<\/p>\n\n\n\n<p class=\"wp-block-paragraph\">&#8220;Ser uma das poucas pessoas que consegue fazer aquilo que sonhava quando crian\u00e7a \u00e9 algo verdadeiramente incr\u00edvel. A Gene, Ayao e a todos na Haas, obrigado por acreditarem em mim e por confiarem em mim para representar a equipe. Gostei muito de trabalhar com todos desde a primeira vez que nos conhecemos, no M\u00e9xico, estou ansioso para aproveitar este momento com eles e espero muitos outros no futuro&#8221;, continuou, estendendo ainda agradecimentos \u00e0 Ferrari, uma vez que &#8220;n\u00e3o estaria aqui sem voc\u00eas&#8221;. <\/p>\n\n\n\n<p class=\"wp-block-paragraph\">&#8220;Obrigado por me preparar desde a F4 para esta oportunidade incr\u00edvel, e sei que darei tudo o que tenho&#8221;, completou Bearman.<\/p>\n\n\n\n<p class=\"wp-block-paragraph\">Komatsu destacou que Oliver se tornou &#8220;um piloto incrivelmente maduro sob orienta\u00e7\u00e3o da Academia da Ferrari, e o mundo viu isso quando ele foi chamado no \u00faltimo instante para correr no GP da Ar\u00e1bia Saudita&#8221;<\/p>\n\n\n\n<p class=\"wp-block-paragraph\">&#8220;Oliver provou que estava mais do que pronto para a tarefa, e vimos isso quando ele assumiu o carro da Haas nos TL1s nas \u00faltimas duas temporadas. Estamos ansiosos por desenvolv\u00ea-lo ainda mais como piloto e colher os benef\u00edcios desse talento \u2014 tanto dentro quanto fora do carro. Oliver \u00e9 um cara legal e uma adi\u00e7\u00e3o muito bem-vinda \u00e0 equipe nos TL1. Agora sabemos que ser\u00e1 uma rela\u00e7\u00e3o de longo prazo, algo positivo para todos os envolvidos&#8221;, enfatizou.<\/p>\n\n\n\n<p class=\"wp-block-paragraph\">Por fim, o propriet\u00e1rio do time, <strong>Gene Haas<\/strong>, celebrou a oportunidade dada &#8220;ao promissor novato, n\u00e3o apenas levando em conta o que mostrou na <strong>Ar\u00e1bia Saudita<\/strong>, mas tamb\u00e9m ao longo deste tempo desenvolvendo a rela\u00e7\u00e3o com a nossa equipe&#8221;.<\/p>\n\n\n\n<p class=\"wp-block-paragraph\">&#8220;Estou pessoalmente empolgado para ver como ele vai crescer como piloto, e estamos ansiosos para v\u00ea-lo atuar na Haas na pr\u00f3xima temporada e adiante. Este \u00e9 um momento empolgante para a equipe. Assinar com Oliver mostra que continuamos a investir em talento, dentro e fora da pista, ao mesmo tempo em que competimos no mais alto n\u00edvel&#8221;, encerrou.<\/p>\n\n\n\n<figure class=\"wp-block-image size-full\"><img decoding=\"async\" src=\"https:\/\/www.grandepremio.com\/br\/wp-content\/uploads\/2024\/05\/fp1-gp-emilia-romanha-haas-oliver-bearman-01.jpg\" alt=\"\" class=\"wp-image-813809\"\/><figcaption class=\"wp-element-caption\">Oliver Bearman j\u00e1 vestiu as cores da Haas v\u00e1rias vezes na F1 (Foto: Haas)<\/figcaption><\/figure>\n\n\n\n<p class=\"wp-block-paragraph\">Em 2023, o pupilo da <strong>Ferrari<\/strong> encerrou o ano na <strong>F2<\/strong> em sexto lugar, vencendo quatro provas e acumulando 130 tentos no total. Foi tamb\u00e9m neste ano que Ollie, como \u00e9 chamado, fez sua estreia em um carro de\u00a0<strong>F1<\/strong>\u00a0durante um teste privado em\u00a0<strong>Fiorano<\/strong>,\u00a0com a\u00a0escuderia de Maranello. Al\u00e9m disso, ele participou de duas sess\u00f5es de treinos livres com Haas, nos GPs do <strong>M\u00e9xico<\/strong> e de <strong>Abu Dhabi<\/strong>.<\/p>\n\n\n\n<p class=\"wp-block-paragraph\">Antes, por\u00e9m, de chegar na principal categoria de acesso \u00e0 classe rainha, o atual companheiro de <strong>Andrea Kimi Antonelli<\/strong> registrou passagens pela <strong>F\u00f3rmula 3<\/strong> \u2014 terminando em terceiro, atr\u00e1s do franc\u00eas <strong>Victor Martins<\/strong> e do barbadiano <strong>Zane Maloney<\/strong> \u2014, <strong>F\u00f3rmula Regional Asi\u00e1tica<\/strong>, <strong>F4 Alem\u00e3<\/strong> e <strong>F4 Italiana<\/strong>, onde, inclusive, se sagrou campe\u00e3o, em 2021.<\/p>\n\n\n\n<p class=\"wp-block-paragraph\">No in\u00edcio de 2024, Bearman teve a oportunidade de participar da sua primeira corrida de F1, na Ar\u00e1bia Saudita. Na ocasi\u00e3o, o piloto titular da Ferrari, <strong>Carlos Sainz<\/strong>, precisou ser substitu\u00eddo com urg\u00eancia para tratar de uma apendicite, e Oliver foi o escolhido para ocupar o assento da <strong>SF-24<\/strong> em <strong>Jed\u00e1<\/strong>. Ap\u00f3s completar apenas um treino livre, o brit\u00e2nico se classificou na 11\u00aa posi\u00e7\u00e3o, recebendo a bandeira quadriculada em s\u00e9timo no dia seguinte. A performance lhe <a href=\"https:\/\/www.grandepremio.com\/br\/f1\/noticias\/red-bull-ve-estreia-sensacional-oliver-bearman-f1-questiona-ferrari-que-fazer-agora\/\">rendeu elogios<\/a> de outros pilotos, como dos compatriotas <strong>Lewis Hamilton<\/strong> e <strong>George Russell<\/strong>, por exemplo.<\/p>\n\n\n\n<p class=\"wp-block-paragraph\">Antes do an\u00fancio oficial feito pelo Haas, o time norte-americano j\u00e1 havia confirmado a<a href=\"https:\/\/www.grandepremio.com\/br\/f1\/noticias\/oliver-bearman-celebra-tl1-haas-silverstone-sonhos-uma-de-minhas-favoritas\/\"> participa\u00e7\u00e3o do brit\u00e2nico no TL1<\/a> do <strong>GP da Inglaterra<\/strong>, que acontece neste fim de semana.<\/p>\n\n\n\n<p class=\"wp-block-paragraph\">O&nbsp;<strong>GRANDE PR\u00caMIO<\/strong>&nbsp;acompanha<strong>&nbsp;<a href=\"https:\/\/www.grandepremio.com\/br\/ao-vivo\/f1\/\" target=\"_blank\" rel=\"noreferrer noopener\">AO VIVO<\/a><\/strong><a href=\"https:\/\/www.grandepremio.com\/br\/ao-vivo\/f1\/\" target=\"_blank\" rel=\"noreferrer noopener\">&nbsp;e&nbsp;<strong>EM&nbsp;<\/strong><\/a><a href=\"https:\/\/www.grandepremio.com\/br\/ao-vivo\/\" target=\"_blank\" rel=\"noreferrer noopener\"><strong>TEMPO REAL<\/strong><\/a>&nbsp;todas as atividades do&nbsp;<strong>GP da Inglaterra<\/strong> de&nbsp;<a href=\"https:\/\/www.grandepremio.com\/br\/f1\/\" target=\"_blank\" rel=\"noreferrer noopener\">F\u00f3rmula 1<\/a>&nbsp;e transmite classifica\u00e7\u00e3o e corrida em segunda tela, em parceria com a Voz do Esporte, na<strong>&nbsp;<a href=\"https:\/\/www.youtube.com\/c\/GrandePremioTV\/streams\" target=\"_blank\" rel=\"noreferrer noopener\">GPTV, o canal do GP no Youtube<\/a><\/strong>. Al\u00e9m disso, debate tudo que aconteceu na pista com o&nbsp;<strong>Briefing&nbsp;<\/strong>ap\u00f3s treinos livres e classifica\u00e7\u00e3o, al\u00e9m de antes e depois da corrida. Na sexta-feira (5), os pilotos realizam o <strong>primeiro treino livre<\/strong> do fim semana&nbsp;\u00e0s&nbsp;<strong>8h30<\/strong>&nbsp;(de Bras\u00edlia, GMT-3), e o <strong>segundo treino livre<\/strong> \u00e0s <strong>12h<\/strong>. No s\u00e1bado (6), \u00e0s&nbsp;<strong>7h30<\/strong>, acontece a <strong>terceira e \u00faltima sess\u00e3o de treinos<\/strong>, ao passo que a&nbsp;<strong>classifica\u00e7\u00e3o&nbsp;<\/strong>ser\u00e1 \u00e0s&nbsp;<strong>11h<\/strong>. Por fim, no domingo (7), os pilotos disputam a&nbsp;<strong>corrida&nbsp;<\/strong>em <strong>Silverstone<\/strong>&nbsp;a partir das&nbsp;<strong>11h<\/strong>.<\/p>\n\n\n\n<figure class=\"wp-block-embed is-type-video is-provider-youtube wp-block-embed-youtube wp-embed-aspect-16-9 wp-has-aspect-ratio\"><div class=\"wp-block-embed__wrapper\">\n<iframe loading=\"lazy\" title=\"McLaren ATACA, Red Bull DEFENDE + O que V\u00cdDEOS de Verstappen x Norris MOSTRAM? | TTGP #142\" width=\"500\" height=\"281\" src=\"https:\/\/www.youtube.com\/embed\/q7BxuevH7OY?feature=oembed\" frameborder=\"0\" allow=\"accelerometer; autoplay; clipboard-write; encrypted-media; gyroscope; picture-in-picture; web-share\" referrerpolicy=\"strict-origin-when-cross-origin\" allowfullscreen><\/iframe>\n<\/div><\/figure>\n","protected":false},"excerpt":{"rendered":"<p>An\u00fancio foi feito exatamente no fim de semana do GP da Inglaterra, corrida de casa de Oliver Bearman, que atualmente compete em sua segunda temporada na F\u00f3rmula 2<\/p>\n","protected":false},"author":0,"featured_media":1000822939,"comment_status":"closed","ping_status":"closed","sticky":false,"template":"","format":"standard","meta":{"42wp_featured_image_caption":"","42wp_featured_image_credits":"","42wp_featured_video":"","42wp_featured_image_hidden":false,"42wp_authors_list":[],"footnotes":""},"categories":[2],"tags":[5660,969,147,3230,642,160,180,30909,1505,40159,1491,30103,28285,119,29923,3632],"42wp_author":[47160],"class_list":["post-71610","post","type-post","status-publish","format-standard","has-post-thumbnail","hentry","category-f1","tag-classificacao","tag-corrida","tag-f1","tag-f1-2024","tag-f1-ao-vivo","tag-f1-tv","tag-formula-1","tag-formula-1-2024","tag-gp-da-inglaterra","tag-gp-da-inglaterra-2024","tag-grande-premio","tag-grande-premio-f1","tag-grandepremio","tag-haas","tag-oliver-bearman","tag-silverstone","42wp_author-vicente-soella"],"_links":{"self":[{"href":"https:\/\/grandepremio.com\/br\/wp-json\/wp\/v2\/posts\/71610","targetHints":{"allow":["GET"]}}],"collection":[{"href":"https:\/\/grandepremio.com\/br\/wp-json\/wp\/v2\/posts"}],"about":[{"href":"https:\/\/grandepremio.com\/br\/wp-json\/wp\/v2\/types\/post"}],"replies":[{"embeddable":true,"href":"https:\/\/grandepremio.com\/br\/wp-json\/wp\/v2\/comments?post=71610"}],"version-history":[{"count":0,"href":"https:\/\/grandepremio.com\/br\/wp-json\/wp\/v2\/posts\/71610\/revisions"}],"wp:featuredmedia":[{"embeddable":true,"href":"https:\/\/grandepremio.com\/br\/wp-json\/wp\/v2\/media\/1000822939"}],"wp:attachment":[{"href":"https:\/\/grandepremio.com\/br\/wp-json\/wp\/v2\/media?parent=71610"}],"wp:term":[{"taxonomy":"category","embeddable":true,"href":"https:\/\/grandepremio.com\/br\/wp-json\/wp\/v2\/categories?post=71610"},{"taxonomy":"post_tag","embeddable":true,"href":"https:\/\/grandepremio.com\/br\/wp-json\/wp\/v2\/tags?post=71610"},{"taxonomy":"42wp_author","embeddable":true,"href":"https:\/\/grandepremio.com\/br\/wp-json\/wp\/v2\/42wp_author?post=71610"}],"curies":[{"name":"wp","href":"https:\/\/api.w.org\/{rel}","templated":true}]}}