{"id":71772,"date":"2024-07-02T15:02:36","date_gmt":"2024-07-02T18:02:36","guid":{"rendered":"https:\/\/grandepremio.com\/br\/noticias\/felipe-massa-reage-retorno-flavio-briatore-f1-tem-muita-coisa-estranha-mundo\/"},"modified":"2024-07-04T18:12:42","modified_gmt":"2024-07-04T21:12:42","slug":"felipe-massa-reage-retorno-flavio-briatore-f1-tem-muita-coisa-estranha-mundo","status":"publish","type":"post","link":"https:\/\/grandepremio.com\/br\/f1\/felipe-massa-reage-retorno-flavio-briatore-f1-tem-muita-coisa-estranha-mundo\/","title":{"rendered":"Massa reage a retorno de Briatore na F1: &#8220;Tem muita coisa estranha no mundo&#8221;"},"content":{"rendered":"\n<p class=\"wp-block-paragraph\"><strong>Felipe Massa <\/strong><a href=\"https:\/\/www.grandepremio.com\/br\/f1\/noticias\/alpine-mostra-visita-e-agradece-retorno-flavio-briatore-f1-bom-ter-voce-em-enstone\/\">foi curto e grosso sobre o retorno de<\/a> <strong>Flavio Briatore <\/strong>na <strong>F\u00f3rmula 1<\/strong>. O dirigente italiano assumiu o posto de supervisor especial da <strong>Alpine<\/strong>, 15 anos depois da sa\u00edda do time de Enstone ap\u00f3s o esc\u00e2ndalo &#8216;Crashgate&#8217;, da batida proposital de <strong>Nelsinho Piquet <\/strong>no <strong>GP de Singapura <\/strong>de 2008. Briatore reverteu o banimento que recebeu na justi\u00e7a, mas s\u00f3 voltou ao Mundial agora em 2024.<\/p>\n\n\n\n<p class=\"wp-block-paragraph\">Antigo chefe de equipe da <strong>Renault<\/strong>, Flavio foi um dos piv\u00f4s e o mandat\u00e1rio do acidente de Piquet durante a primeira edi\u00e7\u00e3o do GP de Singapura, disputada na reta decisiva da F\u00f3rmula 1 2008, que tinha Massa, ent\u00e3o na <strong>Ferrari<\/strong>, disputando o t\u00edtulo contra <strong>Lewis Hamilton<\/strong>, \u00e0 \u00e9poca na <strong>McLaren<\/strong>. A batida, feita com inten\u00e7\u00e3o de beneficiar <strong>Fernando Alonso<\/strong>, prejudicou Felipe, que liderava a corrida e perdeu qualquer chance de triunfo ap\u00f3s um erro da Scuderia em um pit-stop.<\/p>\n\n\n\n<p class=\"wp-block-paragraph\">No fim, os pontos perdidos por Massa foram cruciais para a derrota ao fim do ano, vendo Hamilton campe\u00e3o mundial por apenas 1 ponto. <strong>Bernie Ecclestone<\/strong>, chef\u00e3o da <strong>F1 <\/strong>na \u00e9poca, deu um depoimento em mar\u00e7o de 2023 ao site alem\u00e3o F1 Insider afirmando que sabia da manipula\u00e7\u00e3o, mas decidiu n\u00e3o expor a informa\u00e7\u00e3o. Irritado, Felipe abriu uma a\u00e7\u00e3o judicial para ser reconhecido como campe\u00e3o mundial de 2008.<\/p>\n\n\n\n<p class=\"wp-block-paragraph\"><strong>&nbsp;Inscreva-se nos dois canais do GRANDE PR\u00caMIO no YouTube:&nbsp;<a href=\"https:\/\/www.youtube.com\/channel\/UC9OlHEgxoaY6QY6nWPoiqQg?sub_confirmation=1\" target=\"_blank\" rel=\"noreferrer noopener\">GP<\/a>&nbsp;|&nbsp;<a href=\"https:\/\/www.youtube.com\/channel\/UC9csiS6q_C3C0FYhyr1rnFA?sub_confirmation=1\" target=\"_blank\" rel=\"noreferrer noopener\">GP2<\/a><\/strong><\/p>\n\n\n\n<figure class=\"wp-block-image size-large\"><img decoding=\"async\" src=\"https:\/\/www.grandepremio.com\/br\/wp-content\/uploads\/2024\/06\/Flavio-Briatore-Alpine-1200x675.png\" alt=\"\" class=\"wp-image-829393\"\/><figcaption class=\"wp-element-caption\">Flavio Briatore foi escolhido para trabalhar na Alpine (Foto: Reprodu\u00e7\u00e3o\/BP)<\/figcaption><\/figure>\n\n\n\n<p class=\"wp-block-paragraph\">O esc\u00e2ndalo s\u00f3 veio \u00e0 tona em 2009, semanas depois de Nelsinho ser demitido da Renault. Ap\u00f3s investiga\u00e7\u00e3o, a FIA anunciou o banimento de Briatore e do diretor de engenharia Pat Symonds. Por\u00e9m, ambos banimentos foram revertidos, com Symonds eventualmente trabalhando at\u00e9 para a F\u00f3rmula 1.<\/p>\n\n\n\n<p class=\"wp-block-paragraph\">Abordado pelo site alem\u00e3o Motorsport-Total, Felipe evitou maiores coment\u00e1rios. &#8220;N\u00e3o tenho nada a dizer. A not\u00edcia fala por si s\u00f3. Tem muita coisa estranha no mundo&#8221;, afirmou o brasileiro, que deseja que a entidade m\u00e1xima admita que violou as pr\u00f3prias regras e que o considere tamb\u00e9m detentor do t\u00edtulo daquele ano. Al\u00e9m disso, ainda pede uma indeniza\u00e7\u00e3o de mais de um US$ 80 milh\u00f5es (aproximadamente R$ 400 milh\u00f5es).&nbsp;<\/p>\n\n\n\n<p class=\"wp-block-paragraph\">O processo de Massa foi ajuizado na&nbsp;<strong>King\u2019s Bench Division<\/strong>, que \u00e9 uma das tr\u00eas divis\u00f5es do Supremo Tribunal de Justi\u00e7a do Reino Unido. Felipe tenta provar que os r\u00e9us sabiam que o acidente durante a corrida em Marina Bay havia sido proposital. E que tomaram conhecimento antes mesmo da cerim\u00f4nia que consagrou&nbsp;<strong><a href=\"https:\/\/www.grandepremio.com\/br\/piloto\/lewis-hamilton\/\" target=\"_blank\" rel=\"noreferrer noopener\">Lewis Hamilton<\/a><\/strong>&nbsp;campe\u00e3o naquele ano. O texto ainda mostrou que, durante o GP do Brasil de 2008, o pai de Nelsinho,&nbsp;<strong>Nelson Piquet<\/strong>, notificou o ent\u00e3o diretor de prova, Charlie Whiting, que seu filho havia batido intencionalmente, por ordem do pessoal da equipe.<\/p>\n","protected":false},"excerpt":{"rendered":"<p>Felipe Massa diz que a not\u00edcia do retorno de Flavio Briatore na F\u00f3rmula &#8220;fala por si s\u00f3&#8221;. Empres\u00e1rio italiano voltou para o Mundial 15 anos depois da pol\u00eamica do &#8216;Crashgate&#8217; vir \u00e0 tona<\/p>\n","protected":false},"author":0,"featured_media":1000759912,"comment_status":"closed","ping_status":"closed","sticky":false,"template":"","format":"standard","meta":{"42wp_featured_image_caption":"","42wp_featured_image_credits":"","42wp_featured_video":"","42wp_featured_image_hidden":false,"42wp_authors_list":[],"footnotes":""},"categories":[2],"tags":[20491,26271,5273,147,2226,3230,504,885,180,30909,1491,28285,30840,35129,33301],"42wp_author":[47119],"class_list":["post-71772","post","type-post","status-publish","format-standard","has-post-thumbnail","hentry","category-f1","tag-alpine","tag-calendario-f1","tag-classificacao-f1","tag-f1","tag-f1-2008","tag-f1-2024","tag-felipe-massa","tag-flavio-briatore","tag-formula-1","tag-formula-1-2024","tag-grande-premio","tag-grandepremio","tag-horarios-f1","tag-onde-assistir-f1","tag-temporada-2024-f1","42wp_author-gabriel-carvalho"],"_links":{"self":[{"href":"https:\/\/grandepremio.com\/br\/wp-json\/wp\/v2\/posts\/71772","targetHints":{"allow":["GET"]}}],"collection":[{"href":"https:\/\/grandepremio.com\/br\/wp-json\/wp\/v2\/posts"}],"about":[{"href":"https:\/\/grandepremio.com\/br\/wp-json\/wp\/v2\/types\/post"}],"replies":[{"embeddable":true,"href":"https:\/\/grandepremio.com\/br\/wp-json\/wp\/v2\/comments?post=71772"}],"version-history":[{"count":0,"href":"https:\/\/grandepremio.com\/br\/wp-json\/wp\/v2\/posts\/71772\/revisions"}],"wp:featuredmedia":[{"embeddable":true,"href":"https:\/\/grandepremio.com\/br\/wp-json\/wp\/v2\/media\/1000759912"}],"wp:attachment":[{"href":"https:\/\/grandepremio.com\/br\/wp-json\/wp\/v2\/media?parent=71772"}],"wp:term":[{"taxonomy":"category","embeddable":true,"href":"https:\/\/grandepremio.com\/br\/wp-json\/wp\/v2\/categories?post=71772"},{"taxonomy":"post_tag","embeddable":true,"href":"https:\/\/grandepremio.com\/br\/wp-json\/wp\/v2\/tags?post=71772"},{"taxonomy":"42wp_author","embeddable":true,"href":"https:\/\/grandepremio.com\/br\/wp-json\/wp\/v2\/42wp_author?post=71772"}],"curies":[{"name":"wp","href":"https:\/\/api.w.org\/{rel}","templated":true}]}}