{"id":71793,"date":"2024-07-02T12:45:16","date_gmt":"2024-07-02T15:45:16","guid":{"rendered":"https:\/\/grandepremio.com\/br\/noticias\/alpine-escala-sophia-florsch-para-pilotar-lotus-e20-festival-de-goodwood\/"},"modified":"2024-07-02T13:18:27","modified_gmt":"2024-07-02T16:18:27","slug":"alpine-escala-sophia-florsch-para-pilotar-lotus-e20-festival-de-goodwood","status":"publish","type":"post","link":"https:\/\/grandepremio.com\/br\/f1\/alpine-escala-sophia-florsch-para-pilotar-lotus-e20-festival-de-goodwood\/","title":{"rendered":"Alpine escala Fl\u00f6rsch para pilotar Lotus E20 no Festival de Goodwood"},"content":{"rendered":"\n<p class=\"wp-block-paragraph\">Parte da academia de pilotos da <strong>Alpine<\/strong>, <strong>Sophia Fl\u00f6rsch<\/strong> est\u00e1 escalada para acelerar um carro de <strong><a href=\"https:\/\/www.grandepremio.com\/br\/f1\/\">F\u00f3rmula 1<\/a><\/strong> entre os dias 11 e 14 de julho. A alem\u00e3 vai estar no tradicional <strong>Festival de Goodwood<\/strong>, onde vai se exibir ao volante da <strong>Lotus E20<\/strong>, que disputou a temporada 2012 da categoria mais popular do automobilismo.<\/p>\n\n\n\n<p class=\"wp-block-paragraph\">Atualmente pilota da <strong>Van Amersfoort<\/strong> na <strong><a href=\"https:\/\/www.grandepremio.com\/br\/f3\/\">F\u00f3rmula 3<\/a><\/strong>, Fl\u00f6rsch est\u00e1 agendada para acelerar a Lotus no dia 14 de julho, \u00faltimo dia do festival. Esta ser\u00e1 a segunda experi\u00eancia da alem\u00e3 com um carro de F\u00f3rmula 1, que j\u00e1 pilotou a <strong>Brabham BT60B Judd<\/strong>, o \u00faltimo modelo da equipe brit\u00e2nica na categoria, usado na F1 1992. <\/p>\n\n\n\n<p class=\"wp-block-paragraph\">Na ocasi\u00e3o, Fl\u00f6rsch acelerou no GP hist\u00f3rico de Dubai de 2022 o mesmo carro que <strong>Giovanna Amati<\/strong> usava nas pr\u00e9-classifica\u00e7\u00f5es daquela temporada  \u2014 a italiana foi a \u00faltima mulher a fazer parte do grid da F\u00f3rmula 1.<\/p>\n\n\n\n<p class=\"wp-block-paragraph\">&#8220;\u00c9 uma oportunidade incr\u00edvel ter minha primeira experi\u00eancia com um F\u00f3rmula 1 em Goodwood. N\u00e3o poderia estar mais agradecida \u00e0 Alpine pela oportunidade de guiar o E20. Estar em um carro de F1 em um evento t\u00e3o especial, que seja a primeira de muitas&#8221;, declarou Fl\u00f6rsch.<\/p>\n\n\n\n<figure class=\"wp-block-image size-full\"><img decoding=\"async\" src=\"https:\/\/www.grandepremio.com\/br\/wp-content\/uploads\/2024\/07\/file_6301055926647111fc35d74.85315422.jpg\" alt=\"\" class=\"wp-image-835679\"\/><figcaption class=\"wp-element-caption\">Sophia Fl\u00f6rsch durante a temporada 2024 da F\u00f3rmula 3 (Foto: Reprodu\u00e7\u00e3o)<\/figcaption><\/figure>\n\n\n\n<p class=\"wp-block-paragraph\">Ao longo dos dias de festival, a alem\u00e3 vai dividir com outros dois pilotos da academia da Alpine o comando do E20. <strong>Jack Doohan<\/strong> e <strong>Kush Maini<\/strong>, companheiro de <strong>Gabriel Bortoletto<\/strong> na <strong>Invicta<\/strong> na <strong><a href=\"https:\/\/www.grandepremio.com\/br\/f2\/\">F\u00f3rmula 2<\/a><\/strong>, nos demais dia de evento.<\/p>\n\n\n\n<p class=\"wp-block-paragraph\">Quem promete estar presente em peso no evento \u00e9 a <strong>Red Bull<\/strong>. <strong>Max Verstappen<\/strong> vai acelerar o RB16B, carro com o qual ganhou o primeiro dos seus tr\u00eas t\u00edtulos mundiais, al\u00e9m de que o <strong>RB17<\/strong>, hipercarro de rua desenhado por <strong>Adrian Newey<\/strong>, ser\u00e1 apresentado no dia 12 de julho \u2014 ser\u00e3o produzida apenas 50 unidades.<\/p>\n\n\n\n<p class=\"wp-block-paragraph\"><strong>Inscreva-se nos dois canais do GRANDE PR\u00caMIO no YouTube:\u00a0<a href=\"https:\/\/www.youtube.com\/channel\/UC9OlHEgxoaY6QY6nWPoiqQg?sub_confirmation=1\" target=\"_blank\" rel=\"noreferrer noopener\">GP<\/a>\u00a0|\u00a0<a href=\"https:\/\/www.youtube.com\/channel\/UC9csiS6q_C3C0FYhyr1rnFA?sub_confirmation=1\" target=\"_blank\" rel=\"noreferrer noopener\">GP2<\/a><\/strong><\/p>\n\n\n\n<figure class=\"wp-block-embed is-type-video is-provider-youtube wp-block-embed-youtube wp-embed-aspect-16-9 wp-has-aspect-ratio\"><div class=\"wp-block-embed__wrapper\">\n<iframe loading=\"lazy\" title=\"F2 2024 chega \u00e0 METADE com DISPUTA por T\u00cdTULO ABERTA e MOMENTO-CHAVE para BORTOLETO | GP \u00e0s 10\" width=\"500\" height=\"281\" src=\"https:\/\/www.youtube.com\/embed\/0H8qgPFzqoI?feature=oembed\" frameborder=\"0\" allow=\"accelerometer; autoplay; clipboard-write; encrypted-media; gyroscope; picture-in-picture; web-share\" referrerpolicy=\"strict-origin-when-cross-origin\" allowfullscreen><\/iframe>\n<\/div><\/figure>\n","protected":false},"excerpt":{"rendered":"<p>Lotus E20, modelo que disputou a F\u00f3rmula 1 em 2012, vai ser compartilhado por pilotos da academia da Alpine no Festival de Goodwood. Al\u00e9m de Sophia Fl\u00f6rsch, Jack Doohan e Kush Maini tamb\u00e9m estar\u00e3o ao volante do carro<\/p>\n","protected":false},"author":0,"featured_media":1000714236,"comment_status":"closed","ping_status":"closed","sticky":false,"template":"","format":"standard","meta":{"42wp_featured_image_caption":"","42wp_featured_image_credits":"","42wp_featured_video":"","42wp_featured_image_hidden":false,"42wp_authors_list":[],"footnotes":""},"categories":[2],"tags":[20491,5660,969,147,3230,642,160,180,30909,23783,40037,1505,1491,30103,28285,596,32107,1763,3632,27138],"42wp_author":[47155],"class_list":["post-71793","post","type-post","status-publish","format-standard","has-post-thumbnail","hentry","category-f1","tag-alpine","tag-classificacao","tag-corrida","tag-f1","tag-f1-2024","tag-f1-ao-vivo","tag-f1-tv","tag-formula-1","tag-formula-1-2024","tag-gp-da-austria","tag-gp-da-austria-2024","tag-gp-da-inglaterra","tag-grande-premio","tag-grande-premio-f1","tag-grandepremio","tag-jack-doohan","tag-kush-maini","tag-red-bull-ring","tag-silverstone","tag-sophia-florsch","42wp_author-daniel-balsa"],"_links":{"self":[{"href":"https:\/\/grandepremio.com\/br\/wp-json\/wp\/v2\/posts\/71793","targetHints":{"allow":["GET"]}}],"collection":[{"href":"https:\/\/grandepremio.com\/br\/wp-json\/wp\/v2\/posts"}],"about":[{"href":"https:\/\/grandepremio.com\/br\/wp-json\/wp\/v2\/types\/post"}],"replies":[{"embeddable":true,"href":"https:\/\/grandepremio.com\/br\/wp-json\/wp\/v2\/comments?post=71793"}],"version-history":[{"count":0,"href":"https:\/\/grandepremio.com\/br\/wp-json\/wp\/v2\/posts\/71793\/revisions"}],"wp:featuredmedia":[{"embeddable":true,"href":"https:\/\/grandepremio.com\/br\/wp-json\/wp\/v2\/media\/1000714236"}],"wp:attachment":[{"href":"https:\/\/grandepremio.com\/br\/wp-json\/wp\/v2\/media?parent=71793"}],"wp:term":[{"taxonomy":"category","embeddable":true,"href":"https:\/\/grandepremio.com\/br\/wp-json\/wp\/v2\/categories?post=71793"},{"taxonomy":"post_tag","embeddable":true,"href":"https:\/\/grandepremio.com\/br\/wp-json\/wp\/v2\/tags?post=71793"},{"taxonomy":"42wp_author","embeddable":true,"href":"https:\/\/grandepremio.com\/br\/wp-json\/wp\/v2\/42wp_author?post=71793"}],"curies":[{"name":"wp","href":"https:\/\/api.w.org\/{rel}","templated":true}]}}