{"id":71966,"date":"2024-07-01T08:16:33","date_gmt":"2024-07-01T11:16:33","guid":{"rendered":"https:\/\/grandepremio.com\/br\/noticias\/mercedes-evita-polemica-embate-lando-norris-max-verstappen-sem-correlacao-2021\/"},"modified":"2024-07-01T10:50:24","modified_gmt":"2024-07-01T13:50:24","slug":"mercedes-evita-polemica-embate-lando-norris-max-verstappen-sem-correlacao-2021","status":"publish","type":"post","link":"https:\/\/grandepremio.com\/br\/f1\/mercedes-evita-polemica-embate-lando-norris-max-verstappen-sem-correlacao-2021\/","title":{"rendered":"Mercedes evita pol\u00eamica ap\u00f3s embate Norris \u00d7 Verstappen: &#8220;Sem correla\u00e7\u00e3o com 2021&#8221;"},"content":{"rendered":"\n<p class=\"wp-block-paragraph\">A <strong>F\u00f3rmula 1 <\/strong>teve um d\u00e9j\u00e0 vu da <strong>temporada 2021 <\/strong><a href=\"https:\/\/www.grandepremio.com\/br\/f1\/noticias\/max-verstappen-fecha-porta-causa-acidente-lando-norris-entrega-vitoria-george-russell-austria\/\">no embate entre<\/a> <strong>Lando Norris<\/strong> e <strong>Max Verstappen<\/strong> nas voltas finais do<strong> GP da \u00c1ustria<\/strong>, por\u00e9m o chefe da <strong>Mercedes<\/strong>, <strong>Toto Wolff<\/strong>, evitou alimentar pol\u00eamicas ao comentar as falas do l\u00edder da <strong>McLaren<\/strong>, <strong>Andrea Stella<\/strong>. O austr\u00edaco afirmou que embora n\u00e3o tivesse acompanhado na hora, n\u00e3o via a batida como consequ\u00eancias de m\u00e1 gest\u00e3o da <strong>Federa\u00e7\u00e3o Internacional de Automobilismo<\/strong> (<strong>FIA<\/strong>) no campeonato que marcou o primeiro t\u00edtulo do neerland\u00eas na categoria.<\/p>\n\n\n\n<p class=\"wp-block-paragraph\">O lance decisivo aconteceu na volta 64 de 71. Depois de muito tentar, Norris achou espa\u00e7o e foi mais uma vez para a ultrapassagem sobre Verstappen, s\u00f3 que o #1 n\u00e3o aliviou o p\u00e9. Os dois inevitavelmente colidiram e tiveram de ir aos boxes para trocar pneus. Norris abandonou, enquanto Max voltou e, mesmo com 10s de puni\u00e7\u00e3o pelo incidente, terminou em quinto.<\/p>\n\n\n\n<p class=\"wp-block-paragraph\">Ap\u00f3s a corrida, Stella <a href=\"https:\/\/www.grandepremio.com\/br\/f1\/noticias\/mclaren-cobra-punicao-mais-dura-max-verstappen-cita-2021-se-voce-nao-resolve-coisas-voltam\/\">n\u00e3o economizou nas palavras<\/a>. \u201cToda a popula\u00e7\u00e3o mundial sabe quem foi o respons\u00e1vel, menos um certo grupo de pessoas. O problema \u00e9 que se voc\u00ea n\u00e3o resolve estas coisas direito, elas voltam. E voltou hoje porque n\u00e3o foram bem resolvidas no passado, nas brigas com Lewis. Precisava ser punido de forma mais dura. Assim, voc\u00ea aprende a correr de certa forma justa\u201d, cobrou.<\/p>\n\n\n\n<p class=\"wp-block-paragraph\">Wolff, ent\u00e3o, foi questionado sobre a fala do italiano, mas preferiu ficar fora da briga. &#8220;N\u00e3o acho que se possa tirar essa conclus\u00e3o. J\u00e1 faz tanto tempo, e, da nossa parte, estamos em um lugar diferente hoje. Quando um n\u00e3o quer, dois n\u00e3o brigam. Para ser franco, n\u00e3o vi a corrida de Lando e Max, n\u00e3o vi como tudo aconteceu.&#8221;<\/p>\n\n\n\n<figure class=\"wp-block-image size-large\"><img decoding=\"async\" src=\"https:\/\/www.grandepremio.com\/br\/wp-content\/uploads\/2020\/05\/SI202112050203_hires_jpeg_24bit_rgb_news-1024x612.jpg\" alt=\"LEWIS HAMILTON; MAX VERSTAPPEN; F1; F\u00d3RMULA 1; GP DA AR\u00c1BIA SAUDITA;\" class=\"wp-image-530030\"\/><figcaption class=\"wp-element-caption\">Rivais pelo t\u00edtulo, Verstappen e Hamilton se envolveram em controv\u00e9rsias durante 2021 (Foto: Lars Baron\/Getty Images\/Red Bull Content Pool)<\/figcaption><\/figure>\n\n\n\n<p class=\"wp-block-paragraph\">&#8220;Preciso assistir antes de ter uma opini\u00e3o, mas n\u00e3o veria o que aconteceu em 2024 como uma grande consequ\u00eancia de 2021 n\u00e3o ter sido bem administrado. N\u00e3o acho que tenham correla\u00e7\u00e3o&#8221;, frisou chef\u00e3o da Mercedes.<\/p>\n\n\n\n<p class=\"wp-block-paragraph\">A batida entre Verstappen e Norris acabou dando a vit\u00f3ria do GP da \u00c1ustria <a href=\"https:\/\/www.grandepremio.com\/br\/f1\/noticias\/george-russell-vitoria-cair-colo-batida-lando-norris-max-verstappen-gp-austria-f1\/\">de bandeja<\/a> a <strong>George Russell<\/strong>, a primeira da Mercedes na temporada 2024. Ao todo, a equipe de Brackley deixou o Red Bull Ring com 45 pontos, o time que mais pontuou na etapa, e agora tem 196 no <strong>Mundial de Construtores<\/strong>, a 72 da McLaren.<\/p>\n\n\n\n<p class=\"wp-block-paragraph\">A\u00a0<a href=\"https:\/\/www.grandepremio.com\/br\/f1\/\" target=\"_blank\" rel=\"noreferrer noopener\"><\/a><a href=\"https:\/\/www.grandepremio.com\/br\/f1\/\" target=\"_blank\" rel=\"noreferrer noopener\">F\u00f3rmula 1<\/a>\u00a0volta de<strong>\u00a05 a 7 de julho<\/strong>\u00a0em\u00a0<strong><a href=\"https:\/\/www.grandepremio.com\/br\/circuito\/silverstone\/\" target=\"_blank\" rel=\"noreferrer noopener\">Silverstone<\/a><\/strong>\u00a0para o<strong>\u00a0GP da Inglaterra<\/strong>, o \u00faltimo da perna tripla atual. O\u00a0<strong>GRANDE PR\u00caMIO\u00a0<\/strong>acompanha todas as atividades da<strong>\u00a0temporada 2024<\/strong>.<\/p>\n\n\n\n<p class=\"wp-block-paragraph\"><strong><img decoding=\"async\" src=\"https:\/\/a.slack-edge.com\/production-standard-emoji-assets\/14.0\/google-medium\/25b6-fe0f.png\" alt=\":seta_para_frente:\">\u00a0Inscreva-se nos dois canais do GRANDE PR\u00caMIO no YouTube:\u00a0<a href=\"https:\/\/www.youtube.com\/channel\/UC9OlHEgxoaY6QY6nWPoiqQg?sub_confirmation=1\" target=\"_blank\" rel=\"noreferrer noopener\">GP<\/a>\u00a0|\u00a0<a href=\"https:\/\/www.youtube.com\/channel\/UC9csiS6q_C3C0FYhyr1rnFA?sub_confirmation=1\" target=\"_blank\" rel=\"noreferrer noopener\">GP2<\/a><\/strong><br><strong><img decoding=\"async\" src=\"https:\/\/a.slack-edge.com\/production-standard-emoji-assets\/14.0\/google-medium\/25b6-fe0f.png\" alt=\":seta_para_frente:\">\u00a0LEIA TAMB\u00c9M: <a href=\"https:\/\/www.grandepremio.com\/br\/f1\/noticias\/opiniao-gp-gp-da-austria-licao-definitiva-lando-norris-f1-ou-racha-ou-nao-vai\/\">GP da \u00c1ustria \u00e9 li\u00e7\u00e3o definitiva para Norris na F1: ou racha ou n\u00e3o vai<\/a><\/strong><\/p>\n\n\n\n<figure class=\"wp-block-embed is-type-video is-provider-youtube wp-block-embed-youtube wp-embed-aspect-16-9 wp-has-aspect-ratio\"><div class=\"wp-block-embed__wrapper\">\n<iframe loading=\"lazy\" title=\"VERSTAPPEN x NORRIS! GUERRA DECLARADA? RUSSELL VENCE: tudo sobre o GP da \u00c1USTRIA de F1 | Briefing\" width=\"500\" height=\"281\" src=\"https:\/\/www.youtube.com\/embed\/bkoEZXxbqTY?feature=oembed\" frameborder=\"0\" allow=\"accelerometer; autoplay; clipboard-write; encrypted-media; gyroscope; picture-in-picture; web-share\" referrerpolicy=\"strict-origin-when-cross-origin\" allowfullscreen><\/iframe>\n<\/div><\/figure>\n","protected":false},"excerpt":{"rendered":"<p>Chefe da Mercedes, Toto Wolff evitou colocar lenha na fogueira e disse que n\u00e3o via a batida ente Max Verstappen e Lando Norris como consequ\u00eancia da falta de puni\u00e7\u00f5es mais rigorosas ao neerland\u00eas em 2021<\/p>\n","protected":false},"author":0,"featured_media":1000834594,"comment_status":"closed","ping_status":"closed","sticky":false,"template":"","format":"standard","meta":{"42wp_featured_image_caption":"","42wp_featured_image_credits":"","42wp_featured_video":"","42wp_featured_image_hidden":false,"42wp_authors_list":[],"footnotes":""},"categories":[2],"tags":[7094,26271,5273,147,156,3230,180,30909,1491,28285,30840,547,203,90,82,35129,204,1763,40050,31956,35518,33301,150],"42wp_author":[47147],"class_list":["post-71966","post","type-post","status-publish","format-standard","has-post-thumbnail","hentry","category-f1","tag-andrea-stella","tag-calendario-f1","tag-classificacao-f1","tag-f1","tag-f1-2021","tag-f1-2024","tag-formula-1","tag-formula-1-2024","tag-grande-premio","tag-grandepremio","tag-horarios-f1","tag-lando-norris","tag-max-verstappen","tag-mclaren","tag-mercedes","tag-onde-assistir-f1","tag-red-bull","tag-red-bull-ring","tag-red-bull-ring-2024","tag-red-bull-ring-f1","tag-rodada-da-austria","tag-temporada-2024-f1","tag-toto-wolff","42wp_author-luana-marino"],"_links":{"self":[{"href":"https:\/\/grandepremio.com\/br\/wp-json\/wp\/v2\/posts\/71966","targetHints":{"allow":["GET"]}}],"collection":[{"href":"https:\/\/grandepremio.com\/br\/wp-json\/wp\/v2\/posts"}],"about":[{"href":"https:\/\/grandepremio.com\/br\/wp-json\/wp\/v2\/types\/post"}],"replies":[{"embeddable":true,"href":"https:\/\/grandepremio.com\/br\/wp-json\/wp\/v2\/comments?post=71966"}],"version-history":[{"count":0,"href":"https:\/\/grandepremio.com\/br\/wp-json\/wp\/v2\/posts\/71966\/revisions"}],"wp:featuredmedia":[{"embeddable":true,"href":"https:\/\/grandepremio.com\/br\/wp-json\/wp\/v2\/media\/1000834594"}],"wp:attachment":[{"href":"https:\/\/grandepremio.com\/br\/wp-json\/wp\/v2\/media?parent=71966"}],"wp:term":[{"taxonomy":"category","embeddable":true,"href":"https:\/\/grandepremio.com\/br\/wp-json\/wp\/v2\/categories?post=71966"},{"taxonomy":"post_tag","embeddable":true,"href":"https:\/\/grandepremio.com\/br\/wp-json\/wp\/v2\/tags?post=71966"},{"taxonomy":"42wp_author","embeddable":true,"href":"https:\/\/grandepremio.com\/br\/wp-json\/wp\/v2\/42wp_author?post=71966"}],"curies":[{"name":"wp","href":"https:\/\/api.w.org\/{rel}","templated":true}]}}