{"id":72038,"date":"2024-06-30T16:34:06","date_gmt":"2024-06-30T19:34:06","guid":{"rendered":"https:\/\/grandepremio.com\/br\/noticias\/esteban-ocon-assume-derrota-apos-corrida-de-estrategia-contra-haas-gp-austria\/"},"modified":"2024-06-30T16:36:52","modified_gmt":"2024-06-30T19:36:52","slug":"esteban-ocon-assume-derrota-apos-corrida-de-estrategia-contra-haas-gp-austria","status":"publish","type":"post","link":"https:\/\/grandepremio.com\/br\/f1\/esteban-ocon-assume-derrota-apos-corrida-de-estrategia-contra-haas-gp-austria\/","title":{"rendered":"Ocon assume derrota ap\u00f3s &#8220;corrida de estrat\u00e9gia&#8221; contra Haas no GP da \u00c1ustria"},"content":{"rendered":"\n<p class=\"wp-block-paragraph\">Ap\u00f3s somar pontos nas duas corridas anteriores \u2014 <strong>Canad\u00e1<\/strong> e <strong>Espanha<\/strong> \u2014, <strong>Esteban Ocon<\/strong> esperava repetir o feito no <strong>GP da \u00c1ustria<\/strong>, <a href=\"https:\/\/www.grandepremio.com\/br\/f1\/noticias\/george-russell-vitoria-cair-colo-batida-lando-norris-max-verstappen-gp-austria-f1\/\">realizado neste domingo (30)<\/a>. No entanto, o piloto da <strong>Alpine<\/strong> terminou apenas em 12\u00ba e lamentou a falta de ritmo da <strong>A524<\/strong> em meio \u00e0 disputa direta contra a <strong>Haas<\/strong>, que, por sua vez, viu tanto <strong>Nico H\u00fclkenberg<\/strong> quanto <strong>Kevin Magnussen<\/strong> <a href=\"https:\/\/www.grandepremio.com\/br\/f1\/noticias\/nico-hulkenberg-festeja-haas-competitiva-todos-tipos-pista-6o-austria\/\">terminarem entre os dez primeiros<\/a>.<\/p>\n\n\n\n<p class=\"wp-block-paragraph\">A escuderia comandada por <strong>Bruno Famin<\/strong> at\u00e9 apresentou um bom desempenho durante a classifica\u00e7\u00e3o, quando viu os dois pilotos avan\u00e7ando ao Q3. Durante a prova, por\u00e9m, <strong>Pierre Gasly<\/strong> <a href=\"https:\/\/www.grandepremio.com\/br\/f1\/noticias\/pierre-gasly-pede-mais-espaco-cutuca-esteban-ocon-apos-austria-controlo-meu-carro-nao-o-outro\/\">teve uma performance um pouco melhor<\/a> e <a href=\"https:\/\/www.grandepremio.com\/br\/video\/f1\/ciao-pierre-gasly-passa-esteban-ocon-batalha-apertada-gp-austria-manda-recado-radio\/\">venceu o duelo interno<\/a>, saindo do <strong>Red Bull Ring<\/strong> com mais um ponto na bagagem. Ocon n\u00e3o pode dizer o mesmo.<\/p>\n\n\n\n<p class=\"wp-block-paragraph\">&#8220;Hoje foi uma corrida dif\u00edcil e terminamos fora dos pontos. Tivemos uma largada muito forte, exatamente o que precis\u00e1vamos, pois conseguimos ultrapassar Nico na primeira volta&#8221;, come\u00e7ou o #31.<\/p>\n\n\n\n<p class=\"wp-block-paragraph\">&#8220;Ele conseguiu nos passar algumas voltas depois, mas ficamos pr\u00f3ximos dele durante o primeiro stint inteiro e, a partir da\u00ed, seria uma corrida de estrat\u00e9gia. N\u00e3o fomos r\u00e1pidos o suficiente para lutar por posi\u00e7\u00e3o e voltamos no meio do tr\u00e1fego ap\u00f3s os pit-stops&#8221;, explicou.<\/p>\n\n\n\n<figure class=\"wp-block-image size-large\"><img decoding=\"async\" src=\"https:\/\/www.grandepremio.com\/br\/wp-content\/uploads\/2024\/06\/austria-2024-f1-corrida-alpine-esteban-ocon-03-1200x800.jpg\" alt=\"\" class=\"wp-image-834567\"\/><figcaption class=\"wp-element-caption\">Esteban Ocon saiu da \u00c1ustria sem somar pontos (Foto: Alpine)<\/figcaption><\/figure>\n\n\n\n<p class=\"wp-block-paragraph\"><strong><img decoding=\"async\" src=\"https:\/\/a.slack-edge.com\/production-standard-emoji-assets\/14.0\/google-medium\/25b6-fe0f.png\" alt=\":seta_para_frente:\">&nbsp;Inscreva-se nos dois canais do GRANDE PR\u00caMIO no YouTube:&nbsp;<a href=\"https:\/\/www.youtube.com\/channel\/UC9OlHEgxoaY6QY6nWPoiqQg?sub_confirmation=1\" target=\"_blank\" rel=\"noreferrer noopener\">GP<\/a>&nbsp;|&nbsp;<a href=\"https:\/\/www.youtube.com\/channel\/UC9csiS6q_C3C0FYhyr1rnFA?sub_confirmation=1\" target=\"_blank\" rel=\"noreferrer noopener\">GP2<\/a><\/strong><br><strong><img decoding=\"async\" src=\"https:\/\/a.slack-edge.com\/production-standard-emoji-assets\/14.0\/google-medium\/25b6-fe0f.png\" alt=\":seta_para_frente:\">&nbsp;LEIA TAMB\u00c9M:&nbsp;<a href=\"https:\/\/www.grandepremio.com\/br\/f1\/noticias\/max-verstappen-fecha-porta-causa-acidente-lando-norris-entrega-vitoria-george-russell-austria\/\">Verstappen fecha porta, causa acidente com Norris e entrega vit\u00f3ria para Russell<\/a><\/strong><\/p>\n\n\n\n<p class=\"wp-block-paragraph\">&#8220;T\u00ednhamos um ritmo melhor no in\u00edcio do fim de semana, por isso, \u00e9 claro, iremos rever tudo em detalhe para melhorar na pr\u00f3xima vez. Terminamos a rodada tripla em <strong>Silverstone<\/strong>, no pr\u00f3ximo fim de semana, ent\u00e3o esperamos que seja um domingo forte para n\u00f3s em um circuito lend\u00e1rio&#8221;, finalizou Ocon.<\/p>\n\n\n\n<p class=\"wp-block-paragraph\">A\u00a0<a href=\"https:\/\/www.grandepremio.com\/br\/f1\/\" target=\"_blank\" rel=\"noreferrer noopener\"><\/a><a href=\"https:\/\/www.grandepremio.com\/br\/f1\/\" target=\"_blank\" rel=\"noreferrer noopener\">F\u00f3rmula 1<\/a>\u00a0volta de<strong>\u00a05 a 7 de julho<\/strong>\u00a0em\u00a0<strong><a href=\"https:\/\/www.grandepremio.com\/br\/circuito\/silverstone\/\" target=\"_blank\" rel=\"noreferrer noopener\">Silverstone<\/a><\/strong>\u00a0para o<strong>\u00a0GP da Inglaterra<\/strong>, o \u00faltimo da perna tripla atual. O\u00a0<strong>GRANDE PR\u00caMIO\u00a0<\/strong>acompanha todas as atividades da<strong>\u00a0temporada 2024<\/strong>.<\/p>\n\n\n\n<figure class=\"wp-block-embed is-type-video is-provider-youtube wp-block-embed-youtube wp-embed-aspect-16-9 wp-has-aspect-ratio\"><div class=\"wp-block-embed__wrapper\">\n<iframe loading=\"lazy\" title=\"VERSTAPPEN x NORRIS! GUERRA DECLARADA? RUSSELL VENCE: tudo sobre o GP da \u00c1USTRIA de F1 | Briefing\" width=\"500\" height=\"281\" src=\"https:\/\/www.youtube.com\/embed\/bkoEZXxbqTY?feature=oembed\" frameborder=\"0\" allow=\"accelerometer; autoplay; clipboard-write; encrypted-media; gyroscope; picture-in-picture; web-share\" referrerpolicy=\"strict-origin-when-cross-origin\" allowfullscreen><\/iframe>\n<\/div><\/figure>\n","protected":false},"excerpt":{"rendered":"<p>Ap\u00f3s terminar apenas em 12\u00ba no Red Bull Ring, Esteban Ocon admitiu que GP da \u00c1ustria foi &#8220;dif\u00edcil&#8221; e ainda lamentou falta de ritmo da Alpine na luta contra Nico H\u00fclkenberg e Kevin Magnussen<\/p>\n","protected":false},"author":0,"featured_media":1000833697,"comment_status":"closed","ping_status":"closed","sticky":false,"template":"","format":"standard","meta":{"42wp_featured_image_caption":"","42wp_featured_image_credits":"","42wp_featured_video":"","42wp_featured_image_hidden":false,"42wp_authors_list":[],"footnotes":""},"categories":[2],"tags":[20491,5660,969,302,147,3230,642,160,180,30909,23783,40037,1491,30103,28285,1763],"42wp_author":[47160],"class_list":["post-72038","post","type-post","status-publish","format-standard","has-post-thumbnail","hentry","category-f1","tag-alpine","tag-classificacao","tag-corrida","tag-esteban-ocon","tag-f1","tag-f1-2024","tag-f1-ao-vivo","tag-f1-tv","tag-formula-1","tag-formula-1-2024","tag-gp-da-austria","tag-gp-da-austria-2024","tag-grande-premio","tag-grande-premio-f1","tag-grandepremio","tag-red-bull-ring","42wp_author-vicente-soella"],"_links":{"self":[{"href":"https:\/\/grandepremio.com\/br\/wp-json\/wp\/v2\/posts\/72038","targetHints":{"allow":["GET"]}}],"collection":[{"href":"https:\/\/grandepremio.com\/br\/wp-json\/wp\/v2\/posts"}],"about":[{"href":"https:\/\/grandepremio.com\/br\/wp-json\/wp\/v2\/types\/post"}],"replies":[{"embeddable":true,"href":"https:\/\/grandepremio.com\/br\/wp-json\/wp\/v2\/comments?post=72038"}],"version-history":[{"count":0,"href":"https:\/\/grandepremio.com\/br\/wp-json\/wp\/v2\/posts\/72038\/revisions"}],"wp:featuredmedia":[{"embeddable":true,"href":"https:\/\/grandepremio.com\/br\/wp-json\/wp\/v2\/media\/1000833697"}],"wp:attachment":[{"href":"https:\/\/grandepremio.com\/br\/wp-json\/wp\/v2\/media?parent=72038"}],"wp:term":[{"taxonomy":"category","embeddable":true,"href":"https:\/\/grandepremio.com\/br\/wp-json\/wp\/v2\/categories?post=72038"},{"taxonomy":"post_tag","embeddable":true,"href":"https:\/\/grandepremio.com\/br\/wp-json\/wp\/v2\/tags?post=72038"},{"taxonomy":"42wp_author","embeddable":true,"href":"https:\/\/grandepremio.com\/br\/wp-json\/wp\/v2\/42wp_author?post=72038"}],"curies":[{"name":"wp","href":"https:\/\/api.w.org\/{rel}","templated":true}]}}