{"id":72077,"date":"2024-06-30T14:15:51","date_gmt":"2024-06-30T17:15:51","guid":{"rendered":"https:\/\/grandepremio.com\/br\/noticias\/charles-leclerc-lamenta-incidente-oscar-piastri-avalia-gp-austria-sem-aspectos-positivos\/"},"modified":"2024-06-30T14:21:06","modified_gmt":"2024-06-30T17:21:06","slug":"charles-leclerc-lamenta-incidente-oscar-piastri-avalia-gp-austria-sem-aspectos-positivos","status":"publish","type":"post","link":"https:\/\/grandepremio.com\/br\/f1\/charles-leclerc-lamenta-incidente-oscar-piastri-avalia-gp-austria-sem-aspectos-positivos\/","title":{"rendered":"Leclerc lamenta incidente com Piastri e avalia GP da \u00c1ustria &#8220;sem aspectos positivos&#8221;"},"content":{"rendered":"\n<p class=\"wp-block-paragraph\">Ap\u00f3s sofrer com muitos problemas e terminar apenas em 11\u00ba no <strong>GP da \u00c1ustria<\/strong>, <a href=\"https:\/\/www.grandepremio.com\/br\/f1\/noticias\/george-russell-vitoria-cair-colo-batida-lando-norris-max-verstappen-gp-austria-f1\/\">realizado neste domingo (30)<\/a>, <strong>Charles Leclerc<\/strong> deixou o <strong>Red Bull Ring<\/strong> sem pontuar e teve de ver os ponteiros na classifica\u00e7\u00e3o do Mundial de Pilotos abrindo vantagem. De acordo com o monegasco, &#8220;n\u00e3o h\u00e1 pontos positivos&#8221; a serem extra\u00eddos pela <strong>Ferrari<\/strong> em <strong>Spielberg<\/strong>.<\/p>\n\n\n\n<p class=\"wp-block-paragraph\">Logo na largada, o #16 sofreu um dano na asa dianteira da <strong>SF-24<\/strong> e teve de ir aos boxes ao fim da primeira volta, caindo para a \u00faltima posi\u00e7\u00e3o. O companheiro de <strong>Carlos Sainz<\/strong> fez um stint com os pneus duros, mas n\u00e3o se deu bem com os compostos e retornou ao pit-lane para colocar os m\u00e9dios mais uma vez. No fim, Leclerc colecionou pit-stops \u2014 foram quatro no total \u2014 e ficou fora da zona de pontua\u00e7\u00e3o.<\/p>\n\n\n\n<p class=\"wp-block-paragraph\">&#8220;Sim, [o toque em <strong>Oscar Piastri<\/strong>] arruinou completamente a nossa corrida. Sinto que foi um incidente de corrida&#8221;, lamentou. &#8220;No entanto, tamb\u00e9m sinto que Checo [<strong>Sergio P\u00e9rez<\/strong>], ao entrar na curva 1, sabe que tr\u00eas carros juntos nunca termina bem aqui. Quero dizer, havia espa\u00e7o, ent\u00e3o acho que ele arriscou e tinha todo o direito de fazer isso&#8221;, continuou.<\/p>\n\n\n\n<p class=\"wp-block-paragraph\">&#8220;Mas ele foi um pouco otimista demais e acabei virando passageiro, porque assim que tive o Checo indo por dentro, Oscar foi por fora. Tentei deixar espa\u00e7o para todo mundo, mas nessas situa\u00e7\u00f5es n\u00e3o \u00e9 poss\u00edvel, ent\u00e3o nos tocamos&#8221;, explicou Leclerc ap\u00f3s a corrida, antes de analisar o fim de semana.<\/p>\n\n\n\n<figure class=\"wp-block-image size-large\"><img decoding=\"async\" src=\"https:\/\/www.grandepremio.com\/br\/wp-content\/uploads\/2024\/06\/austria-2024-f1-corrida-ferrari-charles-leclerc-01-1200x675.jpg\" alt=\"\" class=\"wp-image-834441\"\/><figcaption class=\"wp-element-caption\">Charles Leclerc teve de trocar asa dianteira logo na primeira volta (Foto: Reprodu\u00e7\u00e3o\/F1)<\/figcaption><\/figure>\n\n\n\n<p class=\"wp-block-paragraph\"><strong><img decoding=\"async\" src=\"https:\/\/a.slack-edge.com\/production-standard-emoji-assets\/14.0\/google-medium\/25b6-fe0f.png\" alt=\":seta_para_frente:\">&nbsp;Inscreva-se nos dois canais do GRANDE PR\u00caMIO no YouTube:&nbsp;<a href=\"https:\/\/www.youtube.com\/channel\/UC9OlHEgxoaY6QY6nWPoiqQg?sub_confirmation=1\" target=\"_blank\" rel=\"noreferrer noopener\">GP<\/a>&nbsp;|&nbsp;<a href=\"https:\/\/www.youtube.com\/channel\/UC9csiS6q_C3C0FYhyr1rnFA?sub_confirmation=1\" target=\"_blank\" rel=\"noreferrer noopener\">GP2<\/a><\/strong><br><strong><img decoding=\"async\" src=\"https:\/\/a.slack-edge.com\/production-standard-emoji-assets\/14.0\/google-medium\/25b6-fe0f.png\" alt=\":seta_para_frente:\">&nbsp;LEIA TAMB\u00c9M:&nbsp;<a href=\"https:\/\/www.grandepremio.com\/br\/f1\/noticias\/max-verstappen-fecha-porta-causa-acidente-lando-norris-entrega-vitoria-george-russell-austria\/\">Verstappen fecha porta, causa acidente com Norris e entrega vit\u00f3ria para Russell<\/a><\/strong><\/p>\n\n\n\n<p class=\"wp-block-paragraph\">&#8220;N\u00e3o h\u00e1 pontos positivos, eu acho. \u00c0s vezes, \u00e9 bom olhar um pouco para os aspectos positivos quando estamos passando por um momento dif\u00edcil, se houver. Mas, em um fim de semana como este, n\u00e3o planejo ter nenhum aspecto positivo&#8221;, avaliou.<\/p>\n\n\n\n<p class=\"wp-block-paragraph\">No entanto, ap\u00f3s pensar muito, o piloto de 26 anos enfim achou algo para o qual a escuderia de Maranello pode olhar se quiser ter mais informa\u00e7\u00f5es sobre o b\u00f3lido para as pr\u00f3ximas corridas: as diferentes configura\u00e7\u00f5es utilizadas por ele e o companheiro de equipe.<\/p>\n\n\n\n<p class=\"wp-block-paragraph\">&#8220;A \u00fanica coisa [positiva] \u00e9 que provavelmente aprenderemos muito com esta corrida, porque hoje estivemos em lados opostos em rela\u00e7\u00e3o aos ajustes [utilizados no carro] de Carlos. E com os dois carros numa configura\u00e7\u00e3o t\u00e3o diferente, podemos aprender algumas coisas. Mas fora isso, n\u00e3o muito&#8221;, finalizou.<\/p>\n\n\n\n<p class=\"wp-block-paragraph\">Com o resultado, Leclerc <a href=\"https:\/\/www.grandepremio.com\/br\/galeria\/f1\/formula-1-2024-gp-austria-classificacao-campeonato-max-verstappen\/#779243\">estagnou nos 150 pontos somados no Mundial de Pilotos<\/a> e permaneceu na terceira coloca\u00e7\u00e3o. <strong>Max Verstappen<\/strong> chegou aos 237 tentos e ampliou a vantagem na lideran\u00e7a para 81, deixando <strong>Lando Norris<\/strong> para tr\u00e1s, em segundo.<\/p>\n\n\n\n<p class=\"wp-block-paragraph\">A\u00a0<a href=\"https:\/\/www.grandepremio.com\/br\/f1\/\" target=\"_blank\" rel=\"noreferrer noopener\"><\/a><a href=\"https:\/\/www.grandepremio.com\/br\/f1\/\" target=\"_blank\" rel=\"noreferrer noopener\">F\u00f3rmula 1<\/a>\u00a0volta de<strong>\u00a05 a 7 de julho<\/strong>\u00a0em\u00a0<strong><a href=\"https:\/\/www.grandepremio.com\/br\/circuito\/silverstone\/\" target=\"_blank\" rel=\"noreferrer noopener\">Silverstone<\/a><\/strong>\u00a0para o<strong>\u00a0GP da Inglaterra<\/strong>, o \u00faltimo da perna tripla atual. O\u00a0<strong>GRANDE PR\u00caMIO\u00a0<\/strong>acompanha todas as atividades da<strong>\u00a0temporada 2024<\/strong>.<\/p>\n\n\n\n<figure class=\"wp-block-embed is-type-video is-provider-youtube wp-block-embed-youtube wp-embed-aspect-16-9 wp-has-aspect-ratio\"><div class=\"wp-block-embed__wrapper\">\n<iframe loading=\"lazy\" title=\"VERSTAPPEN x NORRIS! GUERRA DECLARADA? RUSSELL VENCE: tudo sobre o GP da \u00c1USTRIA de F1 | Briefing\" width=\"500\" height=\"281\" src=\"https:\/\/www.youtube.com\/embed\/bkoEZXxbqTY?feature=oembed\" frameborder=\"0\" allow=\"accelerometer; autoplay; clipboard-write; encrypted-media; gyroscope; picture-in-picture; web-share\" referrerpolicy=\"strict-origin-when-cross-origin\" allowfullscreen><\/iframe>\n<\/div><\/figure>\n","protected":false},"excerpt":{"rendered":"<p>Apesar de ter sa\u00eddo completamente insatisfeito com o 11\u00ba lugar no GP da \u00c1ustria, Charles Leclerc buscou n\u00e3o apontar culpados pelo fim de semana ruim da Ferrari no Red Bull Ring<\/p>\n","protected":false},"author":0,"featured_media":1000833560,"comment_status":"closed","ping_status":"closed","sticky":false,"template":"","format":"standard","meta":{"42wp_featured_image_caption":"","42wp_featured_image_credits":"","42wp_featured_video":"","42wp_featured_image_hidden":false,"42wp_authors_list":[],"footnotes":""},"categories":[2],"tags":[209,5660,969,147,3230,642,160,207,180,30909,23783,40037,1491,30103,28285,2916,1763],"42wp_author":[47160],"class_list":["post-72077","post","type-post","status-publish","format-standard","has-post-thumbnail","hentry","category-f1","tag-charles-leclerc","tag-classificacao","tag-corrida","tag-f1","tag-f1-2024","tag-f1-ao-vivo","tag-f1-tv","tag-ferrari","tag-formula-1","tag-formula-1-2024","tag-gp-da-austria","tag-gp-da-austria-2024","tag-grande-premio","tag-grande-premio-f1","tag-grandepremio","tag-oscar-piastri","tag-red-bull-ring","42wp_author-vicente-soella"],"_links":{"self":[{"href":"https:\/\/grandepremio.com\/br\/wp-json\/wp\/v2\/posts\/72077","targetHints":{"allow":["GET"]}}],"collection":[{"href":"https:\/\/grandepremio.com\/br\/wp-json\/wp\/v2\/posts"}],"about":[{"href":"https:\/\/grandepremio.com\/br\/wp-json\/wp\/v2\/types\/post"}],"replies":[{"embeddable":true,"href":"https:\/\/grandepremio.com\/br\/wp-json\/wp\/v2\/comments?post=72077"}],"version-history":[{"count":0,"href":"https:\/\/grandepremio.com\/br\/wp-json\/wp\/v2\/posts\/72077\/revisions"}],"wp:featuredmedia":[{"embeddable":true,"href":"https:\/\/grandepremio.com\/br\/wp-json\/wp\/v2\/media\/1000833560"}],"wp:attachment":[{"href":"https:\/\/grandepremio.com\/br\/wp-json\/wp\/v2\/media?parent=72077"}],"wp:term":[{"taxonomy":"category","embeddable":true,"href":"https:\/\/grandepremio.com\/br\/wp-json\/wp\/v2\/categories?post=72077"},{"taxonomy":"post_tag","embeddable":true,"href":"https:\/\/grandepremio.com\/br\/wp-json\/wp\/v2\/tags?post=72077"},{"taxonomy":"42wp_author","embeddable":true,"href":"https:\/\/grandepremio.com\/br\/wp-json\/wp\/v2\/42wp_author?post=72077"}],"curies":[{"name":"wp","href":"https:\/\/api.w.org\/{rel}","templated":true}]}}