{"id":72124,"date":"2024-06-30T12:02:13","date_gmt":"2024-06-30T15:02:13","guid":{"rendered":"https:\/\/grandepremio.com\/br\/noticias\/carlos-sainz-comemora-3o-lugar-austria-admite-nao-foi-fim-de-semana-facil\/"},"modified":"2024-06-30T12:13:55","modified_gmt":"2024-06-30T15:13:55","slug":"carlos-sainz-comemora-3o-lugar-austria-admite-nao-foi-fim-de-semana-facil","status":"publish","type":"post","link":"https:\/\/grandepremio.com\/br\/f1\/carlos-sainz-comemora-3o-lugar-austria-admite-nao-foi-fim-de-semana-facil\/","title":{"rendered":"Sainz comemora 3\u00ba lugar na \u00c1ustria e admite: &#8220;N\u00e3o foi um fim de semana f\u00e1cil&#8221;"},"content":{"rendered":"\n<p class=\"wp-block-paragraph\"><strong>Carlos Sainz<\/strong> salvou o fim de semana da <strong>Ferrari<\/strong> <a href=\"https:\/\/www.grandepremio.com\/br\/f1\/noticias\/george-russell-vitoria-cair-colo-batida-lando-norris-max-verstappen-gp-austria-f1\/\">ao conquistar o terceiro lugar neste domingo (30)<\/a> no <strong>GP da \u00c1ustria<\/strong>. Beneficiado pela batida de <strong>Max Verstappen<\/strong> e <strong>Lando Norris<\/strong> nas voltas finais, o espanhol n\u00e3o teve ritmo para brigar pela segunda coloca\u00e7\u00e3o.<\/p>\n\n\n\n<p class=\"wp-block-paragraph\">Em entrevista ao final da prova, Carlos celebrou o feito: &#8220;Considero, sim, a terceira posi\u00e7\u00e3o um grande resultado. Acho que podemos estar felizes e muito orgulhosos disso, porque este fim de semana n\u00e3o foi nada f\u00e1cil para n\u00f3s&#8221;.<\/p>\n\n\n\n<p class=\"wp-block-paragraph\">O piloto adicionou mais 19 pontos na tabela de classifica\u00e7\u00e3o e se estabeleceu na quarta coloca\u00e7\u00e3o, com 135, quinze atr\u00e1s do companheiro de equipe, <strong>Charles Leclerc<\/strong>, que zerou neste fim de semana no <strong>Red Bull Ring<\/strong>.<\/p>\n\n\n\n<p class=\"wp-block-paragraph\">Sainz admitiu que a estrat\u00e9gia ferrarista era marcar a <strong>Mercedes <\/strong>e que, por isso, o resultado se torna mais importante. Nem a ultrapassagem de <strong>Oscar Piastri<\/strong> nas voltas finais tirou o sorriso do espanhol.<\/p>\n\n\n\n<figure class=\"wp-block-image size-large\"><img decoding=\"async\" src=\"https:\/\/www.grandepremio.com\/br\/wp-content\/uploads\/2024\/06\/austria-2024-f1-classificacao-ferrari-carlos-sainz-01-1200x800.jpg\" alt=\"\" class=\"wp-image-833553\"\/><figcaption class=\"wp-element-caption\">Sainz conquistou seu quinto p\u00f3dio em 2024 (Foto: Ferrari)<\/figcaption><\/figure>\n\n\n\n<p class=\"wp-block-paragraph\">&#8220;Para n\u00f3s, o que importava era tentar acompanhar <strong>George [Russell]<\/strong>, afinal, eles [Mercedes] poderiam ter uma vantagem maior no ritmo de corrida. Tentamos de tudo e foi uma corrida bastante movimentada l\u00e1 na frente&#8221;, completou.<\/p>\n\n\n\n<p class=\"wp-block-paragraph\">A&nbsp;<a href=\"https:\/\/www.grandepremio.com\/br\/f1\/\" target=\"_blank\" rel=\"noreferrer noopener\">F\u00f3rmula 1<\/a>&nbsp;volta de<strong>&nbsp;5 a 7 de julho<\/strong>&nbsp;em&nbsp;<strong><a href=\"https:\/\/www.grandepremio.com\/br\/circuito\/silverstone\/\" target=\"_blank\" rel=\"noreferrer noopener\">Silverstone<\/a><\/strong>&nbsp;para o<strong>&nbsp;GP da Inglaterra<\/strong>, o \u00faltimo da perna tripla atual. O&nbsp;<strong>GRANDE PR\u00caMIO&nbsp;<\/strong>acompanha todas as atividades da<strong>&nbsp;temporada 2024<\/strong>.<\/p>\n\n\n\n<p class=\"wp-block-paragraph\"><strong>Inscreva-se nos dois canais do GRANDE PR\u00caMIO no YouTube:&nbsp;<a href=\"https:\/\/www.youtube.com\/channel\/UC9OlHEgxoaY6QY6nWPoiqQg?sub_confirmation=1\" target=\"_blank\" rel=\"noreferrer noopener\">GP<\/a>&nbsp;|&nbsp;<a href=\"https:\/\/www.youtube.com\/channel\/UC9csiS6q_C3C0FYhyr1rnFA?sub_confirmation=1\" target=\"_blank\" rel=\"noreferrer noopener\">GP2<\/a><\/strong><\/p>\n\n\n\n<figure class=\"wp-block-embed is-type-video is-provider-youtube wp-block-embed-youtube wp-embed-aspect-16-9 wp-has-aspect-ratio\"><div class=\"wp-block-embed__wrapper\">\n<iframe loading=\"lazy\" title=\"VERSTAPPEN x NORRIS! GUERRA DECLARADA? RUSSELL VENCE: tudo sobre o GP da \u00c1USTRIA de F1 | Briefing\" width=\"500\" height=\"281\" src=\"https:\/\/www.youtube.com\/embed\/bkoEZXxbqTY?feature=oembed\" frameborder=\"0\" allow=\"accelerometer; autoplay; clipboard-write; encrypted-media; gyroscope; picture-in-picture; web-share\" referrerpolicy=\"strict-origin-when-cross-origin\" allowfullscreen><\/iframe>\n<\/div><\/figure>\n","protected":false},"excerpt":{"rendered":"<p>O espanhol foi ao p\u00f3dio pela quinta vez na temporada 2024 e, embora tivesse faltado ritmo para acompanhar Russell, gostou do resultado com a Ferrari no Red Bull Ring<\/p>\n","protected":false},"author":0,"featured_media":1000834529,"comment_status":"closed","ping_status":"closed","sticky":false,"template":"","format":"standard","meta":{"42wp_featured_image_caption":"","42wp_featured_image_credits":"","42wp_featured_video":"","42wp_featured_image_hidden":false,"42wp_authors_list":[],"footnotes":""},"categories":[2],"tags":[26271,546,209,5273,147,3230,207,180,30909,800,23783,1491,28285,30840,547,203,82,35129,2916,1763,40050,31956,33301],"42wp_author":[47128],"class_list":["post-72124","post","type-post","status-publish","format-standard","has-post-thumbnail","hentry","category-f1","tag-calendario-f1","tag-carlos-sainz","tag-charles-leclerc","tag-classificacao-f1","tag-f1","tag-f1-2024","tag-ferrari","tag-formula-1","tag-formula-1-2024","tag-george-russell","tag-gp-da-austria","tag-grande-premio","tag-grandepremio","tag-horarios-f1","tag-lando-norris","tag-max-verstappen","tag-mercedes","tag-onde-assistir-f1","tag-oscar-piastri","tag-red-bull-ring","tag-red-bull-ring-2024","tag-red-bull-ring-f1","tag-temporada-2024-f1","42wp_author-guilherme-bloisi"],"_links":{"self":[{"href":"https:\/\/grandepremio.com\/br\/wp-json\/wp\/v2\/posts\/72124","targetHints":{"allow":["GET"]}}],"collection":[{"href":"https:\/\/grandepremio.com\/br\/wp-json\/wp\/v2\/posts"}],"about":[{"href":"https:\/\/grandepremio.com\/br\/wp-json\/wp\/v2\/types\/post"}],"replies":[{"embeddable":true,"href":"https:\/\/grandepremio.com\/br\/wp-json\/wp\/v2\/comments?post=72124"}],"version-history":[{"count":0,"href":"https:\/\/grandepremio.com\/br\/wp-json\/wp\/v2\/posts\/72124\/revisions"}],"wp:featuredmedia":[{"embeddable":true,"href":"https:\/\/grandepremio.com\/br\/wp-json\/wp\/v2\/media\/1000834529"}],"wp:attachment":[{"href":"https:\/\/grandepremio.com\/br\/wp-json\/wp\/v2\/media?parent=72124"}],"wp:term":[{"taxonomy":"category","embeddable":true,"href":"https:\/\/grandepremio.com\/br\/wp-json\/wp\/v2\/categories?post=72124"},{"taxonomy":"post_tag","embeddable":true,"href":"https:\/\/grandepremio.com\/br\/wp-json\/wp\/v2\/tags?post=72124"},{"taxonomy":"42wp_author","embeddable":true,"href":"https:\/\/grandepremio.com\/br\/wp-json\/wp\/v2\/42wp_author?post=72124"}],"curies":[{"name":"wp","href":"https:\/\/api.w.org\/{rel}","templated":true}]}}