{"id":72232,"date":"2024-06-29T19:15:41","date_gmt":"2024-06-29T22:15:41","guid":{"rendered":"https:\/\/grandepremio.com\/br\/noticias\/5-coisas-que-aprendemos-no-sabado-do-gp-da-austria-da-formula-1-2024\/"},"modified":"2024-06-29T19:16:35","modified_gmt":"2024-06-29T22:16:35","slug":"5-coisas-que-aprendemos-no-sabado-do-gp-da-austria-da-formula-1-2024","status":"publish","type":"post","link":"https:\/\/grandepremio.com\/br\/f1\/5-coisas-que-aprendemos-no-sabado-do-gp-da-austria-da-formula-1-2024\/","title":{"rendered":"5 coisas que aprendemos no s\u00e1bado do GP da \u00c1ustria da F\u00f3rmula 1 2024"},"content":{"rendered":"\n<p class=\"wp-block-paragraph\">O s\u00e1bado (29) do <strong>GP da \u00c1ustria<\/strong> foi daqueles. No fim das contas, depois de duas aulas de <strong>Max Verstappen<\/strong>, o neerland\u00eas sai como enorme vencedor do dia, enquanto a <strong>McLaren <\/strong>fica nas cordas mesmo com o p\u00f3dio duplo na sprint.<\/p>\n\n\n\n<p class=\"wp-block-paragraph\">Na corrida curta, Verstappen levou a melhor depois de um confronto acirrado nas primeiras voltas com <strong>Lando Norris<\/strong> e <strong>Oscar Piastri<\/strong>. O australiano, ali\u00e1s, ainda apareceu em segundo, enquanto o ingl\u00eas chamou de &#8220;amadora&#8221; a forma como (n\u00e3o) se defendeu de Max depois de executar uma linda ultrapassagem.<\/p>\n\n\n\n<p class=\"wp-block-paragraph\">J\u00e1 na classifica\u00e7\u00e3o, Norris foi segundo, mas tomando um caminh\u00e3o de d\u00e9cimos para Verstappen \u2014 foram 0s4 entre os dois. O grid da corrida deste domingo (30) ainda conta com <strong>George Russell, Carlos Sainz, Lewis Hamilton, Charles Leclerc<\/strong>, Piastri e <strong>Sergio P\u00e9rez<\/strong>.<\/p>\n\n\n\n<p class=\"wp-block-paragraph\">O <strong>GRANDE PR\u00caMIO<\/strong> separou cinco coisas que aprendemos no s\u00e1bado do GP da \u00c1ustria, 11\u00aa etapa da <strong>F\u00f3rmula 1 2024<\/strong>:<\/p>\n\n\n\n<figure class=\"wp-block-image size-large\"><img decoding=\"async\" src=\"https:\/\/www.grandepremio.com\/br\/wp-content\/uploads\/2024\/06\/austria-2024-f1-classificacao-red-bull-max-verstappen-09-1200x800.jpg\" alt=\"\" class=\"wp-image-833780\"\/><figcaption class=\"wp-element-caption\">Max Verstappen sobrou no s\u00e1bado do GP da \u00c1ustria (Foto: Red Bull Content Pool)<\/figcaption><\/figure>\n\n\n\n<h2 class=\"wp-block-heading\" id=\"h-verstappen-vence-sprint-no-talento-mas-red-bull-tambem-mostra-forca-na-classificacao\"><strong>Verstappen vence sprint no talento, mas Red Bull tamb\u00e9m mostra for\u00e7a na classifica\u00e7\u00e3o<\/strong><\/h2>\n\n\n\n<p class=\"wp-block-paragraph\">O dia dominado por Verstappen foi separado em dois per\u00edodos completamente diferentes: mais cedo, a vit\u00f3ria na sprint veio no bra\u00e7o, j\u00e1 que a McLaren tinha todos os elementos para atacar. Ali, Max at\u00e9 perdeu a ponta, mas foi sagaz ao superar Norris e abriu quando Piastri passou o companheiro. Na classifica\u00e7\u00e3o, totalmente outro mundo, j\u00e1 que Verstappen estava em liga pr\u00f3pria, andando quase sempre 0s5 mais r\u00e1pido que todos. Qual vers\u00e3o de Max e da Red Bull pinta no domingo?<\/p>\n\n\n\n<h2 class=\"wp-block-heading\" id=\"h-norris-faz-papel-em-2\u00ba-na-classificacao-hora-de-mudar-atitude-para-ter-chances-na-corrida\"><strong>Norris faz papel em 2\u00ba na classifica\u00e7\u00e3o. Hora de mudar atitude para ter chances na corrida<\/strong><\/h2>\n\n\n\n<p class=\"wp-block-paragraph\">Apesar da dist\u00e2ncia asusstadora para Verstappen na classifica\u00e7\u00e3o, Norris fez o que era poss\u00edvel e pegou o segundo lugar, uma esp\u00e9cie de pole dos pobres. O problema \u00e9 que mais cedo ele teve o que definiu como &#8220;atitude de amador&#8221; ao deixar a porta aberta para tomar o troco de Verstappen. Isso logo depois de uma ultrapassagem linda, linda que tinha feito. \u00c9 a atitude da ultrapassagem que ele precisa, se for a do troco, melhor pensar s\u00f3 em salvar o segundo lugar. Mas a McLaren teve ter ritmo, sim.<\/p>\n\n\n\n<h2 class=\"wp-block-heading\" id=\"h-mercedes-confirma-boa-forma-no-duelo-com-ferrari\"><strong>Mercedes confirma boa forma no duelo com Ferrari<\/strong><\/h2>\n\n\n\n<p class=\"wp-block-paragraph\">A Mercedes deixou claro de novo que n\u00e3o tem o n\u00edvel da McLaren e de Verstappen, mas no duelo contra a Ferrari ela vai bem, obrigado. Os prateados se sa\u00edram dignamente bem na corrida sprint, largam em vantagem de novo no domingo. At\u00e9 aqui, Russell \u00e9 o nome do time no fim de semana, mas Hamilton pode e deve surgir forte ali sondando, quem sabe, o lugarzinho mais baixo do p\u00f3dio. Com Piastri em s\u00e9timo e P\u00e9rez sendo P\u00e9rez, d\u00e1 para sonhar.<\/p>\n\n\n\n<h2 class=\"wp-block-heading\" id=\"h-sainz-doma-ferrari-para-sonhar-com-podio-leclerc-sofre-de-novo\"><strong>Sainz doma Ferrari para sonhar com p\u00f3dio. Leclerc sofre de novo<\/strong><\/h2>\n\n\n\n<p class=\"wp-block-paragraph\">A Ferrari est\u00e1 quicando sem parar em velocidades altas e isso passa bem longe de ser ideal. Mesmo assim, Sainz, at\u00e9 agora, tem entendimento melhor do carro que Leclerc e est\u00e1 com resultados decentes. Olhando para uma Mercedes que n\u00e3o \u00e9 100% segura, d\u00e1 para at\u00e9 sonhar com um p\u00f3dio, mas as condi\u00e7\u00f5es s\u00e3o adversas. Charles, por sua vez, sofre mais: pane no SQ3, agora erro no Q3. Sorte dele que Piastri teve volta deletada e P\u00e9rez fez mais um trabalho p\u00e9ssimo. Em sexto no grid, d\u00e1 para trabalhar.<\/p>\n\n\n\n<figure class=\"wp-block-image size-full\"><img decoding=\"async\" src=\"https:\/\/www.grandepremio.com\/br\/wp-content\/uploads\/2024\/06\/Leclerc-Q3-Austria.jpg\" alt=\"\" class=\"wp-image-833822\"\/><figcaption class=\"wp-element-caption\">Charles Leclerc foi passear no Q3 da \u00c1ustria (Foto: reprodu\u00e7\u00e3o\/F1)<\/figcaption><\/figure>\n\n\n\n<h2 class=\"wp-block-heading\" id=\"h-haas-x-alpine-o-duelo-pelos-pontos-na-austria\"><strong>Haas x Alpine: o duelo pelos pontos na \u00c1ustria<\/strong><\/h2>\n\n\n\n<p class=\"wp-block-paragraph\">N\u00e3o que a briga pelos pontos seja muito chique, mas \u00e9 o que tem para hoje para Haas, Alpine e, quem sabe, Aston Martin e RB. As duas primeiras s\u00e3o favoritas pelas posi\u00e7\u00f5es de largada, mas os franceses assustaram, no pior dos sentidos, na sprint com pneus usados. Pode ser a oportunidade de ouro dos americanos retomarem o rumo depois de algumas semanas.<\/p>\n\n\n\n<p class=\"wp-block-paragraph\">O\u00a0<strong>GRANDE PR\u00caMIO<\/strong>\u00a0acompanha<strong>\u00a0<a href=\"https:\/\/www.grandepremio.com\/br\/ao-vivo\/f1\/\" target=\"_blank\" rel=\"noreferrer noopener\">AO VIVO<\/a><\/strong><a href=\"https:\/\/www.grandepremio.com\/br\/ao-vivo\/f1\/\" target=\"_blank\" rel=\"noreferrer noopener\">\u00a0e\u00a0<strong>EM\u00a0<\/strong><\/a><a href=\"https:\/\/www.grandepremio.com\/br\/ao-vivo\/\" target=\"_blank\" rel=\"noreferrer noopener\"><strong>TEMPO REAL<\/strong><\/a>\u00a0todas as atividades do\u00a0<strong>GP da \u00c1ustria\u00a0<\/strong>de\u00a0<a href=\"https:\/\/www.grandepremio.com\/br\/f1\/\" target=\"_blank\" rel=\"noreferrer noopener\">F\u00f3rmula 1<\/a>\u00a0e transmite classifica\u00e7\u00f5es e corridas em segunda tela, em parceria com a Voz do Esporte, na<strong>\u00a0<a href=\"https:\/\/www.youtube.com\/c\/GrandePremioTV\/streams\" target=\"_blank\" rel=\"noreferrer noopener\">GPTV, o canal do GP no Youtube<\/a><\/strong>. Al\u00e9m disso, debate tudo que aconteceu na pista com o\u00a0<strong>Briefing\u00a0<\/strong>ap\u00f3s treinos livres e classifica\u00e7\u00f5es, al\u00e9m de antes e depois das corridas. No domingo (30), os pilotos disputam a\u00a0<strong>corrida\u00a0<\/strong>no\u00a0<a href=\"https:\/\/www.grandepremio.com\/br\/circuito\/red-bull-ring\/\" target=\"_blank\" rel=\"noreferrer noopener\"><\/a><a href=\"https:\/\/www.grandepremio.com\/br\/circuito\/red-bull-ring\/\" target=\"_blank\" rel=\"noreferrer noopener\"><\/a><a href=\"https:\/\/www.grandepremio.com\/br\/circuito\/red-bull-ring\/\" target=\"_blank\" rel=\"noreferrer noopener\"><\/a><a href=\"https:\/\/www.grandepremio.com\/br\/circuito\/red-bull-ring\/\" target=\"_blank\" rel=\"noreferrer noopener\"><\/a><a href=\"https:\/\/www.grandepremio.com\/br\/circuito\/red-bull-ring\/\" target=\"_blank\" rel=\"noreferrer noopener\"><\/a><a href=\"https:\/\/www.grandepremio.com\/br\/circuito\/red-bull-ring\/\" target=\"_blank\" rel=\"noreferrer noopener\"><\/a><a href=\"https:\/\/www.grandepremio.com\/br\/circuito\/red-bull-ring\/\" target=\"_blank\" rel=\"noreferrer noopener\"><\/a><a href=\"https:\/\/www.grandepremio.com\/br\/circuito\/red-bull-ring\/\" target=\"_blank\" rel=\"noreferrer noopener\"><\/a><a href=\"https:\/\/www.grandepremio.com\/br\/circuito\/red-bull-ring\/\" target=\"_blank\" rel=\"noreferrer noopener\"><\/a><a href=\"https:\/\/www.grandepremio.com\/br\/circuito\/red-bull-ring\/\" target=\"_blank\" rel=\"noreferrer noopener\"><\/a><a href=\"https:\/\/www.grandepremio.com\/br\/circuito\/red-bull-ring\/\" target=\"_blank\" rel=\"noreferrer noopener\"><\/a><a href=\"https:\/\/www.grandepremio.com\/br\/circuito\/red-bull-ring\/\" target=\"_blank\" rel=\"noreferrer noopener\"><\/a><a href=\"https:\/\/www.grandepremio.com\/br\/circuito\/red-bull-ring\/\" target=\"_blank\" rel=\"noreferrer noopener\"><\/a><a href=\"https:\/\/www.grandepremio.com\/br\/circuito\/red-bull-ring\/\" target=\"_blank\" rel=\"noreferrer noopener\">Red Bull Ring<\/a>\u00a0a partir das\u00a0<strong>10h<\/strong>\u00a0(de Bras\u00edlia, GMT-3).<\/p>\n\n\n\n<p class=\"wp-block-paragraph\"><strong>Inscreva-se nos dois canais do GRANDE PR\u00caMIO no YouTube:\u00a0<a href=\"https:\/\/www.youtube.com\/channel\/UC9OlHEgxoaY6QY6nWPoiqQg?sub_confirmation=1\" target=\"_blank\" rel=\"noreferrer noopener\">GP<\/a>\u00a0|\u00a0<a href=\"https:\/\/www.youtube.com\/channel\/UC9csiS6q_C3C0FYhyr1rnFA?sub_confirmation=1\" target=\"_blank\" rel=\"noreferrer noopener\">GP2<\/a><\/strong><br><strong>LEIA TAMB\u00c9M:\u00a0<a href=\"https:\/\/www.grandepremio.com\/br\/f1\/noticias\/max-verstappen-vence-duelo-mclaren-leva-corrida-sprint-gp-austria-f1\/\">Verstappen vence duelo contra McLaren e leva corrida sprint na \u00c1ustria<\/a><\/strong><\/p>\n\n\n\n<figure class=\"wp-block-embed is-type-video is-provider-youtube wp-block-embed-youtube wp-embed-aspect-16-9 wp-has-aspect-ratio\"><div class=\"wp-block-embed__wrapper\">\n<iframe loading=\"lazy\" title=\"VERSTAPPEN 1\u00ba EM TUDO! NORRIS &amp;apos;AMADOR&amp;apos;: CORRIDA SPRINT E  CLASSIFICA\u00c7\u00c3O DA F1 NA \u00c1USTRIA | Briefing\" width=\"500\" height=\"281\" src=\"https:\/\/www.youtube.com\/embed\/cP4M4RihCJc?feature=oembed\" frameborder=\"0\" allow=\"accelerometer; autoplay; clipboard-write; encrypted-media; gyroscope; picture-in-picture; web-share\" referrerpolicy=\"strict-origin-when-cross-origin\" allowfullscreen><\/iframe>\n<\/div><\/figure>\n","protected":false},"excerpt":{"rendered":"<p>Max Verstappen fez a festa no s\u00e1bado da \u00c1ustria: venceu uma sprint que come\u00e7ou fren\u00e9tica e, mais tarde, dominou completamente a classifica\u00e7\u00e3o, jogando a McLaren nas cordas<\/p>\n","protected":false},"author":0,"featured_media":1000833779,"comment_status":"closed","ping_status":"closed","sticky":false,"template":"","format":"standard","meta":{"42wp_featured_image_caption":"","42wp_featured_image_credits":"","42wp_featured_video":"","42wp_featured_image_hidden":false,"42wp_authors_list":[],"footnotes":""},"categories":[2],"tags":[1417,457,524,20491,309,9393,40049,25362,26271,546,209,5273,211,302,147,3230,176,207,180,30909,800,1491,28285,3746,119,30840,117,485,547,87,25553,203,90,82,1521,35129,2916,676,204,1763,40050,31956,35518,3132,33301,612,215,597],"42wp_author":[47117],"class_list":["post-72232","post","type-post","status-publish","format-standard","has-post-thumbnail","hentry","category-f1","tag-alex-albon","tag-alfa-romeo","tag-alphatauri","tag-alpine","tag-aston-martin","tag-austria","tag-austria-2024","tag-austria-f1","tag-calendario-f1","tag-carlos-sainz","tag-charles-leclerc","tag-classificacao-f1","tag-daniel-ricciardo","tag-esteban-ocon","tag-f1","tag-f1-2024","tag-fernando-alonso","tag-ferrari","tag-formula-1","tag-formula-1-2024","tag-george-russell","tag-grande-premio","tag-grandepremio","tag-guanyu-zhou","tag-haas","tag-horarios-f1","tag-kevin-magnussen","tag-lance-stroll","tag-lando-norris","tag-lewis-hamilton","tag-logan-sargeant","tag-max-verstappen","tag-mclaren","tag-mercedes","tag-nico-hulkenberg","tag-onde-assistir-f1","tag-oscar-piastri","tag-pierre-gasly","tag-red-bull","tag-red-bull-ring","tag-red-bull-ring-2024","tag-red-bull-ring-f1","tag-rodada-da-austria","tag-sergio-perez","tag-temporada-2024-f1","tag-valtteri-bottas","tag-williams","tag-yuki-tsunoda","42wp_author-gabriel-curty"],"_links":{"self":[{"href":"https:\/\/grandepremio.com\/br\/wp-json\/wp\/v2\/posts\/72232","targetHints":{"allow":["GET"]}}],"collection":[{"href":"https:\/\/grandepremio.com\/br\/wp-json\/wp\/v2\/posts"}],"about":[{"href":"https:\/\/grandepremio.com\/br\/wp-json\/wp\/v2\/types\/post"}],"replies":[{"embeddable":true,"href":"https:\/\/grandepremio.com\/br\/wp-json\/wp\/v2\/comments?post=72232"}],"version-history":[{"count":0,"href":"https:\/\/grandepremio.com\/br\/wp-json\/wp\/v2\/posts\/72232\/revisions"}],"wp:featuredmedia":[{"embeddable":true,"href":"https:\/\/grandepremio.com\/br\/wp-json\/wp\/v2\/media\/1000833779"}],"wp:attachment":[{"href":"https:\/\/grandepremio.com\/br\/wp-json\/wp\/v2\/media?parent=72232"}],"wp:term":[{"taxonomy":"category","embeddable":true,"href":"https:\/\/grandepremio.com\/br\/wp-json\/wp\/v2\/categories?post=72232"},{"taxonomy":"post_tag","embeddable":true,"href":"https:\/\/grandepremio.com\/br\/wp-json\/wp\/v2\/tags?post=72232"},{"taxonomy":"42wp_author","embeddable":true,"href":"https:\/\/grandepremio.com\/br\/wp-json\/wp\/v2\/42wp_author?post=72232"}],"curies":[{"name":"wp","href":"https:\/\/api.w.org\/{rel}","templated":true}]}}