{"id":72315,"date":"2024-06-29T13:23:45","date_gmt":"2024-06-29T16:23:45","guid":{"rendered":"https:\/\/grandepremio.com\/br\/noticias\/carlos-sainz-ve-ferrari-sofrendo-quiques-austria-crava-briga-com-mercedes\/"},"modified":"2024-06-29T13:37:42","modified_gmt":"2024-06-29T16:37:42","slug":"carlos-sainz-ve-ferrari-sofrendo-quiques-austria-crava-briga-com-mercedes","status":"publish","type":"post","link":"https:\/\/grandepremio.com\/br\/f1\/carlos-sainz-ve-ferrari-sofrendo-quiques-austria-crava-briga-com-mercedes\/","title":{"rendered":"Sainz v\u00ea Ferrari &#8220;sofrendo com quiques&#8221; na \u00c1ustria e crava: &#8220;Briga \u00e9 com Mercedes&#8221;"},"content":{"rendered":"\n<p class=\"wp-block-paragraph\"><strong>Carlos Sainz<\/strong> teve <a href=\"https:\/\/www.grandepremio.com\/br\/f1\/noticias\/max-verstappen-surra-rivais-casa-red-bull-conquista-pole-gp-austria-f1\/\">mais uma classifica\u00e7\u00e3o forte neste<\/a> s\u00e1bado (29) na <strong>\u00c1ustria<\/strong>. Depois de <a href=\"https:\/\/www.grandepremio.com\/br\/f1\/noticias\/max-verstappen-vence-duelo-mclaren-leva-corrida-sprint-gp-austria-f1\/\">bom rendimento na sprint<\/a>, o espanhol voltou a superar <strong>Charles Leclerc<\/strong> e colocou a <strong>Ferrari <\/strong>em quarto no grid da corrida de domingo, mesmo reclamando bastante de quiques em trechos de alta velocidade em <strong>Barcelona <\/strong>e no <strong>Red Bull Ring.<\/strong><\/p>\n\n\n\n<p class=\"wp-block-paragraph\">Segundo Sainz, a Ferrari conseguiu deixar o carro mais r\u00e1pido para a classifica\u00e7\u00e3o principal, mas sem se livrar dos problemas dos quiques. Leclerc, por exemplo, decolou na \u00faltima tentativa no Q3 ao passear fora do tra\u00e7ado.<\/p>\n\n\n\n<p class=\"wp-block-paragraph\">&#8220;Os quiques est\u00e3o nos fazendo sofrer bastante nas curvas r\u00e1pidas aqui e em Barcelona. Estamos sofrendo bastante. Estamos tentando mexer no carro para ver se resolvemos isso. Acho que melhoramos o carro, est\u00e1 mais r\u00e1pido, mas ainda sofremos muito com isso, tomei sustos importantes&#8221;, disse ao jornal espanhol Marca.<\/p>\n\n\n\n<p class=\"wp-block-paragraph\">Para o espanhol, a <strong>Mercedes <\/strong>tem vantagem diante da Ferrari na \u00c1ustria, mas \u00e9 com os prateados que os italianos podem brigar. Segundo Sainz,<strong> Max Verstappen<\/strong> e <strong>Lando Norris<\/strong> devem sobrar.<\/p>\n\n\n\n<figure class=\"wp-block-image size-large\"><img decoding=\"async\" src=\"https:\/\/www.grandepremio.com\/br\/wp-content\/uploads\/2024\/06\/austria-2024-f1-classificacao-ferrari-carlos-sainz-05-1200x800.jpg\" alt=\"\" class=\"wp-image-833576\"\/><figcaption class=\"wp-element-caption\">Carlos Sainz salvou uma segunda fila no GP da \u00c1ustria (Foto: Ferrari)<\/figcaption><\/figure>\n\n\n\n<p class=\"wp-block-paragraph\">&#8220;Fiz uma boa volta quando precisava, consegui me colocar entre as Mercedes, que acho que t\u00eam mais que a gente no fim de semana. Max est\u00e1 em outra liga e, a menos que aconte\u00e7a algo com Norris, tamb\u00e9m n\u00e3o chegaremos nele. O [Oscar] Piastri deveria estar l\u00e1 tamb\u00e9m. Nossa briga \u00e9 com a Mercedes, vamos tentar aproveitar a chance&#8221;, completou.<\/p>\n\n\n\n<p class=\"wp-block-paragraph\">Sainz<a href=\"https:\/\/www.grandepremio.com\/br\/f1\/noticias\/max-verstappen-amplia-mclaren-busca-ferrari-classificacao-sprint-austria\/\"> ocupa a quarta coloca\u00e7\u00e3o no<\/a> <strong>Mundial de Pilotos<\/strong>, com 120 pontos anotados, 30 a menos que o companheiro, Leclerc.<\/p>\n\n\n\n<p class=\"wp-block-paragraph\">O\u00a0<strong>GRANDE PR\u00caMIO<\/strong>\u00a0acompanha<strong>\u00a0<a href=\"https:\/\/www.grandepremio.com\/br\/ao-vivo\/f1\/\" target=\"_blank\" rel=\"noreferrer noopener\">AO VIVO<\/a><\/strong><a href=\"https:\/\/www.grandepremio.com\/br\/ao-vivo\/f1\/\" target=\"_blank\" rel=\"noreferrer noopener\">\u00a0e\u00a0<strong>EM\u00a0<\/strong><\/a><a href=\"https:\/\/www.grandepremio.com\/br\/ao-vivo\/\" target=\"_blank\" rel=\"noreferrer noopener\"><strong>TEMPO REAL<\/strong><\/a>\u00a0todas as atividades do\u00a0<strong>GP da \u00c1ustria\u00a0<\/strong>de\u00a0<a href=\"https:\/\/www.grandepremio.com\/br\/f1\/\" target=\"_blank\" rel=\"noreferrer noopener\">F\u00f3rmula 1<\/a>\u00a0e transmite classifica\u00e7\u00f5es e corridas em segunda tela, em parceria com a Voz do Esporte, na<strong>\u00a0<a href=\"https:\/\/www.youtube.com\/c\/GrandePremioTV\/streams\" target=\"_blank\" rel=\"noreferrer noopener\">GPTV, o canal do GP no Youtube<\/a><\/strong>. Al\u00e9m disso, debate tudo que aconteceu na pista com o\u00a0<strong>Briefing\u00a0<\/strong>ap\u00f3s treinos livres e classifica\u00e7\u00f5es, al\u00e9m de antes e depois das corridas. No domingo (30), os pilotos disputam a\u00a0<strong>corrida\u00a0<\/strong>no\u00a0<a href=\"https:\/\/www.grandepremio.com\/br\/circuito\/red-bull-ring\/\" target=\"_blank\" rel=\"noreferrer noopener\"><\/a><a href=\"https:\/\/www.grandepremio.com\/br\/circuito\/red-bull-ring\/\" target=\"_blank\" rel=\"noreferrer noopener\"><\/a><a href=\"https:\/\/www.grandepremio.com\/br\/circuito\/red-bull-ring\/\" target=\"_blank\" rel=\"noreferrer noopener\"><\/a><a href=\"https:\/\/www.grandepremio.com\/br\/circuito\/red-bull-ring\/\" target=\"_blank\" rel=\"noreferrer noopener\"><\/a><a href=\"https:\/\/www.grandepremio.com\/br\/circuito\/red-bull-ring\/\" target=\"_blank\" rel=\"noreferrer noopener\"><\/a><a href=\"https:\/\/www.grandepremio.com\/br\/circuito\/red-bull-ring\/\" target=\"_blank\" rel=\"noreferrer noopener\"><\/a><a href=\"https:\/\/www.grandepremio.com\/br\/circuito\/red-bull-ring\/\" target=\"_blank\" rel=\"noreferrer noopener\"><\/a><a href=\"https:\/\/www.grandepremio.com\/br\/circuito\/red-bull-ring\/\" target=\"_blank\" rel=\"noreferrer noopener\"><\/a><a href=\"https:\/\/www.grandepremio.com\/br\/circuito\/red-bull-ring\/\" target=\"_blank\" rel=\"noreferrer noopener\">Red Bull Ring<\/a>\u00a0a partir das\u00a0<strong>10h<\/strong>\u00a0(de Bras\u00edlia, GMT-3).<\/p>\n\n\n\n<p class=\"wp-block-paragraph\"><strong><img decoding=\"async\" src=\"https:\/\/a.slack-edge.com\/production-standard-emoji-assets\/14.0\/google-medium\/25b6-fe0f.png\" alt=\":seta_para_frente:\">\u00a0Inscreva-se nos dois canais do GRANDE PR\u00caMIO no YouTube:\u00a0<a href=\"https:\/\/www.youtube.com\/channel\/UC9OlHEgxoaY6QY6nWPoiqQg?sub_confirmation=1\" target=\"_blank\" rel=\"noreferrer noopener\">GP<\/a>\u00a0|\u00a0<a href=\"https:\/\/www.youtube.com\/channel\/UC9csiS6q_C3C0FYhyr1rnFA?sub_confirmation=1\" target=\"_blank\" rel=\"noreferrer noopener\">GP2<\/a><\/strong><br><strong><img decoding=\"async\" src=\"https:\/\/a.slack-edge.com\/production-standard-emoji-assets\/14.0\/google-medium\/25b6-fe0f.png\" alt=\":seta_para_frente:\">\u00a0LEIA TAMB\u00c9M:\u00a0<a href=\"https:\/\/www.grandepremio.com\/br\/f1\/noticias\/max-verstappen-vence-duelo-mclaren-leva-corrida-sprint-gp-austria-f1\/\">Verstappen vence duelo contra McLaren e leva corrida sprint na \u00c1ustria<\/a><\/strong><\/p>\n\n\n\n<figure class=\"wp-block-embed is-type-video is-provider-youtube wp-block-embed-youtube wp-embed-aspect-16-9 wp-has-aspect-ratio\"><div class=\"wp-block-embed__wrapper\">\n<iframe loading=\"lazy\" title=\"VERSTAPPEN 1\u00ba EM TUDO! NORRIS &amp;apos;AMADOR&amp;apos;: CORRIDA SPRINT E  CLASSIFICA\u00c7\u00c3O DA F1 NA \u00c1USTRIA | Briefing\" width=\"500\" height=\"281\" src=\"https:\/\/www.youtube.com\/embed\/cP4M4RihCJc?feature=oembed\" frameborder=\"0\" allow=\"accelerometer; autoplay; clipboard-write; encrypted-media; gyroscope; picture-in-picture; web-share\" referrerpolicy=\"strict-origin-when-cross-origin\" allowfullscreen><\/iframe>\n<\/div><\/figure>\n","protected":false},"excerpt":{"rendered":"<p>4\u00ba colocado no grid do GP da \u00c1ustria, Carlos Sainz valorizou bastante o resultado conquistado, deixando claro que a Ferrari, que sofre de novo com quiques, briga s\u00f3 com a Mercedes<\/p>\n","protected":false},"author":0,"featured_media":1000833667,"comment_status":"closed","ping_status":"closed","sticky":false,"template":"","format":"standard","meta":{"42wp_featured_image_caption":"","42wp_featured_image_credits":"","42wp_featured_video":"","42wp_featured_image_hidden":false,"42wp_authors_list":[],"footnotes":""},"categories":[2],"tags":[457,524,20491,309,26271,546,209,5273,211,302,147,3230,176,207,180,30909,800,1491,28285,3746,119,30840,117,485,547,87,25553,203,90,82,1521,35129,2916,676,204,1763,40050,31956,35518,3132,33301,612,215,597],"42wp_author":[47117],"class_list":["post-72315","post","type-post","status-publish","format-standard","has-post-thumbnail","hentry","category-f1","tag-alfa-romeo","tag-alphatauri","tag-alpine","tag-aston-martin","tag-calendario-f1","tag-carlos-sainz","tag-charles-leclerc","tag-classificacao-f1","tag-daniel-ricciardo","tag-esteban-ocon","tag-f1","tag-f1-2024","tag-fernando-alonso","tag-ferrari","tag-formula-1","tag-formula-1-2024","tag-george-russell","tag-grande-premio","tag-grandepremio","tag-guanyu-zhou","tag-haas","tag-horarios-f1","tag-kevin-magnussen","tag-lance-stroll","tag-lando-norris","tag-lewis-hamilton","tag-logan-sargeant","tag-max-verstappen","tag-mclaren","tag-mercedes","tag-nico-hulkenberg","tag-onde-assistir-f1","tag-oscar-piastri","tag-pierre-gasly","tag-red-bull","tag-red-bull-ring","tag-red-bull-ring-2024","tag-red-bull-ring-f1","tag-rodada-da-austria","tag-sergio-perez","tag-temporada-2024-f1","tag-valtteri-bottas","tag-williams","tag-yuki-tsunoda","42wp_author-gabriel-curty"],"_links":{"self":[{"href":"https:\/\/grandepremio.com\/br\/wp-json\/wp\/v2\/posts\/72315","targetHints":{"allow":["GET"]}}],"collection":[{"href":"https:\/\/grandepremio.com\/br\/wp-json\/wp\/v2\/posts"}],"about":[{"href":"https:\/\/grandepremio.com\/br\/wp-json\/wp\/v2\/types\/post"}],"replies":[{"embeddable":true,"href":"https:\/\/grandepremio.com\/br\/wp-json\/wp\/v2\/comments?post=72315"}],"version-history":[{"count":0,"href":"https:\/\/grandepremio.com\/br\/wp-json\/wp\/v2\/posts\/72315\/revisions"}],"wp:featuredmedia":[{"embeddable":true,"href":"https:\/\/grandepremio.com\/br\/wp-json\/wp\/v2\/media\/1000833667"}],"wp:attachment":[{"href":"https:\/\/grandepremio.com\/br\/wp-json\/wp\/v2\/media?parent=72315"}],"wp:term":[{"taxonomy":"category","embeddable":true,"href":"https:\/\/grandepremio.com\/br\/wp-json\/wp\/v2\/categories?post=72315"},{"taxonomy":"post_tag","embeddable":true,"href":"https:\/\/grandepremio.com\/br\/wp-json\/wp\/v2\/tags?post=72315"},{"taxonomy":"42wp_author","embeddable":true,"href":"https:\/\/grandepremio.com\/br\/wp-json\/wp\/v2\/42wp_author?post=72315"}],"curies":[{"name":"wp","href":"https:\/\/api.w.org\/{rel}","templated":true}]}}