{"id":72321,"date":"2024-06-29T12:55:07","date_gmt":"2024-06-29T15:55:07","guid":{"rendered":"https:\/\/grandepremio.com\/br\/noticias\/george-russell-anima-mercedes-3o-briga-verdade-ferrari-austria\/"},"modified":"2024-06-29T12:57:58","modified_gmt":"2024-06-29T15:57:58","slug":"george-russell-anima-mercedes-3o-briga-verdade-ferrari-austria","status":"publish","type":"post","link":"https:\/\/grandepremio.com\/br\/f1\/george-russell-anima-mercedes-3o-briga-verdade-ferrari-austria\/","title":{"rendered":"Russell se anima com Mercedes em 3\u00ba e v\u00ea &#8220;briga de verdade&#8221; contra Ferrari na \u00c1ustria"},"content":{"rendered":"\n<p class=\"wp-block-paragraph\">Ainda que herdado ap\u00f3s<strong> Oscar Piastri <\/strong>ter a volta deletada no <strong>Q3<\/strong> da classifica\u00e7\u00e3o deste s\u00e1bado (29), na <strong>\u00c1ustria<\/strong>, o terceiro lugar deixou <strong>George Russell <\/strong>confiante de que h\u00e1, de fato, uma briga direta contra a <strong>Ferrari<\/strong>. E a aposta do brit\u00e2nico da <strong>Mercedes <\/strong>\u00e9 no melhor acerto de corrida.<\/p>\n\n\n\n<p class=\"wp-block-paragraph\">Russell andou nas primeiras coloca\u00e7\u00f5es durante toda a classifica\u00e7\u00e3o, fechando a sess\u00e3o com 1min04s840, a 0s5 de <strong>Max Verstappen<\/strong>, o pole-position. Na entrevista concedida logo ap\u00f3s a disputa, George admitiu que a <strong>McLaren <\/strong>ainda est\u00e1 um passo \u00e0 frente, s\u00f3 que o terceiro lugar o surpreendeu positivamente.<\/p>\n\n\n\n<p class=\"wp-block-paragraph\">&#8220;O carro est\u00e1 \u00f3timo no momento. A equipe trabalhou muito para trazer essas atualiza\u00e7\u00f5es e parece que temos briga de verdade em nossas m\u00e3os, especialmente contra a Ferrari&#8221;, come\u00e7ou. &#8220;Ainda estamos um pouco atr\u00e1s da McLaren, Max estava voando hoje com a Red Bull, mas definitivamente estamos indo na dire\u00e7\u00e3o certa&#8221;, frisou.<\/p>\n\n\n\n<p class=\"wp-block-paragraph\">\u201cMudamos algumas coisas [no carro depois da sprint]. Mexemos no n\u00edvel das asas, o que ajudou um pouco e vai auxiliar na prepara\u00e7\u00e3o dos pneus para amanh\u00e3. Estou muito feliz por estar em terceiro porque comprometemos um pouco a classifica\u00e7\u00e3o pensando na corrida&#8221;, revelou.<\/p>\n\n\n\n<figure class=\"wp-block-image size-large\"><img decoding=\"async\" src=\"https:\/\/www.grandepremio.com\/br\/wp-content\/uploads\/2024\/06\/austria-2024-f1-classificacao-mercedes-george-russell-03-1200x800.jpg\" alt=\"\" class=\"wp-image-833578\"\/><figcaption class=\"wp-element-caption\">George Russell aposta em ritmo de corrida para pegar Ferrari (Foto: Mercedes)<\/figcaption><\/figure>\n\n\n\n<p class=\"wp-block-paragraph\">\u201cO fato \u00e9 que a McLaren ainda tem essa vantagem sobre n\u00f3s, mas, s\u00e3o tr\u00eas corridas em sequ\u00eancia que estamos no top-3, <strong>Lewis<\/strong> [<strong>Hamilton<\/strong>] e eu&#8221;, completou Russell, dizendo, por fim, que vai s\u00f3 ficar \u00e0 espera do que vai acontecer no duelo ente Verstappen e Norris na primeira fila.<\/p>\n\n\n\n<p class=\"wp-block-paragraph\">&#8220;Eles se arriscaram muito na sprint, ent\u00e3o vou ficar s\u00f3 observando para, quem sabe, mergulhar por dentro. Mas, realisticamente, eles t\u00eam mais ritmo que n\u00f3s. Devemos ficar para tr\u00e1s, infelizmente, portanto o importante \u00e9 n\u00e3o comprometermos muito nossa corrida lutando contra eles&#8221;, concluiu.<\/p>\n\n\n\n<p class=\"wp-block-paragraph\">O\u00a0<strong>GRANDE PR\u00caMIO<\/strong>\u00a0acompanha<strong>\u00a0<a href=\"https:\/\/www.grandepremio.com\/br\/ao-vivo\/f1\/\" target=\"_blank\" rel=\"noreferrer noopener\">AO VIVO<\/a><\/strong><a href=\"https:\/\/www.grandepremio.com\/br\/ao-vivo\/f1\/\" target=\"_blank\" rel=\"noreferrer noopener\">\u00a0e\u00a0<strong>EM\u00a0<\/strong><\/a><a href=\"https:\/\/www.grandepremio.com\/br\/ao-vivo\/\" target=\"_blank\" rel=\"noreferrer noopener\"><strong>TEMPO REAL<\/strong><\/a>\u00a0todas as atividades do\u00a0<strong>GP da \u00c1ustria\u00a0<\/strong>de\u00a0<a href=\"https:\/\/www.grandepremio.com\/br\/f1\/\" target=\"_blank\" rel=\"noreferrer noopener\">F\u00f3rmula 1<\/a>\u00a0e transmite classifica\u00e7\u00f5es e corridas em segunda tela, em parceria com a Voz do Esporte, na<strong>\u00a0<a href=\"https:\/\/www.youtube.com\/c\/GrandePremioTV\/streams\" target=\"_blank\" rel=\"noreferrer noopener\">GPTV, o canal do GP no Youtube<\/a><\/strong>. Al\u00e9m disso, debate tudo que aconteceu na pista com o\u00a0<strong>Briefing\u00a0<\/strong>ap\u00f3s treinos livres e classifica\u00e7\u00f5es, al\u00e9m de antes e depois das corridas. No domingo (30), os pilotos disputam a\u00a0<strong>corrida\u00a0<\/strong>no\u00a0<a href=\"https:\/\/www.grandepremio.com\/br\/circuito\/red-bull-ring\/\" target=\"_blank\" rel=\"noreferrer noopener\"><\/a><a href=\"https:\/\/www.grandepremio.com\/br\/circuito\/red-bull-ring\/\" target=\"_blank\" rel=\"noreferrer noopener\"><\/a><a href=\"https:\/\/www.grandepremio.com\/br\/circuito\/red-bull-ring\/\" target=\"_blank\" rel=\"noreferrer noopener\"><\/a><a href=\"https:\/\/www.grandepremio.com\/br\/circuito\/red-bull-ring\/\" target=\"_blank\" rel=\"noreferrer noopener\"><\/a><a href=\"https:\/\/www.grandepremio.com\/br\/circuito\/red-bull-ring\/\" target=\"_blank\" rel=\"noreferrer noopener\"><\/a><a href=\"https:\/\/www.grandepremio.com\/br\/circuito\/red-bull-ring\/\" target=\"_blank\" rel=\"noreferrer noopener\"><\/a><a href=\"https:\/\/www.grandepremio.com\/br\/circuito\/red-bull-ring\/\" target=\"_blank\" rel=\"noreferrer noopener\"><\/a><a href=\"https:\/\/www.grandepremio.com\/br\/circuito\/red-bull-ring\/\" target=\"_blank\" rel=\"noreferrer noopener\">Red Bull Ring<\/a>\u00a0a partir das\u00a0<strong>10h<\/strong>\u00a0(de Bras\u00edlia, GMT-3).<\/p>\n\n\n\n<p class=\"wp-block-paragraph\"><strong><img decoding=\"async\" src=\"https:\/\/a.slack-edge.com\/production-standard-emoji-assets\/14.0\/google-medium\/25b6-fe0f.png\" alt=\":seta_para_frente:\">\u00a0Inscreva-se nos dois canais do GRANDE PR\u00caMIO no YouTube:\u00a0<a href=\"https:\/\/www.youtube.com\/channel\/UC9OlHEgxoaY6QY6nWPoiqQg?sub_confirmation=1\" target=\"_blank\" rel=\"noreferrer noopener\">GP<\/a>\u00a0|\u00a0<a href=\"https:\/\/www.youtube.com\/channel\/UC9csiS6q_C3C0FYhyr1rnFA?sub_confirmation=1\" target=\"_blank\" rel=\"noreferrer noopener\">GP2<\/a><\/strong><br><strong><img decoding=\"async\" src=\"https:\/\/a.slack-edge.com\/production-standard-emoji-assets\/14.0\/google-medium\/25b6-fe0f.png\" alt=\":seta_para_frente:\">\u00a0LEIA TAMB\u00c9M:\u00a0<a href=\"https:\/\/www.grandepremio.com\/br\/f1\/noticias\/max-verstappen-vence-duelo-mclaren-leva-corrida-sprint-gp-austria-f1\/\">Verstappen vence duelo contra McLaren e leva corrida sprint na \u00c1ustria<\/a><\/strong><\/p>\n\n\n\n<figure class=\"wp-block-embed is-type-video is-provider-youtube wp-block-embed-youtube wp-embed-aspect-16-9 wp-has-aspect-ratio\"><div class=\"wp-block-embed__wrapper\">\n<iframe loading=\"lazy\" title=\"VERSTAPPEN 1\u00ba EM TUDO! NORRIS &amp;apos;AMADOR&amp;apos;: CORRIDA SPRINT E  CLASSIFICA\u00c7\u00c3O DA F1 NA \u00c1USTRIA | Briefing\" width=\"500\" height=\"281\" src=\"https:\/\/www.youtube.com\/embed\/cP4M4RihCJc?feature=oembed\" frameborder=\"0\" allow=\"accelerometer; autoplay; clipboard-write; encrypted-media; gyroscope; picture-in-picture; web-share\" referrerpolicy=\"strict-origin-when-cross-origin\" allowfullscreen><\/iframe>\n<\/div><\/figure>\n","protected":false},"excerpt":{"rendered":"<p>George Russell mais uma vez bateu a Ferrari e revelou que o resultado foi muito satisfat\u00f3rio, j\u00e1 que a Mercedes sacrificou um pouco da classifica\u00e7\u00e3o apostando no ritmo de corrida para o GP da \u00c1ustria<\/p>\n","protected":false},"author":0,"featured_media":1000833610,"comment_status":"closed","ping_status":"closed","sticky":false,"template":"","format":"standard","meta":{"42wp_featured_image_caption":"","42wp_featured_image_credits":"","42wp_featured_video":"","42wp_featured_image_hidden":false,"42wp_authors_list":[],"footnotes":""},"categories":[2],"tags":[26271,5273,147,3230,207,180,30909,800,1491,28285,30840,82,35129,1763,40050,31956,35518,33301],"42wp_author":[47147],"class_list":["post-72321","post","type-post","status-publish","format-standard","has-post-thumbnail","hentry","category-f1","tag-calendario-f1","tag-classificacao-f1","tag-f1","tag-f1-2024","tag-ferrari","tag-formula-1","tag-formula-1-2024","tag-george-russell","tag-grande-premio","tag-grandepremio","tag-horarios-f1","tag-mercedes","tag-onde-assistir-f1","tag-red-bull-ring","tag-red-bull-ring-2024","tag-red-bull-ring-f1","tag-rodada-da-austria","tag-temporada-2024-f1","42wp_author-luana-marino"],"_links":{"self":[{"href":"https:\/\/grandepremio.com\/br\/wp-json\/wp\/v2\/posts\/72321","targetHints":{"allow":["GET"]}}],"collection":[{"href":"https:\/\/grandepremio.com\/br\/wp-json\/wp\/v2\/posts"}],"about":[{"href":"https:\/\/grandepremio.com\/br\/wp-json\/wp\/v2\/types\/post"}],"replies":[{"embeddable":true,"href":"https:\/\/grandepremio.com\/br\/wp-json\/wp\/v2\/comments?post=72321"}],"version-history":[{"count":0,"href":"https:\/\/grandepremio.com\/br\/wp-json\/wp\/v2\/posts\/72321\/revisions"}],"wp:featuredmedia":[{"embeddable":true,"href":"https:\/\/grandepremio.com\/br\/wp-json\/wp\/v2\/media\/1000833610"}],"wp:attachment":[{"href":"https:\/\/grandepremio.com\/br\/wp-json\/wp\/v2\/media?parent=72321"}],"wp:term":[{"taxonomy":"category","embeddable":true,"href":"https:\/\/grandepremio.com\/br\/wp-json\/wp\/v2\/categories?post=72321"},{"taxonomy":"post_tag","embeddable":true,"href":"https:\/\/grandepremio.com\/br\/wp-json\/wp\/v2\/tags?post=72321"},{"taxonomy":"42wp_author","embeddable":true,"href":"https:\/\/grandepremio.com\/br\/wp-json\/wp\/v2\/42wp_author?post=72321"}],"curies":[{"name":"wp","href":"https:\/\/api.w.org\/{rel}","templated":true}]}}