{"id":72326,"date":"2024-06-29T12:49:27","date_gmt":"2024-06-29T15:49:27","guid":{"rendered":"https:\/\/grandepremio.com\/br\/noticias\/max-verstappen-elogia-carro-muito-melhor-espera-batalha-acirrada-austria\/"},"modified":"2024-06-29T13:43:34","modified_gmt":"2024-06-29T16:43:34","slug":"max-verstappen-elogia-carro-muito-melhor-espera-batalha-acirrada-austria","status":"publish","type":"post","link":"https:\/\/grandepremio.com\/br\/f1\/max-verstappen-elogia-carro-muito-melhor-espera-batalha-acirrada-austria\/","title":{"rendered":"Verstappen elogia carro &#8220;muito melhor&#8221; e espera &#8220;batalha acirrada&#8221; na \u00c1ustria"},"content":{"rendered":"\n<p class=\"wp-block-paragraph\">E deu <strong>Max Verstappen<\/strong> de novo no <strong>Red Bull Ring<\/strong>. Depois de ser o mais r\u00e1pido nas atividades de sexta-feira (28) e <a href=\"https:\/\/www.grandepremio.com\/br\/f1\/noticias\/max-verstappen-vence-duelo-mclaren-leva-corrida-sprint-gp-austria-f1\/\">vencer a corrida sprint<\/a> neste s\u00e1bado, o piloto da <strong>Red Bull<\/strong> <a href=\"https:\/\/www.grandepremio.com\/br\/f1\/noticias\/max-verstappen-surra-rivais-casa-red-bull-conquista-pole-gp-austria-f1\/\">conquistou a pole-position<\/a> para o <strong>GP da \u00c1ustria<\/strong>, 11\u00aa etapa da temporada 2024 da <strong>F\u00f3rmula 1<\/strong>. Ap\u00f3s a sess\u00e3o, o dono do <strong>RB20 #1<\/strong> citou as dificuldades enfrentadas por causa da alta temperatura da pista, mas garantiu que o b\u00f3lido taurino estava &#8220;muito melhor&#8221; do que no dia anterior.<\/p>\n\n\n\n<p class=\"wp-block-paragraph\">No grid de largada de domingo, o tricampe\u00e3o ter\u00e1 mais uma vez <strong>Lando Norris<\/strong>, da <strong>McLaren<\/strong>, ao seu lado, j\u00e1 que o brit\u00e2nico marcou 1min04s718 e garantiu a segunda posi\u00e7\u00e3o, assim como aconteceu na sprint. Por\u00e9m, diferentemente da classifica\u00e7\u00e3o anterior, a vantagem de Verstappen para o #4 foi muito maior, terminando em <strong>0s404<\/strong> ap\u00f3s o cron\u00f4metro zerar. O companheiro se <strong>Sergio P\u00e9rez<\/strong> ficou extremamente satisfeito com o seu desempenho e tamb\u00e9m da equipe.<\/p>\n\n\n\n<p class=\"wp-block-paragraph\">&#8220;A classifica\u00e7\u00e3o correu muito bem. Tentamos ajustar o carro um pouco depois das coisas que aprendemos esta manh\u00e3, e acho que deu certo&#8221;, come\u00e7ou Max ap\u00f3s a classifica\u00e7\u00e3o. <\/p>\n\n\n\n<p class=\"wp-block-paragraph\">&#8220;\u00c9 claro que a pista estava um pouco mais quente do que ontem, o que deixou a pilotagem mais complicada, mas o carro pareceu muito melhor para mim hoje. Realmente pude atacar um pouco mais nas curvas, todas as voltas foram pontuais e foi muito agrad\u00e1vel&#8221;, continuou.<\/p>\n\n\n\n<figure class=\"wp-block-image size-large\"><img decoding=\"async\" src=\"https:\/\/www.grandepremio.com\/br\/wp-content\/uploads\/2024\/06\/austria-2024-f1-classificacao-red-bull-max-verstappen-05-1200x800.jpg\" alt=\"\" class=\"wp-image-833717\"\/><figcaption class=\"wp-element-caption\">Max Verstappen (Foto: Red Bull Content Pool)<\/figcaption><\/figure>\n\n\n\n<p class=\"wp-block-paragraph\"><strong><img decoding=\"async\" src=\"https:\/\/a.slack-edge.com\/production-standard-emoji-assets\/14.0\/google-medium\/25b6-fe0f.png\" alt=\":seta_para_frente:\">&nbsp;Inscreva-se nos dois canais do GRANDE PR\u00caMIO no YouTube:&nbsp;<a href=\"https:\/\/www.youtube.com\/channel\/UC9OlHEgxoaY6QY6nWPoiqQg?sub_confirmation=1\" target=\"_blank\" rel=\"noreferrer noopener\">GP<\/a>&nbsp;|&nbsp;<a href=\"https:\/\/www.youtube.com\/channel\/UC9csiS6q_C3C0FYhyr1rnFA?sub_confirmation=1\" target=\"_blank\" rel=\"noreferrer noopener\">GP2<\/a><\/strong><br><strong><img decoding=\"async\" src=\"https:\/\/a.slack-edge.com\/production-standard-emoji-assets\/14.0\/google-medium\/25b6-fe0f.png\" alt=\":seta_para_frente:\">&nbsp;LEIA TAMB\u00c9M:&nbsp;<a href=\"https:\/\/www.grandepremio.com\/br\/f1\/noticias\/max-verstappen-vence-duelo-mclaren-leva-corrida-sprint-gp-austria-f1\/\">Verstappen vence duelo contra McLaren e leva corrida sprint na \u00c1ustria<\/a><\/strong><\/p>\n\n\n\n<p class=\"wp-block-paragraph\">Verstappen n\u00e3o conquistou a pole nas \u00faltimas tr\u00eas corridas \u2014 <strong>M\u00f4naco<\/strong>, <strong>Canad\u00e1<\/strong> e <strong>Espanha<\/strong> \u2014 e, por isso, comemorou o fato de estar de volta \u00e0 posi\u00e7\u00e3o de honra. &#8220;J\u00e1 fazia algum tempo que n\u00e3o fic\u00e1vamos na pole, ent\u00e3o \u00e9 \u00f3timo. \u00c9 uma sensa\u00e7\u00e3o incr\u00edvel. A equipe tem trabalhado muito duro para tornar o carro mais competitivo e acho que esta \u00e9 uma \u00f3tima resposta&#8221;, acrescentou, antes de falar sobre as expectativas para o GP da \u00c1ustria, quando ter\u00e1 Lando ao lado mais uma vez.<\/p>\n\n\n\n<p class=\"wp-block-paragraph\">&#8220;Espero que possamos mostrar isso tamb\u00e9m amanh\u00e3 na corrida. \u00c9 sempre bom correr [contra Norris]. Espero que seja uma batalha acirrada novamente, mas veremos&#8221;, finalizou o <a href=\"https:\/\/www.grandepremio.com\/br\/f1\/classificacao\/\">atual l\u00edder do Mundial de Pilotos<\/a>.<\/p>\n\n\n\n<p class=\"wp-block-paragraph\">O&nbsp;<strong>GRANDE PR\u00caMIO<\/strong>&nbsp;acompanha<strong>&nbsp;<a href=\"https:\/\/www.grandepremio.com\/br\/ao-vivo\/f1\/\" target=\"_blank\" rel=\"noreferrer noopener\">AO VIVO<\/a><\/strong><a href=\"https:\/\/www.grandepremio.com\/br\/ao-vivo\/f1\/\" target=\"_blank\" rel=\"noreferrer noopener\">&nbsp;e&nbsp;<strong>EM&nbsp;<\/strong><\/a><a href=\"https:\/\/www.grandepremio.com\/br\/ao-vivo\/\" target=\"_blank\" rel=\"noreferrer noopener\"><strong>TEMPO REAL<\/strong><\/a>&nbsp;todas as atividades do&nbsp;<strong>GP da \u00c1ustria&nbsp;<\/strong>de&nbsp;<a href=\"https:\/\/www.grandepremio.com\/br\/f1\/\" target=\"_blank\" rel=\"noreferrer noopener\">F\u00f3rmula 1<\/a>&nbsp;e transmite classifica\u00e7\u00f5es e corridas em segunda tela, em parceria com a Voz do Esporte, na<strong>&nbsp;<a href=\"https:\/\/www.youtube.com\/c\/GrandePremioTV\/streams\" target=\"_blank\" rel=\"noreferrer noopener\">GPTV, o canal do GP no Youtube<\/a><\/strong>. Al\u00e9m disso, debate tudo que aconteceu na pista com o&nbsp;<strong>Briefing&nbsp;<\/strong>ap\u00f3s treinos livres e classifica\u00e7\u00f5es, al\u00e9m de antes e depois das corridas. No domingo (30), os pilotos disputam a&nbsp;<strong>corrida&nbsp;<\/strong>no&nbsp;<a href=\"https:\/\/www.grandepremio.com\/br\/circuito\/red-bull-ring\/\" target=\"_blank\" rel=\"noreferrer noopener\"><\/a><a href=\"https:\/\/www.grandepremio.com\/br\/circuito\/red-bull-ring\/\" target=\"_blank\" rel=\"noreferrer noopener\"><\/a><a href=\"https:\/\/www.grandepremio.com\/br\/circuito\/red-bull-ring\/\" target=\"_blank\" rel=\"noreferrer noopener\"><\/a><a href=\"https:\/\/www.grandepremio.com\/br\/circuito\/red-bull-ring\/\" target=\"_blank\" rel=\"noreferrer noopener\"><\/a><a href=\"https:\/\/www.grandepremio.com\/br\/circuito\/red-bull-ring\/\" target=\"_blank\" rel=\"noreferrer noopener\"><\/a><a href=\"https:\/\/www.grandepremio.com\/br\/circuito\/red-bull-ring\/\" target=\"_blank\" rel=\"noreferrer noopener\"><\/a><a href=\"https:\/\/www.grandepremio.com\/br\/circuito\/red-bull-ring\/\" target=\"_blank\" rel=\"noreferrer noopener\"><\/a><a href=\"https:\/\/www.grandepremio.com\/br\/circuito\/red-bull-ring\/\" target=\"_blank\" rel=\"noreferrer noopener\">Red Bull Ring<\/a>&nbsp;a partir das&nbsp;<strong>10h<\/strong>&nbsp;(de Bras\u00edlia, GMT-3).<\/p>\n\n\n\n<figure class=\"wp-block-embed is-type-video is-provider-youtube wp-block-embed-youtube wp-embed-aspect-16-9 wp-has-aspect-ratio\"><div class=\"wp-block-embed__wrapper\">\n<iframe loading=\"lazy\" title=\"VERSTAPPEN 1\u00ba EM TUDO! NORRIS &amp;apos;AMADOR&amp;apos;: CORRIDA SPRINT E  CLASSIFICA\u00c7\u00c3O DA F1 NA \u00c1USTRIA | Briefing\" width=\"500\" height=\"281\" src=\"https:\/\/www.youtube.com\/embed\/cP4M4RihCJc?feature=oembed\" frameborder=\"0\" allow=\"accelerometer; autoplay; clipboard-write; encrypted-media; gyroscope; picture-in-picture; web-share\" referrerpolicy=\"strict-origin-when-cross-origin\" allowfullscreen><\/iframe>\n<\/div><\/figure>\n","protected":false},"excerpt":{"rendered":"<p>Max Verstappen esmagou advers\u00e1rios e conquistou a pole-position para o GP da \u00c1ustria. Tricampe\u00e3o ainda destacou o bom desempenho do carro da Red Bull neste s\u00e1bado (29), no Red Bull Ring<\/p>\n","protected":false},"author":0,"featured_media":1000833780,"comment_status":"closed","ping_status":"closed","sticky":false,"template":"","format":"standard","meta":{"42wp_featured_image_caption":"","42wp_featured_image_credits":"","42wp_featured_video":"","42wp_featured_image_hidden":false,"42wp_authors_list":[],"footnotes":""},"categories":[2],"tags":[27776,34186,27487,35624,37759,5660,8235,37760,969,147,3230,642,11958,160,37761,180,30909,23783,40037,1491,30103,28285,203,204,1763],"42wp_author":[47160],"class_list":["post-72326","post","type-post","status-publish","format-standard","has-post-thumbnail","hentry","category-f1","tag-assistir-f1-ao-vivo","tag-assistir-f1-gratis","tag-assistir-f1-online","tag-calendario-f1-2024","tag-calendario-f1-2024-horarios","tag-classificacao","tag-classificacao-da-f1","tag-classificacao-f1-2024","tag-corrida","tag-f1","tag-f1-2024","tag-f1-ao-vivo","tag-f1-live","tag-f1-tv","tag-f1-tv-2024","tag-formula-1","tag-formula-1-2024","tag-gp-da-austria","tag-gp-da-austria-2024","tag-grande-premio","tag-grande-premio-f1","tag-grandepremio","tag-max-verstappen","tag-red-bull","tag-red-bull-ring","42wp_author-vicente-soella"],"_links":{"self":[{"href":"https:\/\/grandepremio.com\/br\/wp-json\/wp\/v2\/posts\/72326","targetHints":{"allow":["GET"]}}],"collection":[{"href":"https:\/\/grandepremio.com\/br\/wp-json\/wp\/v2\/posts"}],"about":[{"href":"https:\/\/grandepremio.com\/br\/wp-json\/wp\/v2\/types\/post"}],"replies":[{"embeddable":true,"href":"https:\/\/grandepremio.com\/br\/wp-json\/wp\/v2\/comments?post=72326"}],"version-history":[{"count":0,"href":"https:\/\/grandepremio.com\/br\/wp-json\/wp\/v2\/posts\/72326\/revisions"}],"wp:featuredmedia":[{"embeddable":true,"href":"https:\/\/grandepremio.com\/br\/wp-json\/wp\/v2\/media\/1000833780"}],"wp:attachment":[{"href":"https:\/\/grandepremio.com\/br\/wp-json\/wp\/v2\/media?parent=72326"}],"wp:term":[{"taxonomy":"category","embeddable":true,"href":"https:\/\/grandepremio.com\/br\/wp-json\/wp\/v2\/categories?post=72326"},{"taxonomy":"post_tag","embeddable":true,"href":"https:\/\/grandepremio.com\/br\/wp-json\/wp\/v2\/tags?post=72326"},{"taxonomy":"42wp_author","embeddable":true,"href":"https:\/\/grandepremio.com\/br\/wp-json\/wp\/v2\/42wp_author?post=72326"}],"curies":[{"name":"wp","href":"https:\/\/api.w.org\/{rel}","templated":true}]}}