{"id":72392,"date":"2024-06-29T08:15:59","date_gmt":"2024-06-29T11:15:59","guid":{"rendered":"https:\/\/grandepremio.com\/br\/noticias\/max-verstappen-amplia-mclaren-busca-ferrari-classificacao-sprint-austria\/"},"modified":"2024-06-29T09:46:37","modified_gmt":"2024-06-29T12:46:37","slug":"max-verstappen-amplia-mclaren-busca-ferrari-classificacao-sprint-austria","status":"publish","type":"post","link":"https:\/\/grandepremio.com\/br\/f1\/max-verstappen-amplia-mclaren-busca-ferrari-classificacao-sprint-austria\/","title":{"rendered":"Verstappen amplia e McLaren busca Ferrari: confira classifica\u00e7\u00e3o ap\u00f3s sprint da \u00c1ustria"},"content":{"rendered":"\n<p class=\"wp-block-paragraph\">Com mais uma vit\u00f3ria na conta em <strong>corridas sprint<\/strong>, dessa vez na <strong>\u00c1ustria<\/strong>, <strong>Max Verstappen<\/strong> ampliou mais um pouquinho a dist\u00e2ncia para<strong> Lando Norris<\/strong> no <strong>Mundial de Pilotos<\/strong> da <strong>F\u00f3rmula 1 2024<\/strong>. O neerland\u00eas chegou a 227 pontos com o <a href=\"https:\/\/www.grandepremio.com\/br\/f1\/noticias\/max-verstappen-vence-duelo-mclaren-leva-corrida-sprint-gp-austria-f1\/\">triunfo deste s\u00e1bado (29)<\/a> e ainda viu o brit\u00e2nico da <strong>McLaren <\/strong>ser superado por <strong>Oscar Piastri<\/strong>, terminando em terceiro.<\/p>\n\n\n\n<p class=\"wp-block-paragraph\">Norris anotou 6 e chegou a 156 pontos, 5 a mais que<strong> Charles Leclerc<\/strong>, que conseguiu terminar a prova curta na zona de pontua\u00e7\u00e3o, descontando o preju\u00edzo ap\u00f3s ser apenas d\u00e9cimo na classifica\u00e7\u00e3o de sexta-feira. <strong>Sergio P\u00e9rez<\/strong>, por sua vez, anotou 1 tento e \u00e9 o quarto com 112.<\/p>\n\n\n\n<p class=\"wp-block-paragraph\">Esperto para tomar o segundo posto de Norris no momento da briga contra Verstappen, Piastri deixou a sprint com 7 pontos e agora soma 94. <strong>George Russell<\/strong> e <strong>Lewis Hamilton <\/strong>tamb\u00e9m terminaram entre os oito melhores da prova curta e aparecem com 86 e 73, respectivamente.<\/p>\n\n\n\n<p class=\"wp-block-paragraph\"><strong>Fernando Alonso<\/strong> e <strong>Yuki Tsunoda<\/strong> fecham o top-10 do Mundial. <strong>Guanyu Zhou<\/strong>, <strong>Valtteri Bottas <\/strong>e <strong>Logan Sargeant <\/strong>seguem sem marcar pontos na temporada.<\/p>\n\n\n\n<figure class=\"wp-block-image size-large\"><img decoding=\"async\" src=\"https:\/\/www.grandepremio.com\/br\/wp-content\/uploads\/2024\/06\/austria-2024-f1-corrida-sprint-mclaren-oscar-piastri-02-1200x800.jpg\" alt=\"\" class=\"wp-image-833299\"\/><figcaption class=\"wp-element-caption\">Oscar Piastri foi segundo e ajudou McLaren a descontar pontinhos da Ferrari (Foto: McLaren)<\/figcaption><\/figure>\n\n\n\n<p class=\"wp-block-paragraph\">Entre as equipes, a <strong>Red Bull<\/strong> (339) j\u00e1 leva 63 de vantagem para a <strong>Ferrari<\/strong>, que pontuou menos que a McLaren na sprint. Mesmo assim, os italianos possuem 276 na conta contra 250 dos ingleses. <strong>Mercedes <\/strong>\u00e9 a quarta, com 159, 101 pontos \u00e0 frente da <strong>Aston Martin<\/strong>. <strong>RB<\/strong> (28), <strong>Alpine <\/strong>(8), <strong>Haas <\/strong>(7) e <strong>Williams <\/strong>(2) v\u00eam na sequ\u00eancia, com a <strong>Sauber<\/strong> na lanterna, ainda zerada.<\/p>\n\n\n\n<p class=\"wp-block-paragraph\">O\u00a0<strong>GRANDE PR\u00caMIO<\/strong>\u00a0acompanha<strong>\u00a0<a href=\"https:\/\/www.grandepremio.com\/br\/ao-vivo\/f1\/\" target=\"_blank\" rel=\"noreferrer noopener\">AO VIVO<\/a><\/strong><a href=\"https:\/\/www.grandepremio.com\/br\/ao-vivo\/f1\/\" target=\"_blank\" rel=\"noreferrer noopener\">\u00a0e\u00a0<strong>EM\u00a0<\/strong><\/a><a href=\"https:\/\/www.grandepremio.com\/br\/ao-vivo\/\" target=\"_blank\" rel=\"noreferrer noopener\"><strong>TEMPO REAL<\/strong><\/a>\u00a0todas as atividades do\u00a0<strong>GP da \u00c1ustria\u00a0<\/strong>de\u00a0<a href=\"https:\/\/www.grandepremio.com\/br\/f1\/\" target=\"_blank\" rel=\"noreferrer noopener\">F\u00f3rmula 1<\/a>\u00a0e transmite classifica\u00e7\u00f5es e corridas em segunda tela, em parceria com a Voz do Esporte, na<strong>\u00a0<a href=\"https:\/\/www.youtube.com\/c\/GrandePremioTV\/streams\" target=\"_blank\" rel=\"noreferrer noopener\">GPTV, o canal do GP no Youtube<\/a><\/strong>. Al\u00e9m disso, debate tudo que aconteceu na pista com o\u00a0<strong>Briefing\u00a0<\/strong>ap\u00f3s treinos livres e classifica\u00e7\u00f5es, al\u00e9m de antes e depois das corridas. No s\u00e1bado (29), a\u00a0<strong>classifica\u00e7\u00e3o\u00a0<\/strong>oficial ser\u00e1 \u00e0s\u00a0<strong>11h<\/strong>\u00a0(de Bras\u00edlia, GMT-3). Por fim, no domingo (30), os pilotos disputam a\u00a0<strong>corrida\u00a0<\/strong>no\u00a0<a href=\"https:\/\/www.grandepremio.com\/br\/circuito\/red-bull-ring\/\" target=\"_blank\" rel=\"noreferrer noopener\"><\/a><a href=\"https:\/\/www.grandepremio.com\/br\/circuito\/red-bull-ring\/\" target=\"_blank\" rel=\"noreferrer noopener\"><\/a><a href=\"https:\/\/www.grandepremio.com\/br\/circuito\/red-bull-ring\/\" target=\"_blank\" rel=\"noreferrer noopener\"><\/a><a href=\"https:\/\/www.grandepremio.com\/br\/circuito\/red-bull-ring\/\" target=\"_blank\" rel=\"noreferrer noopener\"><\/a><a href=\"https:\/\/www.grandepremio.com\/br\/circuito\/red-bull-ring\/\" target=\"_blank\" rel=\"noreferrer noopener\"><\/a><a href=\"https:\/\/www.grandepremio.com\/br\/circuito\/red-bull-ring\/\" target=\"_blank\" rel=\"noreferrer noopener\"><\/a><a href=\"https:\/\/www.grandepremio.com\/br\/circuito\/red-bull-ring\/\" target=\"_blank\" rel=\"noreferrer noopener\"><\/a><a href=\"https:\/\/www.grandepremio.com\/br\/circuito\/red-bull-ring\/\" target=\"_blank\" rel=\"noreferrer noopener\"><\/a><a href=\"https:\/\/www.grandepremio.com\/br\/circuito\/red-bull-ring\/\" target=\"_blank\" rel=\"noreferrer noopener\"><\/a><a href=\"https:\/\/www.grandepremio.com\/br\/circuito\/red-bull-ring\/\" target=\"_blank\" rel=\"noreferrer noopener\"><\/a><a href=\"https:\/\/www.grandepremio.com\/br\/circuito\/red-bull-ring\/\" target=\"_blank\" rel=\"noreferrer noopener\">Red Bull Ring<\/a>\u00a0a partir das\u00a0<strong>10h<\/strong>.<\/p>\n\n\n\n<p class=\"wp-block-paragraph\"><strong>F\u00f3rmula 1 2024, Mundial de Pilotos ap\u00f3s corrida sprint do GP da \u00c1ustria:<\/strong><\/p>\n\n\n\n<figure class=\"wp-block-table\"><table><tbody><tr><td>POS<\/td><td>Piloto<\/td><td>Equipe<\/td><td>Pontos<\/td><\/tr><tr><td>1<\/td><td>M VERSTAPPEN<\/td><td>Red Bull RBPT Honda<\/td><td>227&nbsp;&nbsp;&nbsp;<\/td><\/tr><tr><td>2<\/td><td>L NORRIS<\/td><td>McLaren Mercedes<\/td><td>156&nbsp;&nbsp;&nbsp;<\/td><\/tr><tr><td>3<\/td><td>C LECLERC<\/td><td>Ferrari<\/td><td>150&nbsp;&nbsp;&nbsp;<\/td><\/tr><tr><td>4<\/td><td>C SAINZ<\/td><td>Ferrari<\/td><td>120&nbsp;&nbsp;&nbsp;<\/td><\/tr><tr><td>5<\/td><td>S P\u00c9REZ<\/td><td>Red Bull RBPT Honda<\/td><td>112&nbsp;&nbsp;&nbsp;<\/td><\/tr><tr><td>6<\/td><td>O PIASTRI<\/td><td>McLaren Mercedes<\/td><td>94&nbsp;&nbsp;&nbsp;<\/td><\/tr><tr><td>7<\/td><td>G RUSSELL<\/td><td>Mercedes<\/td><td>86&nbsp;&nbsp;&nbsp;<\/td><\/tr><tr><td>8<\/td><td>L HAMILTON<\/td><td>Mercedes<\/td><td>73&nbsp;&nbsp;&nbsp;<\/td><\/tr><tr><td>9<\/td><td>F ALONSO<\/td><td>Aston Martin Mercedes<\/td><td>41&nbsp;&nbsp;&nbsp;<\/td><\/tr><tr><td>10<\/td><td>Y TSUNODA<\/td><td>RB Honda<\/td><td>19&nbsp;&nbsp;&nbsp;<\/td><\/tr><tr><td>11<\/td><td>L STROLL<\/td><td>Aston Martin Mercedes<\/td><td>17&nbsp;&nbsp;&nbsp;<\/td><\/tr><tr><td>12<\/td><td>D RICCIARDO<\/td><td>RB Honda<\/td><td>9&nbsp;&nbsp;&nbsp;<\/td><\/tr><tr><td>13<\/td><td>O BEARMAN<\/td><td>Ferrari<\/td><td>6&nbsp;&nbsp;&nbsp;<\/td><\/tr><tr><td>14<\/td><td>N H\u00dcLKENBERG<\/td><td>Haas Ferrari<\/td><td>6&nbsp;&nbsp;&nbsp;<\/td><\/tr><tr><td>15<\/td><td>P GASLY<\/td><td>Alpine<\/td><td>5&nbsp;&nbsp;&nbsp;<\/td><\/tr><tr><td>16<\/td><td>E OCON<\/td><td>Alpine<\/td><td>3&nbsp;&nbsp;&nbsp;<\/td><\/tr><tr><td>17<\/td><td>A ALBON<\/td><td>Williams Mercedes<\/td><td>2&nbsp;&nbsp;&nbsp;<\/td><\/tr><tr><td>18<\/td><td>K MAGNUSSEN<\/td><td>Haas Ferrari<\/td><td>1&nbsp;&nbsp;&nbsp;<\/td><\/tr><tr><td>19<\/td><td>V BOTTAS<\/td><td>Sauber Ferrari<\/td><td>0&nbsp;&nbsp;&nbsp;<\/td><\/tr><tr><td>20<\/td><td>G ZHOU<\/td><td>Sauber Ferrari<\/td><td>0&nbsp;&nbsp;&nbsp;<\/td><\/tr><tr><td>21<\/td><td>L SARGEANT<\/td><td>Williams Mercedes<\/td><td>0&nbsp;&nbsp;&nbsp;<\/td><\/tr><\/tbody><\/table><\/figure>\n\n\n\n<p class=\"wp-block-paragraph\"><strong>Mundial de Construtores:<\/strong><\/p>\n\n\n\n<figure class=\"wp-block-table\"><table><tbody><tr><td>POS<\/td><td>Equipes<\/td><td>Pontos<\/td><\/tr><tr><td>1<\/td><td>Red Bull<\/td><td>339<\/td><\/tr><tr><td>2<\/td><td>Ferrari<\/td><td>276<\/td><\/tr><tr><td>3<\/td><td>McLaren<\/td><td>250<\/td><\/tr><tr><td>4<\/td><td>Mercedes<\/td><td>159<\/td><\/tr><tr><td>5<\/td><td>Aston Martin<\/td><td>58<\/td><\/tr><tr><td>6<\/td><td>RB<\/td><td>28<\/td><\/tr><tr><td>7<\/td><td>Haas<\/td><td>7<\/td><\/tr><tr><td>8<\/td><td>Alpine<\/td><td>5<\/td><\/tr><tr><td>9<\/td><td>Williams<\/td><td>2<\/td><\/tr><tr><td>10<\/td><td>Sauber<\/td><td>0<\/td><\/tr><\/tbody><\/table><\/figure>\n\n\n\n<p class=\"wp-block-paragraph\"><strong><img decoding=\"async\" src=\"https:\/\/a.slack-edge.com\/production-standard-emoji-assets\/14.0\/google-medium\/25b6-fe0f.png\" alt=\":seta_para_frente:\">\u00a0Inscreva-se nos dois canais do GRANDE PR\u00caMIO no YouTube:\u00a0<a href=\"https:\/\/www.youtube.com\/channel\/UC9OlHEgxoaY6QY6nWPoiqQg?sub_confirmation=1\" target=\"_blank\" rel=\"noreferrer noopener\">GP<\/a>\u00a0|\u00a0<a href=\"https:\/\/www.youtube.com\/channel\/UC9csiS6q_C3C0FYhyr1rnFA?sub_confirmation=1\" target=\"_blank\" rel=\"noreferrer noopener\">GP2<\/a><\/strong><br><strong><img decoding=\"async\" src=\"https:\/\/a.slack-edge.com\/production-standard-emoji-assets\/14.0\/google-medium\/25b6-fe0f.png\" alt=\":seta_para_frente:\">\u00a0LEIA TAMB\u00c9M:\u00a0<a href=\"https:\/\/www.grandepremio.com\/br\/f1\/noticias\/jos-verstappen-explode-chama-chefe-red-bull-infantil-de-saco-cheio\/\">Jos Verstappen explode e chama Horner de \u201cinfantil\u201d: \u201cDe saco cheio\u201d<\/a><\/strong><\/p>\n\n\n\n<figure class=\"wp-block-embed is-type-video is-provider-youtube wp-block-embed-youtube wp-embed-aspect-16-9 wp-has-aspect-ratio\"><div class=\"wp-block-embed__wrapper\">\n<iframe loading=\"lazy\" title=\"TRETA NA RED BULL, VERSTAPPEN 1\u00ba e NORRIS 2\u00ba: F1 \u00c1USTRIA 2024: a CLASSIFICA\u00c7\u00c3O SPRINT | Briefing\" width=\"500\" height=\"281\" src=\"https:\/\/www.youtube.com\/embed\/nTa8EGO5FWU?feature=oembed\" frameborder=\"0\" allow=\"accelerometer; autoplay; clipboard-write; encrypted-media; gyroscope; picture-in-picture; web-share\" referrerpolicy=\"strict-origin-when-cross-origin\" allowfullscreen><\/iframe>\n<\/div><\/figure>\n","protected":false},"excerpt":{"rendered":"<p>Max Verstappen agora tem 227 pontos, 71 a mais que Lando Norris, que terminou em terceiro na sprint deste s\u00e1bado (29), na \u00c1ustria<\/p>\n","protected":false},"author":0,"featured_media":1000833258,"comment_status":"closed","ping_status":"closed","sticky":false,"template":"","format":"standard","meta":{"42wp_featured_image_caption":"","42wp_featured_image_credits":"","42wp_featured_video":"","42wp_featured_image_hidden":false,"42wp_authors_list":[],"footnotes":""},"categories":[2],"tags":[457,524,20491,309,26271,546,209,5273,211,302,147,3230,176,207,180,30909,800,1491,28285,3746,119,30840,117,485,547,87,25553,203,90,82,1521,35129,2916,676,204,1763,40050,31956,35518,3132,33301,612,215,597],"42wp_author":[47147],"class_list":["post-72392","post","type-post","status-publish","format-standard","has-post-thumbnail","hentry","category-f1","tag-alfa-romeo","tag-alphatauri","tag-alpine","tag-aston-martin","tag-calendario-f1","tag-carlos-sainz","tag-charles-leclerc","tag-classificacao-f1","tag-daniel-ricciardo","tag-esteban-ocon","tag-f1","tag-f1-2024","tag-fernando-alonso","tag-ferrari","tag-formula-1","tag-formula-1-2024","tag-george-russell","tag-grande-premio","tag-grandepremio","tag-guanyu-zhou","tag-haas","tag-horarios-f1","tag-kevin-magnussen","tag-lance-stroll","tag-lando-norris","tag-lewis-hamilton","tag-logan-sargeant","tag-max-verstappen","tag-mclaren","tag-mercedes","tag-nico-hulkenberg","tag-onde-assistir-f1","tag-oscar-piastri","tag-pierre-gasly","tag-red-bull","tag-red-bull-ring","tag-red-bull-ring-2024","tag-red-bull-ring-f1","tag-rodada-da-austria","tag-sergio-perez","tag-temporada-2024-f1","tag-valtteri-bottas","tag-williams","tag-yuki-tsunoda","42wp_author-luana-marino"],"_links":{"self":[{"href":"https:\/\/grandepremio.com\/br\/wp-json\/wp\/v2\/posts\/72392","targetHints":{"allow":["GET"]}}],"collection":[{"href":"https:\/\/grandepremio.com\/br\/wp-json\/wp\/v2\/posts"}],"about":[{"href":"https:\/\/grandepremio.com\/br\/wp-json\/wp\/v2\/types\/post"}],"replies":[{"embeddable":true,"href":"https:\/\/grandepremio.com\/br\/wp-json\/wp\/v2\/comments?post=72392"}],"version-history":[{"count":0,"href":"https:\/\/grandepremio.com\/br\/wp-json\/wp\/v2\/posts\/72392\/revisions"}],"wp:featuredmedia":[{"embeddable":true,"href":"https:\/\/grandepremio.com\/br\/wp-json\/wp\/v2\/media\/1000833258"}],"wp:attachment":[{"href":"https:\/\/grandepremio.com\/br\/wp-json\/wp\/v2\/media?parent=72392"}],"wp:term":[{"taxonomy":"category","embeddable":true,"href":"https:\/\/grandepremio.com\/br\/wp-json\/wp\/v2\/categories?post=72392"},{"taxonomy":"post_tag","embeddable":true,"href":"https:\/\/grandepremio.com\/br\/wp-json\/wp\/v2\/tags?post=72392"},{"taxonomy":"42wp_author","embeddable":true,"href":"https:\/\/grandepremio.com\/br\/wp-json\/wp\/v2\/42wp_author?post=72392"}],"curies":[{"name":"wp","href":"https:\/\/api.w.org\/{rel}","templated":true}]}}