{"id":72469,"date":"2024-06-28T19:11:34","date_gmt":"2024-06-28T22:11:34","guid":{"rendered":"https:\/\/grandepremio.com\/br\/noticias\/5-coisas-que-aprendemos-na-sexta-feira-do-gp-da-austria-da-formula-1-2024\/"},"modified":"2024-06-28T19:13:39","modified_gmt":"2024-06-28T22:13:39","slug":"5-coisas-que-aprendemos-na-sexta-feira-do-gp-da-austria-da-formula-1-2024","status":"publish","type":"post","link":"https:\/\/grandepremio.com\/br\/f1\/5-coisas-que-aprendemos-na-sexta-feira-do-gp-da-austria-da-formula-1-2024\/","title":{"rendered":"5 coisas que aprendemos na sexta-feira do GP da \u00c1ustria da F\u00f3rmula 1 2024"},"content":{"rendered":"\n<p class=\"wp-block-paragraph\">Em uma sexta-feira (28) de <a href=\"https:\/\/www.grandepremio.com\/br\/f1\/noticias\/max-verstappen-sobra-crava-pole-corrida-sprint-gp-austria-f1-lando-norris-2o\/\">mais uma pole conquistada<\/a> por <strong>Max Verstappen<\/strong>, a <strong>Red Bull <\/strong>resolveu tomar o notici\u00e1rio do <strong>GP da \u00c1ustria<\/strong> da pior forma poss\u00edvel: mais um epis\u00f3dio de implos\u00e3o. <strong>Jos Verstappen<\/strong> e <strong>Christian Horner <\/strong><a href=\"https:\/\/www.grandepremio.com\/br\/f1\/noticias\/jos-verstappen-explode-chama-chefe-red-bull-infantil-de-saco-cheio\/\">resolveram se encarar, xingar, desafiar um ao outro<\/a>. E \u00e9 dif\u00edcil imaginar que Max <a href=\"https:\/\/www.grandepremio.com\/br\/f1\/noticias\/chefe-red-bull-dispara-jos-esta-disponivel-mercedes-quer-max-verstappen\/\">n\u00e3o fique no meio do fogo cruzado<\/a>, mesmo vencendo sem parar.<\/p>\n\n\n\n<p class=\"wp-block-paragraph\">Dentro da pista, o neerland\u00eas teve mais uma performance s\u00f3lida para superar <strong>Lando Norris <\/strong>e <strong>Oscar Piastri,<\/strong> que largam no top-3 da corrida sprint deste s\u00e1bado. Quem fecha a segunda fila \u00e9 <strong>George Russell<\/strong>, de uma <strong>Mercedes <\/strong>que quer se afirmar de vez.<\/p>\n\n\n\n<p class=\"wp-block-paragraph\">Companheiro de Russell, <strong>Lewis Hamilton<\/strong> parte de sexto, atr\u00e1s de <strong>Carlos Sainz.<\/strong> A <strong>Ferrari<\/strong>, no entanto, voltou a sofrer:<strong> Charles Leclerc <\/strong>sai de d\u00e9cimo porque o carro quebrou bem no SQ3. Assim, na frente do monegasco partem <strong>Sergio P\u00e9rez, Esteban Ocon <\/strong>e <strong>Pierre Gasly. Fernando Alonso<\/strong>, em mais um dia do\u00eddo, ficou em 13\u00ba, atr\u00e1s de <strong>Lance Stroll.<\/strong><\/p>\n\n\n\n<p class=\"wp-block-paragraph\">O <strong>GRANDE PR\u00caMIO<\/strong> separou cinco coisas que aprendemos na sexta-feira do GP da \u00c1ustria, 11\u00aa etapa da <strong>F\u00f3rmula 1 2024:<\/strong><\/p>\n\n\n\n<figure class=\"wp-block-image size-large\"><img decoding=\"async\" src=\"https:\/\/www.grandepremio.com\/br\/wp-content\/uploads\/2024\/06\/austria-2024-f1-classificacao-sprint-red-bull-max-verstappen-04-1200x800.jpg\" alt=\"\" class=\"wp-image-832545\"\/><figcaption class=\"wp-element-caption\">Max Verstappen \u00e9 o pole da sprint da \u00c1ustria (Foto: Red Bull Content Pool)<\/figcaption><\/figure>\n\n\n\n<h2 class=\"wp-block-heading\" id=\"h-red-bull-resolve-implodir-na-corrida-de-casa-e-pole-de-verstappen-vira-detalhe\"><strong>Red Bull resolve implodir na corrida de casa. E pole de Verstappen vira detalhe<\/strong><\/h2>\n\n\n\n<p class=\"wp-block-paragraph\">O que era para ser uma corrida de recupera\u00e7\u00e3o t\u00e9cnica da Red Bull j\u00e1 foi completamente tomada pelo caos. Os austr\u00edacos resolveram quebrar pau na corrida de casa, na frente de tods os convidados. Jos Verstappen e Christian Horner s\u00e3o os piv\u00f4s da confus\u00e3o, mas a verdade \u00e9 que n\u00e3o tem como imaginar ningu\u00e9m de fora. Especialmente falando de Max, que antes de qualquer coisa \u00e9 filho de Jos. O neerland\u00eas tem a tarefa de manter os problemas fora da pista, mas, ainda que n\u00e3o seja afetado agora: at\u00e9 quando isso vai durar? Toto Wolff sorri e ati\u00e7a, enquanto isso.<\/p>\n\n\n\n<h2 class=\"wp-block-heading\" id=\"h-em-paz-e-competente-mclaren-poe-os-dois-no-top-3-do-grid-da-sprint\"><strong>Em paz e competente, McLaren p\u00f5e os dois no top-3 do grid da sprint<\/strong><\/h2>\n\n\n\n<p class=\"wp-block-paragraph\">Sem guerra interna e tecnicamente muito azeitadinha, a McLaren vem para competir firme de novo. A pole da sprint escapou no detalhe para Norris, mas os brit\u00e2nicos chegam com boas possibilidades ocupando o top-3 com os dois carros e at\u00e9 pensando em domingo. Com Piastri bem e recuperado, as chances dobram, at\u00e9 pensando em estrat\u00e9gia. \u00c9 fundamental que os pilotos estejam nos cascos, a parte t\u00e9cnica deve vir no confronto com Verstappen.<\/p>\n\n\n\n<h2 class=\"wp-block-heading\" id=\"h-mercedes-espeta-ferrari-de-novo-e-confirma-boa-fase\"><strong>Mercedes espeta Ferrari de novo e confirma boa fase<\/strong><\/h2>\n\n\n\n<p class=\"wp-block-paragraph\">Talvez, bem talvez, a Mercedes tenha mesmo voltado. Agora, em um tra\u00e7ado mais rapidinho, curto, din\u00e2mico, os prateados andaram bem de novo, amea\u00e7aram a McLaren e espetaram a Ferrari. Sainz se posicionou entre a dupla mercedista, \u00e9 verdade, mas Russell est\u00e1 na frente no grid da sprint. Importante somar pontinhos e manter a boa fase. Falta velocidade de reta, claro.<\/p>\n\n\n\n<h2 class=\"wp-block-heading\" id=\"h-ferrari-por-sua-vez-tem-mais-problemas-e-prova-momento-ruim\"><strong>Ferrari, por sua vez, tem mais problemas e prova momento ruim<\/strong><\/h2>\n\n\n\n<p class=\"wp-block-paragraph\">No elevador da F1, sobe prateado e desce vermelho. A Ferrari n\u00e3o se encontrou desde que venceu em M\u00f4naco e parece padecer cada vez mais em altas velocidades. Sainz meio que at\u00e9 festejou a quinta posi\u00e7\u00e3o, mas o time ainda teve mais problemas: Leclerc quebrou bem no SQ3 e ficou em d\u00e9cimo. A tend\u00eancia \u00e9 pontuar com os dois carros na sprint, mas n\u00e3o muito. E a McLaren vai chegando nos pontos\u2026<\/p>\n\n\n\n<figure class=\"wp-block-image size-large\"><img decoding=\"async\" src=\"https:\/\/www.grandepremio.com\/br\/wp-content\/uploads\/2024\/06\/austria-2024-f1-classificacao-sprint-ferrari-charles-leclerc-03-1200x675.jpg\" alt=\"\" class=\"wp-image-832614\"\/><figcaption class=\"wp-element-caption\">Charles Leclerc viveu um drama na classifica\u00e7\u00e3o da sprint da \u00c1ustria (Foto: Ferrari)<\/figcaption><\/figure>\n\n\n\n<h2 class=\"wp-block-heading\" id=\"h-alpine-ja-e-quinta-forca-ocon-e-gasly-voltam-ao-q3\"><strong>Alpine j\u00e1 \u00e9 quinta for\u00e7a? Ocon e Gasly voltam ao Q3<\/strong><\/h2>\n\n\n\n<p class=\"wp-block-paragraph\">Naquela briga que parece ser de quem \u00e9 menos pior, a Alpine vem &#8216;despiorando&#8217;. Os franceses, de novo, colocaram os dois pilotos no Q3 e andaram em ritmo digno. N\u00e3o t\u00e3o pr\u00f3ximos do grupo da frente quanto na Espanha, \u00e9 verdade, mas melhores que as Aston Martin e Haas da vida. N\u00e3o est\u00e1 bom, mas j\u00e1 esteve pior.<\/p>\n\n\n\n<p class=\"wp-block-paragraph\">O\u00a0<strong>GRANDE PR\u00caMIO<\/strong>\u00a0acompanha<strong>\u00a0<a href=\"https:\/\/www.grandepremio.com\/br\/ao-vivo\/f1\/\" target=\"_blank\" rel=\"noreferrer noopener\">AO VIVO<\/a><\/strong><a href=\"https:\/\/www.grandepremio.com\/br\/ao-vivo\/f1\/\" target=\"_blank\" rel=\"noreferrer noopener\">\u00a0e\u00a0<strong>EM\u00a0<\/strong><\/a><a href=\"https:\/\/www.grandepremio.com\/br\/ao-vivo\/\" target=\"_blank\" rel=\"noreferrer noopener\"><strong>TEMPO REAL<\/strong><\/a>\u00a0todas as atividades do\u00a0<strong>GP da \u00c1ustria\u00a0<\/strong>de\u00a0<a href=\"https:\/\/www.grandepremio.com\/br\/f1\/\" target=\"_blank\" rel=\"noreferrer noopener\">F\u00f3rmula 1<\/a>\u00a0e transmite classifica\u00e7\u00f5es e corridas em segunda tela, em parceria com a Voz do Esporte, na<strong>\u00a0<a href=\"https:\/\/www.youtube.com\/c\/GrandePremioTV\/streams\" target=\"_blank\" rel=\"noreferrer noopener\">GPTV, o canal do GP no Youtube<\/a><\/strong>. Al\u00e9m disso, debate tudo que aconteceu na pista com o\u00a0<strong>Briefing\u00a0<\/strong>ap\u00f3s treinos livres e classifica\u00e7\u00f5es, al\u00e9m de antes e depois das corridas. No s\u00e1bado (29), \u00e0s\u00a0<strong>7h<\/strong>\u00a0(de Bras\u00edlia, GMT-3), acontece a largada da\u00a0<strong>sprint<\/strong>, ao passo que a\u00a0<strong>classifica\u00e7\u00e3o\u00a0<\/strong>oficial ser\u00e1 \u00e0s\u00a0<strong>11h<\/strong>. Por fim, no domingo (30), os pilotos disputam a\u00a0<strong>corrida\u00a0<\/strong>no\u00a0<a href=\"https:\/\/www.grandepremio.com\/br\/circuito\/red-bull-ring\/\" target=\"_blank\" rel=\"noreferrer noopener\"><\/a><a href=\"https:\/\/www.grandepremio.com\/br\/circuito\/red-bull-ring\/\" target=\"_blank\" rel=\"noreferrer noopener\"><\/a><a href=\"https:\/\/www.grandepremio.com\/br\/circuito\/red-bull-ring\/\" target=\"_blank\" rel=\"noreferrer noopener\"><\/a><a href=\"https:\/\/www.grandepremio.com\/br\/circuito\/red-bull-ring\/\" target=\"_blank\" rel=\"noreferrer noopener\"><\/a><a href=\"https:\/\/www.grandepremio.com\/br\/circuito\/red-bull-ring\/\" target=\"_blank\" rel=\"noreferrer noopener\"><\/a><a href=\"https:\/\/www.grandepremio.com\/br\/circuito\/red-bull-ring\/\" target=\"_blank\" rel=\"noreferrer noopener\"><\/a><a href=\"https:\/\/www.grandepremio.com\/br\/circuito\/red-bull-ring\/\" target=\"_blank\" rel=\"noreferrer noopener\"><\/a><a href=\"https:\/\/www.grandepremio.com\/br\/circuito\/red-bull-ring\/\" target=\"_blank\" rel=\"noreferrer noopener\"><\/a><a href=\"https:\/\/www.grandepremio.com\/br\/circuito\/red-bull-ring\/\" target=\"_blank\" rel=\"noreferrer noopener\">Red Bull Ring<\/a>\u00a0a partir das\u00a0<strong>10h<\/strong>.<\/p>\n\n\n\n<p class=\"wp-block-paragraph\"><strong>Inscreva-se nos dois canais do\u00a0GRANDE PR\u00caMIO\u00a0no YouTube:\u00a0<a href=\"https:\/\/www.youtube.com\/channel\/UC9OlHEgxoaY6QY6nWPoiqQg?sub_confirmation=1\">GP<\/a>\u00a0|\u00a0<a href=\"https:\/\/www.youtube.com\/channel\/UC9csiS6q_C3C0FYhyr1rnFA?sub_confirmation=1\">GP2<\/a><br><a href=\"https:\/\/www.grandepremio.com\/br\/grandepremium\/ranking-gp\/f1\/materias\/as-notas-do-gp-da-espanha-da-f1-2024\/\">Ranking GP: as notas dos 20 pilotos no GP da Espanha de F1<\/a><\/strong><\/p>\n\n\n\n<figure class=\"wp-block-embed is-type-video is-provider-youtube wp-block-embed-youtube wp-embed-aspect-16-9 wp-has-aspect-ratio\"><div class=\"wp-block-embed__wrapper\">\n<iframe loading=\"lazy\" title=\"TRETA NA RED BULL, VERSTAPPEN 1\u00ba e NORRIS 2\u00ba: F1 \u00c1USTRIA 2024: a CLASSIFICA\u00c7\u00c3O SPRINT | Briefing\" width=\"500\" height=\"281\" src=\"https:\/\/www.youtube.com\/embed\/nTa8EGO5FWU?feature=oembed\" frameborder=\"0\" allow=\"accelerometer; autoplay; clipboard-write; encrypted-media; gyroscope; picture-in-picture; web-share\" referrerpolicy=\"strict-origin-when-cross-origin\" allowfullscreen><\/iframe>\n<\/div><\/figure>\n","protected":false},"excerpt":{"rendered":"<p>Max Verstappen confirmou o favoritismo e, em mais um duelo com Lando Norris, levou a melhor e ficou com a pole da corrida sprint do GP da \u00c1ustria. As McLaren cercaram o tricampe\u00e3o, enquanto a Mercedes voltou a dar dor de cabe\u00e7a para a Ferrari<\/p>\n","protected":false},"author":0,"featured_media":1000832256,"comment_status":"closed","ping_status":"closed","sticky":false,"template":"","format":"standard","meta":{"42wp_featured_image_caption":"","42wp_featured_image_credits":"","42wp_featured_video":"","42wp_featured_image_hidden":false,"42wp_authors_list":[],"footnotes":""},"categories":[2],"tags":[1417,457,524,20491,309,9393,40049,25362,26271,546,209,5273,211,302,147,3230,176,207,180,30909,800,1491,28285,3746,119,30840,117,485,547,87,25553,203,90,82,1521,35129,2916,676,204,1763,40050,31956,35518,3132,33301,612,215,597],"42wp_author":[47117],"class_list":["post-72469","post","type-post","status-publish","format-standard","has-post-thumbnail","hentry","category-f1","tag-alex-albon","tag-alfa-romeo","tag-alphatauri","tag-alpine","tag-aston-martin","tag-austria","tag-austria-2024","tag-austria-f1","tag-calendario-f1","tag-carlos-sainz","tag-charles-leclerc","tag-classificacao-f1","tag-daniel-ricciardo","tag-esteban-ocon","tag-f1","tag-f1-2024","tag-fernando-alonso","tag-ferrari","tag-formula-1","tag-formula-1-2024","tag-george-russell","tag-grande-premio","tag-grandepremio","tag-guanyu-zhou","tag-haas","tag-horarios-f1","tag-kevin-magnussen","tag-lance-stroll","tag-lando-norris","tag-lewis-hamilton","tag-logan-sargeant","tag-max-verstappen","tag-mclaren","tag-mercedes","tag-nico-hulkenberg","tag-onde-assistir-f1","tag-oscar-piastri","tag-pierre-gasly","tag-red-bull","tag-red-bull-ring","tag-red-bull-ring-2024","tag-red-bull-ring-f1","tag-rodada-da-austria","tag-sergio-perez","tag-temporada-2024-f1","tag-valtteri-bottas","tag-williams","tag-yuki-tsunoda","42wp_author-gabriel-curty"],"_links":{"self":[{"href":"https:\/\/grandepremio.com\/br\/wp-json\/wp\/v2\/posts\/72469","targetHints":{"allow":["GET"]}}],"collection":[{"href":"https:\/\/grandepremio.com\/br\/wp-json\/wp\/v2\/posts"}],"about":[{"href":"https:\/\/grandepremio.com\/br\/wp-json\/wp\/v2\/types\/post"}],"replies":[{"embeddable":true,"href":"https:\/\/grandepremio.com\/br\/wp-json\/wp\/v2\/comments?post=72469"}],"version-history":[{"count":0,"href":"https:\/\/grandepremio.com\/br\/wp-json\/wp\/v2\/posts\/72469\/revisions"}],"wp:featuredmedia":[{"embeddable":true,"href":"https:\/\/grandepremio.com\/br\/wp-json\/wp\/v2\/media\/1000832256"}],"wp:attachment":[{"href":"https:\/\/grandepremio.com\/br\/wp-json\/wp\/v2\/media?parent=72469"}],"wp:term":[{"taxonomy":"category","embeddable":true,"href":"https:\/\/grandepremio.com\/br\/wp-json\/wp\/v2\/categories?post=72469"},{"taxonomy":"post_tag","embeddable":true,"href":"https:\/\/grandepremio.com\/br\/wp-json\/wp\/v2\/tags?post=72469"},{"taxonomy":"42wp_author","embeddable":true,"href":"https:\/\/grandepremio.com\/br\/wp-json\/wp\/v2\/42wp_author?post=72469"}],"curies":[{"name":"wp","href":"https:\/\/api.w.org\/{rel}","templated":true}]}}