{"id":72484,"date":"2024-06-28T18:06:20","date_gmt":"2024-06-28T21:06:20","guid":{"rendered":"https:\/\/grandepremio.com\/br\/noticias\/jos-verstappen-responde-patetico-christian-horner-provoca-se-quiser-jogar-esse-jogo-pode-jogar\/"},"modified":"2024-06-28T18:13:43","modified_gmt":"2024-06-28T21:13:43","slug":"jos-verstappen-responde-patetico-christian-horner-provoca-se-quiser-jogar-esse-jogo-pode-jogar","status":"publish","type":"post","link":"https:\/\/grandepremio.com\/br\/f1\/jos-verstappen-responde-patetico-christian-horner-provoca-se-quiser-jogar-esse-jogo-pode-jogar\/","title":{"rendered":"Jos Verstappen responde &#8220;pat\u00e9tico&#8221; Horner e provoca: &#8220;Se quiser jogar esse jogo, pode jogar&#8221;"},"content":{"rendered":"\n<p class=\"wp-block-paragraph\">A troca de farpas entre <strong>Jos Verstappen<\/strong> e <strong>Christian Horner<\/strong>, que come\u00e7ou antes mesmo da sess\u00e3o de treinos livres na manh\u00e3 desta sexta-feira (28), no <strong>Red Bull Ring<\/strong>, acabou de ganhar um novo cap\u00edtulo. Agora, o pai de <strong>Max Verstappen<\/strong> classificou as supostas atitudes do chefe da <strong>Red Bull<\/strong> como &#8220;pat\u00e9ticas&#8221;, e ainda voltou a chamar o dirigente de &#8220;infantil&#8221;.<\/p>\n\n\n\n<p class=\"wp-block-paragraph\">Tudo come\u00e7ou quando o patriarca da fam\u00edlia Verstappen ficou sabendo que n\u00e3o participaria mais do tradicional Legends Parade (Desfile das Lendas, em tradu\u00e7\u00e3o livre) que acontecer\u00e1 no pr\u00f3ximo domingo, antes da largada do <strong>GP da \u00c1ustria<\/strong>, pois havia sido substitu\u00eddo de \u00faltima hora por <strong>Patrick Friesacher<\/strong>, que competiu na <strong>F\u00f3rmula 1<\/strong> em 2005, pela&nbsp;<strong>Minardi<\/strong>. Agora, o austr\u00edaco \u00e9 quem ser\u00e1 o respons\u00e1vel por guiar o <strong>RB8<\/strong> utilizado por <strong>Sebastian Vettel<\/strong> em 2012, e n\u00e3o mais Jos.<\/p>\n\n\n\n<p class=\"wp-block-paragraph\">Logo ap\u00f3s receber a not\u00edcia, o ex-piloto da <strong>Benetton<\/strong> rapidamente acusou Horner de ter sabotado a sua participa\u00e7\u00e3o no evento, <a href=\"https:\/\/www.grandepremio.com\/br\/f1\/noticias\/jos-verstappen-explode-chama-chefe-red-bull-infantil-de-saco-cheio\/\">dizendo que est\u00e1 &#8220;de saco cheio&#8221;<\/a> de ter de lidar com Christian. O dirigente, por sua vez, respondeu \u00e0s acusa\u00e7\u00f5es, deixando claro que &#8220;nunca tive problemas com os pais dos pilotos antes, e quaisquer que sejam os problemas de Jos,<a href=\"https:\/\/www.grandepremio.com\/br\/f1\/noticias\/chefe-red-bull-dispara-jos-esta-disponivel-mercedes-quer-max-verstappen\/\">&nbsp;n\u00e3o tenho nada a comentar sobre isso<\/a>&#8220;.<\/p>\n\n\n\n<p class=\"wp-block-paragraph\">Depois de ver Max <a href=\"https:\/\/www.grandepremio.com\/br\/galeria\/f1\/formula-1-2024-gp-austria-classificacao-sprint\/\">conquistar a pole-position para a corrida sprint<\/a> no<strong> <\/strong>circuito em <strong>Spielberg<\/strong>, o pai do tricampe\u00e3o voltou a soltar o verbo e criticou novamente a suposta sabotagem por parte do mandat\u00e1rio dos taurinos. &#8220;Quer saber, acho que \u00e9 um pouco pat\u00e9tico que ele esteja por tr\u00e1s disso s\u00f3 para n\u00e3o me ver naquele carro&#8221;, declarou ao portal neerland\u00eas <em>GPblog<\/em>.<\/p>\n\n\n\n<figure class=\"wp-block-image size-large\"><img decoding=\"async\" src=\"https:\/\/www.grandepremio.com\/br\/wp-content\/uploads\/2024\/05\/Jos-Verstappen-nao-aprovou-a-saida-de-Adrian-Newey-Foto-Reproducao-1024x683.jpg\" alt=\"\" class=\"wp-image-807804\"\/><figcaption class=\"wp-element-caption\">Atrito entre Jos Verstappen e Christian Horner pode influenciar futuro de Max Verstappen (Foto: Reprodu\u00e7\u00e3o)<\/figcaption><\/figure>\n\n\n\n<p class=\"wp-block-paragraph\"><strong><img decoding=\"async\" src=\"https:\/\/a.slack-edge.com\/production-standard-emoji-assets\/14.0\/google-medium\/25b6-fe0f.png\" alt=\":seta_para_frente:\">&nbsp;Inscreva-se nos dois canais do GRANDE PR\u00caMIO no YouTube:&nbsp;<a href=\"https:\/\/www.youtube.com\/channel\/UC9OlHEgxoaY6QY6nWPoiqQg?sub_confirmation=1\" target=\"_blank\" rel=\"noreferrer noopener\">GP<\/a>&nbsp;|&nbsp;<a href=\"https:\/\/www.youtube.com\/channel\/UC9csiS6q_C3C0FYhyr1rnFA?sub_confirmation=1\" target=\"_blank\" rel=\"noreferrer noopener\">GP2<\/a><\/strong><br><strong><img decoding=\"async\" src=\"https:\/\/a.slack-edge.com\/production-standard-emoji-assets\/14.0\/google-medium\/25b6-fe0f.png\" alt=\":seta_para_frente:\">&nbsp;LEIA TAMB\u00c9M:&nbsp;<a href=\"https:\/\/www.grandepremio.com\/br\/f1\/noticias\/jos-verstappen-explode-chama-chefe-red-bull-infantil-de-saco-cheio\/\">Jos Verstappen explode e chama Horner de \u201cinfantil\u201d: \u201cDe saco cheio\u201d<\/a><\/strong><\/p>\n\n\n\n<p class=\"wp-block-paragraph\">&#8220;Ent\u00e3o, tipo, se n\u00e3o sou eu quem vai participar do evento, quem se importa? \u00c9 para os f\u00e3s, deveria ser bom. Mas ele \u00e9 t\u00e3o infantil por querer jogar esse jogo. Bem, se ele quiser jogar, ele pode jogar&#8221;, esnobou Jos, que ent\u00e3o decidiu trocar a fita e come\u00e7ou a elogiar o desempenho do #1 na classifica\u00e7\u00e3o. Mas, claro, sem deixar de provocar a Red Bull, fazendo refer\u00eancia \u00e0 uma declara\u00e7\u00e3o feita por <strong>Toto Wolff<\/strong>, chefe da <strong>Mercedes<\/strong>, que afirmou que <a href=\"https:\/\/www.grandepremio.com\/br\/f1\/noticias\/mercedes-provoca-red-bull-enquanto-sonha-max-verstappen-quem-vence-e-ele-nao-carro\/\">&#8220;\u00e9 Max quem vence corrida, e n\u00e3o o carro&#8221;<\/a>.<\/p>\n\n\n\n<p class=\"wp-block-paragraph\">&#8220;Para mim, \u00e9 sempre Max [quem faz a diferen\u00e7a]. Tudo tem de estar certo. O carro tem de estar bom, sen\u00e3o voc\u00ea n\u00e3o consegue. E o piloto tamb\u00e9m tem de ser bom. Max continua sendo Max, e ele sabe o que fazer. Ele \u00e9 incrivelmente forte em tudo o que faz. E ele sabe como o jogo funciona. Voc\u00ea pode confiar nisso&#8221;, destacou.<\/p>\n\n\n\n<p class=\"wp-block-paragraph\">Por fim, Jos ainda falou da expectativa de ver Max e <strong>Lando Norris<\/strong> lado a lado mais uma vez, j\u00e1 que o #4 da <strong>McLaren<\/strong> <a href=\"https:\/\/www.grandepremio.com\/br\/f1\/noticias\/lando-norris-ve-boas-chances-para-duelar-max-verstappen-sprint-gp-austria\/\">conquistou a segunda posi\u00e7\u00e3o no grid de largada da sprint<\/a>, ficando apenas 0s093 atr\u00e1s do companheiro de <strong>Sergio P\u00e9rez<\/strong>. &#8220;Veja, os dois primeiros no campeonato est\u00e3o lado a lado novamente. \u00c9 isso que as pessoas querem ver. Est\u00e3o muito pr\u00f3ximos um do outro.&nbsp;Vai ser&nbsp;divertido!&#8221;, finalizou.<\/p>\n\n\n\n<p class=\"wp-block-paragraph\">O&nbsp;<strong>GRANDE PR\u00caMIO<\/strong>&nbsp;acompanha<strong>&nbsp;<a href=\"https:\/\/www.grandepremio.com\/br\/ao-vivo\/f1\/\" target=\"_blank\" rel=\"noreferrer noopener\">AO VIVO<\/a><\/strong><a href=\"https:\/\/www.grandepremio.com\/br\/ao-vivo\/f1\/\" target=\"_blank\" rel=\"noreferrer noopener\">&nbsp;e&nbsp;<strong>EM&nbsp;<\/strong><\/a><a href=\"https:\/\/www.grandepremio.com\/br\/ao-vivo\/\" target=\"_blank\" rel=\"noreferrer noopener\"><strong>TEMPO REAL<\/strong><\/a>&nbsp;todas as atividades do&nbsp;<strong>GP da \u00c1ustria&nbsp;<\/strong>de&nbsp;<a href=\"https:\/\/www.grandepremio.com\/br\/f1\/\" target=\"_blank\" rel=\"noreferrer noopener\">F\u00f3rmula 1<\/a>&nbsp;e transmite classifica\u00e7\u00f5es e corridas em segunda tela, em parceria com a Voz do Esporte, na<strong>&nbsp;<a href=\"https:\/\/www.youtube.com\/c\/GrandePremioTV\/streams\" target=\"_blank\" rel=\"noreferrer noopener\">GPTV, o canal do GP no Youtube<\/a><\/strong>. Al\u00e9m disso, debate tudo que aconteceu na pista com o&nbsp;<strong>Briefing&nbsp;<\/strong>ap\u00f3s treinos livres e classifica\u00e7\u00f5es, al\u00e9m de antes e depois das corridas. No s\u00e1bado (29), \u00e0s&nbsp;<strong>7h<\/strong>&nbsp;(de Bras\u00edlia, GMT-3), acontece a largada da&nbsp;<strong>sprint<\/strong>, ao passo que a&nbsp;<strong>classifica\u00e7\u00e3o&nbsp;<\/strong>oficial ser\u00e1 \u00e0s&nbsp;<strong>11h<\/strong>. Por fim, no domingo (30), os pilotos disputam a&nbsp;<strong>corrida&nbsp;<\/strong>no&nbsp;<a href=\"https:\/\/www.grandepremio.com\/br\/circuito\/red-bull-ring\/\" target=\"_blank\" rel=\"noreferrer noopener\"><\/a><a href=\"https:\/\/www.grandepremio.com\/br\/circuito\/red-bull-ring\/\" target=\"_blank\" rel=\"noreferrer noopener\"><\/a><a href=\"https:\/\/www.grandepremio.com\/br\/circuito\/red-bull-ring\/\" target=\"_blank\" rel=\"noreferrer noopener\"><\/a><a href=\"https:\/\/www.grandepremio.com\/br\/circuito\/red-bull-ring\/\" target=\"_blank\" rel=\"noreferrer noopener\"><\/a><a href=\"https:\/\/www.grandepremio.com\/br\/circuito\/red-bull-ring\/\" target=\"_blank\" rel=\"noreferrer noopener\"><\/a><a href=\"https:\/\/www.grandepremio.com\/br\/circuito\/red-bull-ring\/\" target=\"_blank\" rel=\"noreferrer noopener\"><\/a><a href=\"https:\/\/www.grandepremio.com\/br\/circuito\/red-bull-ring\/\" target=\"_blank\" rel=\"noreferrer noopener\"><\/a><a href=\"https:\/\/www.grandepremio.com\/br\/circuito\/red-bull-ring\/\" target=\"_blank\" rel=\"noreferrer noopener\">Red Bull Ring<\/a>&nbsp;a partir das&nbsp;<strong>10h<\/strong>.<\/p>\n\n\n\n<figure class=\"wp-block-embed is-type-video is-provider-youtube wp-block-embed-youtube wp-embed-aspect-16-9 wp-has-aspect-ratio\"><div class=\"wp-block-embed__wrapper\">\n<iframe loading=\"lazy\" title=\"TRETA NA RED BULL, VERSTAPPEN 1\u00ba e NORRIS 2\u00ba: F1 \u00c1USTRIA 2024: a CLASSIFICA\u00c7\u00c3O SPRINT | Briefing\" width=\"500\" height=\"281\" src=\"https:\/\/www.youtube.com\/embed\/nTa8EGO5FWU?feature=oembed\" frameborder=\"0\" allow=\"accelerometer; autoplay; clipboard-write; encrypted-media; gyroscope; picture-in-picture; web-share\" referrerpolicy=\"strict-origin-when-cross-origin\" allowfullscreen><\/iframe>\n<\/div><\/figure>\n","protected":false},"excerpt":{"rendered":"<p>Ap\u00f3s o fim da classifica\u00e7\u00e3o para a corrida sprint do GP da \u00c1ustria, pai de Max Verstappen jogou mais lenha na fogueira da discuss\u00e3o com Christian Horner e voltou a chamar o chefe da Red Bull de &#8220;infantil&#8221;<\/p>\n","protected":false},"author":0,"featured_media":1000785390,"comment_status":"closed","ping_status":"closed","sticky":false,"template":"","format":"standard","meta":{"42wp_featured_image_caption":"","42wp_featured_image_credits":"","42wp_featured_video":"","42wp_featured_image_hidden":false,"42wp_authors_list":[],"footnotes":""},"categories":[2],"tags":[655,5660,969,147,3230,642,160,180,30909,23783,40037,1491,30103,28285,2569,203,204,1763],"42wp_author":[47160],"class_list":["post-72484","post","type-post","status-publish","format-standard","has-post-thumbnail","hentry","category-f1","tag-christian-horner","tag-classificacao","tag-corrida","tag-f1","tag-f1-2024","tag-f1-ao-vivo","tag-f1-tv","tag-formula-1","tag-formula-1-2024","tag-gp-da-austria","tag-gp-da-austria-2024","tag-grande-premio","tag-grande-premio-f1","tag-grandepremio","tag-jos-verstappen","tag-max-verstappen","tag-red-bull","tag-red-bull-ring","42wp_author-vicente-soella"],"_links":{"self":[{"href":"https:\/\/grandepremio.com\/br\/wp-json\/wp\/v2\/posts\/72484","targetHints":{"allow":["GET"]}}],"collection":[{"href":"https:\/\/grandepremio.com\/br\/wp-json\/wp\/v2\/posts"}],"about":[{"href":"https:\/\/grandepremio.com\/br\/wp-json\/wp\/v2\/types\/post"}],"replies":[{"embeddable":true,"href":"https:\/\/grandepremio.com\/br\/wp-json\/wp\/v2\/comments?post=72484"}],"version-history":[{"count":0,"href":"https:\/\/grandepremio.com\/br\/wp-json\/wp\/v2\/posts\/72484\/revisions"}],"wp:featuredmedia":[{"embeddable":true,"href":"https:\/\/grandepremio.com\/br\/wp-json\/wp\/v2\/media\/1000785390"}],"wp:attachment":[{"href":"https:\/\/grandepremio.com\/br\/wp-json\/wp\/v2\/media?parent=72484"}],"wp:term":[{"taxonomy":"category","embeddable":true,"href":"https:\/\/grandepremio.com\/br\/wp-json\/wp\/v2\/categories?post=72484"},{"taxonomy":"post_tag","embeddable":true,"href":"https:\/\/grandepremio.com\/br\/wp-json\/wp\/v2\/tags?post=72484"},{"taxonomy":"42wp_author","embeddable":true,"href":"https:\/\/grandepremio.com\/br\/wp-json\/wp\/v2\/42wp_author?post=72484"}],"curies":[{"name":"wp","href":"https:\/\/api.w.org\/{rel}","templated":true}]}}