{"id":72549,"date":"2024-06-28T13:36:08","date_gmt":"2024-06-28T16:36:08","guid":{"rendered":"https:\/\/grandepremio.com\/br\/noticias\/lando-norris-ve-boas-chances-para-duelar-max-verstappen-sprint-gp-austria\/"},"modified":"2024-06-28T13:42:33","modified_gmt":"2024-06-28T16:42:33","slug":"lando-norris-ve-boas-chances-para-duelar-max-verstappen-sprint-gp-austria","status":"publish","type":"post","link":"https:\/\/grandepremio.com\/br\/f1\/lando-norris-ve-boas-chances-para-duelar-max-verstappen-sprint-gp-austria\/","title":{"rendered":"Norris v\u00ea &#8220;boas chances&#8221; para duelar com Verstappen na sprint do GP da \u00c1ustria"},"content":{"rendered":"\n<p class=\"wp-block-paragraph\"><strong>Lando Norris<\/strong> conquistou o segundo lugar na classifica\u00e7\u00e3o da corrida sprint, realizada nesta sexta-feira (28). Por alguns instantes, o brit\u00e2nico tinha a pole-position com 1min04s779, <a href=\"https:\/\/www.grandepremio.com\/br\/f1\/noticias\/max-verstappen-sobra-crava-pole-corrida-sprint-gp-austria-f1-lando-norris-2o\/\">mas foi desbancado por <\/a><strong>Max Verstappen<\/strong>, que cravou 1min04s686. Apesar da frustra\u00e7\u00e3o por n\u00e3o largar na frente, o piloto da <strong>McLaren<\/strong> prev\u00ea um duelo com o neerland\u00eas na prova deste s\u00e1bado (29).<\/p>\n\n\n\n<p class=\"wp-block-paragraph\">Logo ap\u00f3s o t\u00e9rmino da primeira classifica\u00e7\u00e3o do final de semana, Norris ainda sugeriu que n\u00e3o havia encontrado o melhor ajuste ao <strong>MCL38<\/strong> at\u00e9 a chance decisiva da atividade. At\u00e9 pela dificuldade inicial, o brit\u00e2nico declarou ter ficado satisfeito com o alcan\u00e7ado \u2014 ao mesmo tempo, tamb\u00e9m elogiou a marca obtida por Verstappen, com quem espera duelar pela vit\u00f3ria na corrida sprint.<\/p>\n\n\n\n<p class=\"wp-block-paragraph\">&#8220;Acho que \u00e9 razoavelmente bom. Sendo honesto, n\u00e3o estava confort\u00e1vel com o carro at\u00e9 minha \u00faltima volta, ent\u00e3o, estou feliz com o que fizemos&#8221;, afirmou Norris.<\/p>\n\n\n\n<p class=\"wp-block-paragraph\"><strong><img decoding=\"async\" src=\"https:\/\/s.w.org\/images\/core\/emoji\/14.0.0\/svg\/25b6.svg\" alt=\"\u25b6\ufe0f\" style=\"width: 20px;\">\u00a0Inscreva-se nos dois canais do\u00a0GRANDE PR\u00caMIO\u00a0no YouTube:\u00a0<a href=\"https:\/\/www.youtube.com\/channel\/UC9OlHEgxoaY6QY6nWPoiqQg?sub_confirmation=1\">GP<\/a>\u00a0|\u00a0<a href=\"https:\/\/www.youtube.com\/channel\/UC9csiS6q_C3C0FYhyr1rnFA?sub_confirmation=1\">GP2<\/a><br><img decoding=\"async\" src=\"https:\/\/s.w.org\/images\/core\/emoji\/14.0.0\/svg\/25b6.svg\" alt=\"\u25b6\ufe0f\" style=\"width: 20px;\">\u00a0<a href=\"https:\/\/www.grandepremio.com\/br\/grandepremium\/ranking-gp\/f1\/materias\/as-notas-do-gp-da-espanha-da-f1-2024\/\">Ranking GP: as notas dos 20 pilotos no GP da Espanha de F1<\/a><\/strong><\/p>\n\n\n\n<figure class=\"wp-block-image size-large\"><img decoding=\"async\" src=\"https:\/\/www.grandepremio.com\/br\/wp-content\/uploads\/2024\/06\/austria-2024-f1-classificacao-sprint-mclaren-lando-norris-01-1200x800.jpg\" alt=\"\" class=\"wp-image-832521\"\/><figcaption class=\"wp-element-caption\">Lando Norris durante a sexta-feira na \u00c1ustria (Foto: McLaren)<\/figcaption><\/figure>\n\n\n\n<p class=\"wp-block-paragraph\">&#8220;Estamos mais pr\u00f3ximos do que estivemos ao longo de todo ano, quase sem diferen\u00e7a. Foi uma grande volta do Max, mas acredito que estou em boa posi\u00e7\u00e3o para a sprint de amanh\u00e3. Pelo o que estamos vendo de momento, sim [disputar a vit\u00f3ria com Verstappen]. A n\u00e3o ser que isso mude&#8221;, completou.<\/p>\n\n\n\n<p class=\"wp-block-paragraph\">O\u00a0<strong>GRANDE PR\u00caMIO<\/strong>\u00a0acompanha<strong>\u00a0<a href=\"https:\/\/www.grandepremio.com\/br\/ao-vivo\/f1\/\" target=\"_blank\" rel=\"noreferrer noopener\">AO VIVO<\/a><\/strong><a href=\"https:\/\/www.grandepremio.com\/br\/ao-vivo\/f1\/\" target=\"_blank\" rel=\"noreferrer noopener\">\u00a0e\u00a0<strong>EM\u00a0<\/strong><\/a><a href=\"https:\/\/www.grandepremio.com\/br\/ao-vivo\/\" target=\"_blank\" rel=\"noreferrer noopener\"><strong>TEMPO REAL<\/strong><\/a>\u00a0todas as atividades do\u00a0<strong>GP da \u00c1ustria\u00a0<\/strong>de\u00a0<a href=\"https:\/\/www.grandepremio.com\/br\/f1\/\" target=\"_blank\" rel=\"noreferrer noopener\">F\u00f3rmula 1<\/a>\u00a0e transmite classifica\u00e7\u00f5es e corridas em segunda tela, em parceria com a Voz do Esporte, na<strong>\u00a0<a href=\"https:\/\/www.youtube.com\/c\/GrandePremioTV\/streams\" target=\"_blank\" rel=\"noreferrer noopener\">GPTV, o canal do GP no Youtube<\/a><\/strong>. Al\u00e9m disso, debate tudo que aconteceu na pista com o\u00a0<strong>Briefing\u00a0<\/strong>ap\u00f3s treinos livres e classifica\u00e7\u00f5es, al\u00e9m de antes e depois das corridas. No s\u00e1bado (29), \u00e0s\u00a0<strong>7h<\/strong>\u00a0(de Bras\u00edlia, GMT-3), acontece a largada da\u00a0<strong>sprint<\/strong>, ao passo que a\u00a0<strong>classifica\u00e7\u00e3o\u00a0<\/strong>oficial ser\u00e1 \u00e0s\u00a0<strong>11h<\/strong>. Por fim, no domingo (30), os pilotos disputam a\u00a0<strong>corrida\u00a0<\/strong>no\u00a0<a href=\"https:\/\/www.grandepremio.com\/br\/circuito\/red-bull-ring\/\" target=\"_blank\" rel=\"noreferrer noopener\"><\/a><a href=\"https:\/\/www.grandepremio.com\/br\/circuito\/red-bull-ring\/\" target=\"_blank\" rel=\"noreferrer noopener\"><\/a><a href=\"https:\/\/www.grandepremio.com\/br\/circuito\/red-bull-ring\/\" target=\"_blank\" rel=\"noreferrer noopener\"><\/a><a href=\"https:\/\/www.grandepremio.com\/br\/circuito\/red-bull-ring\/\" target=\"_blank\" rel=\"noreferrer noopener\"><\/a><a href=\"https:\/\/www.grandepremio.com\/br\/circuito\/red-bull-ring\/\" target=\"_blank\" rel=\"noreferrer noopener\"><\/a><a href=\"https:\/\/www.grandepremio.com\/br\/circuito\/red-bull-ring\/\" target=\"_blank\" rel=\"noreferrer noopener\">Red Bull Ring<\/a>\u00a0a partir das\u00a0<strong>10h<\/strong>.<\/p>\n\n\n\n<figure class=\"wp-block-embed is-type-video is-provider-youtube wp-block-embed-youtube wp-embed-aspect-16-9 wp-has-aspect-ratio\"><div class=\"wp-block-embed__wrapper\">\n<iframe loading=\"lazy\" title=\"TRETA NA RED BULL, VERSTAPPEN 1\u00ba e NORRIS 2\u00ba: F1 \u00c1USTRIA 2024: a CLASSIFICA\u00c7\u00c3O SPRINT | Briefing\" width=\"500\" height=\"281\" src=\"https:\/\/www.youtube.com\/embed\/nTa8EGO5FWU?feature=oembed\" frameborder=\"0\" allow=\"accelerometer; autoplay; clipboard-write; encrypted-media; gyroscope; picture-in-picture; web-share\" referrerpolicy=\"strict-origin-when-cross-origin\" allowfullscreen><\/iframe>\n<\/div><\/figure>\n","protected":false},"excerpt":{"rendered":"<p>Piloto da McLaren, Lando Norris revelou que n\u00e3o havia se sentido confort\u00e1vel no MCL38 at\u00e9 \u00faltima tentativa na classifica\u00e7\u00e3o da corrida sprint da \u00c1ustria<\/p>\n","protected":false},"author":0,"featured_media":1000832616,"comment_status":"closed","ping_status":"closed","sticky":false,"template":"","format":"standard","meta":{"42wp_featured_image_caption":"","42wp_featured_image_credits":"","42wp_featured_video":"","42wp_featured_image_hidden":false,"42wp_authors_list":[],"footnotes":""},"categories":[2],"tags":[],"42wp_author":[47155],"class_list":["post-72549","post","type-post","status-publish","format-standard","has-post-thumbnail","hentry","category-f1","42wp_author-daniel-balsa"],"_links":{"self":[{"href":"https:\/\/grandepremio.com\/br\/wp-json\/wp\/v2\/posts\/72549","targetHints":{"allow":["GET"]}}],"collection":[{"href":"https:\/\/grandepremio.com\/br\/wp-json\/wp\/v2\/posts"}],"about":[{"href":"https:\/\/grandepremio.com\/br\/wp-json\/wp\/v2\/types\/post"}],"replies":[{"embeddable":true,"href":"https:\/\/grandepremio.com\/br\/wp-json\/wp\/v2\/comments?post=72549"}],"version-history":[{"count":0,"href":"https:\/\/grandepremio.com\/br\/wp-json\/wp\/v2\/posts\/72549\/revisions"}],"wp:featuredmedia":[{"embeddable":true,"href":"https:\/\/grandepremio.com\/br\/wp-json\/wp\/v2\/media\/1000832616"}],"wp:attachment":[{"href":"https:\/\/grandepremio.com\/br\/wp-json\/wp\/v2\/media?parent=72549"}],"wp:term":[{"taxonomy":"category","embeddable":true,"href":"https:\/\/grandepremio.com\/br\/wp-json\/wp\/v2\/categories?post=72549"},{"taxonomy":"post_tag","embeddable":true,"href":"https:\/\/grandepremio.com\/br\/wp-json\/wp\/v2\/tags?post=72549"},{"taxonomy":"42wp_author","embeddable":true,"href":"https:\/\/grandepremio.com\/br\/wp-json\/wp\/v2\/42wp_author?post=72549"}],"curies":[{"name":"wp","href":"https:\/\/api.w.org\/{rel}","templated":true}]}}