{"id":72556,"date":"2024-06-28T13:06:57","date_gmt":"2024-06-28T16:06:57","guid":{"rendered":"https:\/\/grandepremio.com\/br\/noticias\/lewis-hamilton-diz-carro-estava-bom-nao-tinha-ritmo-para-pole-sprint-da-austria\/"},"modified":"2024-06-28T13:07:11","modified_gmt":"2024-06-28T16:07:11","slug":"lewis-hamilton-diz-carro-estava-bom-nao-tinha-ritmo-para-pole-sprint-da-austria","status":"publish","type":"post","link":"https:\/\/grandepremio.com\/br\/f1\/lewis-hamilton-diz-carro-estava-bom-nao-tinha-ritmo-para-pole-sprint-da-austria\/","title":{"rendered":"Hamilton diz que \u201ccarro estava bom\u201d, mas \u201cn\u00e3o tinha ritmo para pole\u201d na sprint da \u00c1ustria"},"content":{"rendered":"\n<p class=\"wp-block-paragraph\"><strong>Lewis Hamilton<\/strong> ficou apenas com o sexto lugar na classifica\u00e7\u00e3o sprint, <a href=\"https:\/\/www.grandepremio.com\/br\/f1\/noticias\/max-verstappen-sobra-crava-pole-corrida-sprint-gp-austria-f1-lando-norris-2o\/\">que aconteceu nesta sexta-feira (28)<\/a>, mas elogiou o desempenho do <strong>W15<\/strong>. Ap\u00f3s enfrentar uma sess\u00e3o \u201cconfusa\u201d, o heptacampe\u00e3o admitiu que a <strong>Mercedes <\/strong>n\u00e3o tinha ritmo suficiente para brigar pela pole. Por isso, se contentou com o resultado.<\/p>\n\n\n\n<p class=\"wp-block-paragraph\">A <strong>Mercedes <\/strong>come\u00e7ou bem a sexta-feira na <strong>\u00c1ustria <\/strong>e se colocou como uma das pot\u00eancias durante o TL1, <a href=\"https:\/\/www.grandepremio.com\/br\/f1\/noticias\/max-verstappen-supera-nova-falha-motor-lidera-unico-treino-livre-gp-austria-f1\/\">quando as equipes faziam simula\u00e7\u00f5es de corrida<\/a>. O time liderado por <strong>Toto Wolff<\/strong> n\u00e3o fez voltas r\u00e1pidas de pneus macios durante a sess\u00e3o da manh\u00e3 e, ainda assim, viu <strong>Lewis Hamilton<\/strong> e <strong>George Russell<\/strong> terminarem, respectivamente, em quinto e oitavo.<\/p>\n\n\n\n<p class=\"wp-block-paragraph\">Por isso, existia uma expectativa quanto ao verdadeiro potencial do <strong>W15 <\/strong>em ritmo de volta lan\u00e7ada. Por\u00e9m, <strong>Hamilton <\/strong>e <strong>Russell <\/strong>foram incapazes de se colocarem em uma briga real pela pole.<\/p>\n\n\n\n<figure class=\"wp-block-image size-large\"><img decoding=\"async\" src=\"https:\/\/www.grandepremio.com\/br\/wp-content\/uploads\/2024\/06\/austria-2024-f1-classificacao-sprint-mercedes-lewis-hamilton-04-1200x800.jpg\" alt=\"\" class=\"wp-image-832621\"\/><figcaption class=\"wp-element-caption\">Lewis Hamilton ainda elogiou o W15 (Foto: Mercedes)<\/figcaption><\/figure>\n\n\n\n<p class=\"wp-block-paragraph\">Agora, partindo de sexto na corrida curta, Hamilton disse que n\u00e3o espera uma corrida com muitas ultrapassagens e j\u00e1 voltou seu foco para a classifica\u00e7\u00e3o da prova principal.<\/p>\n\n\n\n<p class=\"wp-block-paragraph\">\u201cEu n\u00e3o estava na briga e a sess\u00e3o foi bem confusa. O carro estava bom, mas n\u00e3o t\u00ednhamos ritmo para brigar pela pole. As voltas tamb\u00e9m n\u00e3o foram limpas. N\u00e3o acho que vai ser f\u00e1cil ultrapassar amanh\u00e3, ent\u00e3o o foco j\u00e1 est\u00e1 voltado para a classifica\u00e7\u00e3o\u201d, finalizou Hamilton.<\/p>\n\n\n\n<p class=\"wp-block-paragraph\">O\u00a0<strong>GRANDE PR\u00caMIO<\/strong>\u00a0acompanha<strong>\u00a0<a href=\"https:\/\/www.grandepremio.com\/br\/ao-vivo\/f1\/\" target=\"_blank\" rel=\"noreferrer noopener\">AO VIVO<\/a><\/strong><a href=\"https:\/\/www.grandepremio.com\/br\/ao-vivo\/f1\/\" target=\"_blank\" rel=\"noreferrer noopener\">\u00a0e\u00a0<strong>EM\u00a0<\/strong><\/a><a href=\"https:\/\/www.grandepremio.com\/br\/ao-vivo\/\" target=\"_blank\" rel=\"noreferrer noopener\"><strong>TEMPO REAL<\/strong><\/a>\u00a0todas as atividades do\u00a0<strong>GP da \u00c1ustria\u00a0<\/strong>de\u00a0<a href=\"https:\/\/www.grandepremio.com\/br\/f1\/\" target=\"_blank\" rel=\"noreferrer noopener\">F\u00f3rmula 1<\/a>\u00a0e transmite classifica\u00e7\u00f5es e corridas em segunda tela, em parceria com a Voz do Esporte, na<strong>\u00a0<a href=\"https:\/\/www.youtube.com\/c\/GrandePremioTV\/streams\" target=\"_blank\" rel=\"noreferrer noopener\">GPTV, o canal do GP no Youtube<\/a><\/strong>. Al\u00e9m disso, debate tudo que aconteceu na pista com o\u00a0<strong>Briefing\u00a0<\/strong>ap\u00f3s treinos livres e classifica\u00e7\u00f5es, al\u00e9m de antes e depois das corridas. No s\u00e1bado (29), \u00e0s\u00a0<strong>7h<\/strong>\u00a0(de Bras\u00edlia, GMT-3), acontece a largada da\u00a0<strong>sprint<\/strong>, ao passo que a\u00a0<strong>classifica\u00e7\u00e3o\u00a0<\/strong>oficial ser\u00e1 \u00e0s\u00a0<strong>11h<\/strong>. Por fim, no domingo (30), os pilotos disputam a\u00a0<strong>corrida\u00a0<\/strong>no\u00a0<a href=\"https:\/\/www.grandepremio.com\/br\/circuito\/red-bull-ring\/\" target=\"_blank\" rel=\"noreferrer noopener\"><\/a><a href=\"https:\/\/www.grandepremio.com\/br\/circuito\/red-bull-ring\/\" target=\"_blank\" rel=\"noreferrer noopener\"><\/a><a href=\"https:\/\/www.grandepremio.com\/br\/circuito\/red-bull-ring\/\" target=\"_blank\" rel=\"noreferrer noopener\"><\/a><a href=\"https:\/\/www.grandepremio.com\/br\/circuito\/red-bull-ring\/\" target=\"_blank\" rel=\"noreferrer noopener\"><\/a><a href=\"https:\/\/www.grandepremio.com\/br\/circuito\/red-bull-ring\/\" target=\"_blank\" rel=\"noreferrer noopener\"><\/a><a href=\"https:\/\/www.grandepremio.com\/br\/circuito\/red-bull-ring\/\" target=\"_blank\" rel=\"noreferrer noopener\"><\/a><a href=\"https:\/\/www.grandepremio.com\/br\/circuito\/red-bull-ring\/\" target=\"_blank\" rel=\"noreferrer noopener\">Red Bull Ring<\/a>\u00a0a partir das\u00a0<strong>10h<\/strong>.<\/p>\n\n\n\n<p class=\"wp-block-paragraph\">\u25b6\ufe0f Inscreva-se nos dois canais do GRANDE PR\u00caMIO no YouTube: <strong><a href=\"https:\/\/www.youtube.com\/channel\/UC9OlHEgxoaY6QY6nWPoiqQg?sub_confirmation=1\">GP<\/a>\u00a0|\u00a0<a href=\"https:\/\/www.youtube.com\/channel\/UC9csiS6q_C3C0FYhyr1rnFA?sub_confirmation=1\">GP2<\/a><\/strong><br>\u25b6\ufe0f <strong><a href=\"https:\/\/www.grandepremio.com\/br\/grandepremium\/ranking-gp\/f1\/materias\/as-notas-do-gp-da-espanha-da-f1-2024\/\">Ranking GP: as notas dos 20 pilotos no GP da Espanha de F1<\/a><\/strong><\/p>\n\n\n\n<figure class=\"wp-block-embed is-type-video is-provider-youtube wp-block-embed-youtube wp-embed-aspect-16-9 wp-has-aspect-ratio\"><div class=\"wp-block-embed__wrapper\">\n<iframe loading=\"lazy\" title=\"TRETA NA RED BULL, VERSTAPPEN 1\u00ba e NORRIS 2\u00ba: F1 \u00c1USTRIA 2024: a CLASSIFICA\u00c7\u00c3O SPRINT | Briefing\" width=\"500\" height=\"281\" src=\"https:\/\/www.youtube.com\/embed\/nTa8EGO5FWU?feature=oembed\" frameborder=\"0\" allow=\"accelerometer; autoplay; clipboard-write; encrypted-media; gyroscope; picture-in-picture; web-share\" referrerpolicy=\"strict-origin-when-cross-origin\" allowfullscreen><\/iframe>\n<\/div><\/figure>\n","protected":false},"excerpt":{"rendered":"<p>Apesar do ritmo competitivo durante o treino livre, Lewis Hamilton se contentou com o sexto lugar na classifica\u00e7\u00e3o sprint e elogiou o desempenho do Mercedes W15<\/p>\n","protected":false},"author":0,"featured_media":1000832620,"comment_status":"closed","ping_status":"closed","sticky":false,"template":"","format":"standard","meta":{"42wp_featured_image_caption":"","42wp_featured_image_credits":"","42wp_featured_video":"","42wp_featured_image_hidden":false,"42wp_authors_list":[],"footnotes":""},"categories":[2],"tags":[32996,23783,1491,28285,2810,30039,87,82,38357],"42wp_author":[47149],"class_list":["post-72556","post","type-post","status-publish","format-standard","has-post-thumbnail","hentry","category-f1","tag-classificacao-sprint","tag-gp-da-austria","tag-grande-premio","tag-grandepremio","tag-hamilton","tag-hamilton-f1","tag-lewis-hamilton","tag-mercedes","tag-mercedes-w15","42wp_author-bernardo-castro"],"_links":{"self":[{"href":"https:\/\/grandepremio.com\/br\/wp-json\/wp\/v2\/posts\/72556","targetHints":{"allow":["GET"]}}],"collection":[{"href":"https:\/\/grandepremio.com\/br\/wp-json\/wp\/v2\/posts"}],"about":[{"href":"https:\/\/grandepremio.com\/br\/wp-json\/wp\/v2\/types\/post"}],"replies":[{"embeddable":true,"href":"https:\/\/grandepremio.com\/br\/wp-json\/wp\/v2\/comments?post=72556"}],"version-history":[{"count":0,"href":"https:\/\/grandepremio.com\/br\/wp-json\/wp\/v2\/posts\/72556\/revisions"}],"wp:featuredmedia":[{"embeddable":true,"href":"https:\/\/grandepremio.com\/br\/wp-json\/wp\/v2\/media\/1000832620"}],"wp:attachment":[{"href":"https:\/\/grandepremio.com\/br\/wp-json\/wp\/v2\/media?parent=72556"}],"wp:term":[{"taxonomy":"category","embeddable":true,"href":"https:\/\/grandepremio.com\/br\/wp-json\/wp\/v2\/categories?post=72556"},{"taxonomy":"post_tag","embeddable":true,"href":"https:\/\/grandepremio.com\/br\/wp-json\/wp\/v2\/tags?post=72556"},{"taxonomy":"42wp_author","embeddable":true,"href":"https:\/\/grandepremio.com\/br\/wp-json\/wp\/v2\/42wp_author?post=72556"}],"curies":[{"name":"wp","href":"https:\/\/api.w.org\/{rel}","templated":true}]}}