{"id":72577,"date":"2024-06-28T12:21:34","date_gmt":"2024-06-28T15:21:34","guid":{"rendered":"https:\/\/grandepremio.com\/br\/noticias\/max-verstappen-sobra-crava-pole-corrida-sprint-gp-austria-f1-lando-norris-2o\/"},"modified":"2024-06-28T13:02:10","modified_gmt":"2024-06-28T16:02:10","slug":"max-verstappen-sobra-crava-pole-corrida-sprint-gp-austria-f1-lando-norris-2o","status":"publish","type":"post","link":"https:\/\/grandepremio.com\/br\/f1\/max-verstappen-sobra-crava-pole-corrida-sprint-gp-austria-f1-lando-norris-2o\/","title":{"rendered":"Verstappen sobra e crava pole da corrida sprint do GP da \u00c1ustria de F1. Norris \u00e9 2\u00ba"},"content":{"rendered":"\n<p class=\"wp-block-paragraph\"><strong>Max Verstappen<\/strong> deixou para tr\u00e1s qualquer amea\u00e7a com o motor no treino livre e comandou a classifica\u00e7\u00e3o para a <strong>corrida sprint<\/strong> do <strong>GP da \u00c1ustria<\/strong>, realizada nesta sexta-feira (28). O neerland\u00eas foi o mais r\u00e1pido em todas as partes da sess\u00e3o, fechando com 1min04s686.<\/p>\n\n\n\n<p class=\"wp-block-paragraph\">Desde o in\u00edcio da sess\u00e3o, Verstappen ditou o ritmo e obrigou os demais a terem de achar alguma diferen\u00e7a nos setores em que o neerland\u00eas n\u00e3o dominava. No SQ2, por exemplo, Max liderou com o \u00faltimo trecho, enquanto George Russell e Lewis Hamilton eram os mais r\u00e1pidos nos setores 1 e 2, respectivamente.<\/p>\n\n\n\n<p class=\"wp-block-paragraph\">Mesmo assim, a perda de Max era nos cent\u00e9simos, enquanto a parte final do #1 era quase 0s2 mais r\u00e1pida comparada ao do piloto que mais se aproximava em tal setor, Oscar Piastri. A Mercedes, por exemplo, tomava mais de 0s2 com Russell e 0s4 com Hamilton na se\u00e7\u00e3o com mais retas do circuito Red Bull Ring.<\/p>\n\n\n\n<p class=\"wp-block-paragraph\">No SQ3, com apenas oito minutos dispon\u00edveis, os dez que ainda brigavam pela pole-position s\u00f3 foram \u00e0 pista com menos de tr\u00eas para o fim. De macios agora, Verstappen pegou os setores 1 e 3 e colocou o <strong>RB20 <\/strong>na pole, para festa da massiva torcida dos Pa\u00edses Baixos presente no local.<\/p>\n\n\n\n<p class=\"wp-block-paragraph\"><strong>Lando Norris<\/strong> ficou em segundo, com Piastri, Russell, <strong>Carlos Sianz<\/strong>, Hamilton, <strong>Sergio P\u00e9rez<\/strong>, <strong>Esteban Ocon<\/strong>, <strong>Pierre Gasly <\/strong>e <strong>Charles Leclerc<\/strong>, sem tempo, fechando o top-10.<\/p>\n\n\n\n<p class=\"wp-block-paragraph\">O&nbsp;<strong>GRANDE PR\u00caMIO<\/strong>&nbsp;acompanha<strong>&nbsp;<a href=\"https:\/\/www.grandepremio.com\/br\/ao-vivo\/f1\/\" target=\"_blank\" rel=\"noreferrer noopener\">AO VIVO<\/a><\/strong><a href=\"https:\/\/www.grandepremio.com\/br\/ao-vivo\/f1\/\" target=\"_blank\" rel=\"noreferrer noopener\">&nbsp;e&nbsp;<strong>EM&nbsp;<\/strong><\/a><a href=\"https:\/\/www.grandepremio.com\/br\/ao-vivo\/\" target=\"_blank\" rel=\"noreferrer noopener\"><strong>TEMPO REAL<\/strong><\/a>&nbsp;todas as atividades do&nbsp;<strong>GP da \u00c1ustria&nbsp;<\/strong>de&nbsp;<a href=\"https:\/\/www.grandepremio.com\/br\/f1\/\" target=\"_blank\" rel=\"noreferrer noopener\">F\u00f3rmula 1<\/a>&nbsp;e transmite classifica\u00e7\u00f5es e corridas em segunda tela, em parceria com a Voz do Esporte, na<strong>&nbsp;<a href=\"https:\/\/www.youtube.com\/c\/GrandePremioTV\/streams\" target=\"_blank\" rel=\"noreferrer noopener\">GPTV, o canal do GP no Youtube<\/a><\/strong>. Al\u00e9m disso, debate tudo que aconteceu na pista com o&nbsp;<strong>Briefing&nbsp;<\/strong>ap\u00f3s treinos livres e classifica\u00e7\u00f5es, al\u00e9m de antes e depois das corridas. No s\u00e1bado (29), \u00e0s&nbsp;<strong>7h<\/strong> (de Bras\u00edlia, GMT-3), acontece a largada da&nbsp;<strong>sprint<\/strong>, ao passo que a&nbsp;<strong>classifica\u00e7\u00e3o&nbsp;<\/strong>oficial ser\u00e1 \u00e0s&nbsp;<strong>11h<\/strong>. Por fim, no domingo (30), os pilotos disputam a&nbsp;<strong>corrida&nbsp;<\/strong>no&nbsp;<a href=\"https:\/\/www.grandepremio.com\/br\/circuito\/red-bull-ring\/\" target=\"_blank\" rel=\"noreferrer noopener\"><\/a><a href=\"https:\/\/www.grandepremio.com\/br\/circuito\/red-bull-ring\/\" target=\"_blank\" rel=\"noreferrer noopener\"><\/a><a href=\"https:\/\/www.grandepremio.com\/br\/circuito\/red-bull-ring\/\" target=\"_blank\" rel=\"noreferrer noopener\"><\/a><a href=\"https:\/\/www.grandepremio.com\/br\/circuito\/red-bull-ring\/\" target=\"_blank\" rel=\"noreferrer noopener\"><\/a><a href=\"https:\/\/www.grandepremio.com\/br\/circuito\/red-bull-ring\/\" target=\"_blank\" rel=\"noreferrer noopener\">Red Bull Ring<\/a>&nbsp;a partir das&nbsp;<strong>10h<\/strong>.<\/p>\n\n\n\n<p class=\"wp-block-paragraph\"><strong><img decoding=\"async\" src=\"https:\/\/s.w.org\/images\/core\/emoji\/14.0.0\/svg\/25b6.svg\" alt=\"\u25b6\ufe0f\" style=\"width: 20px;\">&nbsp;Inscreva-se nos dois canais do&nbsp;GRANDE PR\u00caMIO&nbsp;no YouTube:&nbsp;<a href=\"https:\/\/www.youtube.com\/channel\/UC9OlHEgxoaY6QY6nWPoiqQg?sub_confirmation=1\">GP<\/a>&nbsp;|&nbsp;<a href=\"https:\/\/www.youtube.com\/channel\/UC9csiS6q_C3C0FYhyr1rnFA?sub_confirmation=1\">GP2<\/a><br><img decoding=\"async\" src=\"https:\/\/s.w.org\/images\/core\/emoji\/14.0.0\/svg\/25b6.svg\" alt=\"\u25b6\ufe0f\" style=\"width: 20px;\">&nbsp;<a href=\"https:\/\/www.grandepremio.com\/br\/grandepremium\/ranking-gp\/f1\/materias\/as-notas-do-gp-da-espanha-da-f1-2024\/\">Ranking GP: as notas dos 20 pilotos no GP da Espanha de F1<\/a><\/strong><\/p>\n\n\n\n<figure class=\"wp-block-image size-large\"><img decoding=\"async\" src=\"https:\/\/www.grandepremio.com\/br\/wp-content\/uploads\/2024\/06\/austria-2024-f1-treino-livre-red-bull-sergio-perez-01-1200x800.jpg\" alt=\"\" class=\"wp-image-832291\"\/><figcaption class=\"wp-element-caption\">Sergio P\u00e9rez \u00e9 o s\u00e9timo no grid da sprint (Foto: Red Bull Content Pool)<\/figcaption><\/figure>\n\n\n\n<p class=\"wp-block-paragraph\"><strong>Confira como foi a classifica\u00e7\u00e3o sprint da F1 no Red Bull Ring:<\/strong><\/p>\n\n\n\n<p class=\"wp-block-paragraph\">Depois de um \u00fanico treino livre em que a borracha mais macia da gama C3, C4 e C5 da Pirelli foi poupada ao m\u00e1ximo, os pilotos partiram para a classifica\u00e7\u00e3o da prova curta com 28\u00b0C de temperatura ambiente, 43\u00b0C de asfalto e 43% de umidade relativa do ar \u2014 mais quente que na primeira sess\u00e3o do dia, conforme previsto pela meteorologia.<\/p>\n\n\n\n<p class=\"wp-block-paragraph\"><strong>SQ1: Verstappen lidera e Hamilton avan\u00e7a por pouco<\/strong><\/p>\n\n\n\n<p class=\"wp-block-paragraph\">Com 12 minutos na regressiva para a primeira parte, a dupla da Mercedes puxou a fila quando j\u00e1 haviam se passado tr\u00eas. Como parte do regulamento do formato, todos tiveram obrigatoriamente de sair com os compostos m\u00e9dios, com os macios apenas podendo ser usados pelos que avan\u00e7ariam ao SQ3.<\/p>\n\n\n\n<p class=\"wp-block-paragraph\">Hamilton, em volta r\u00e1pida, pegou os setores 2 e 3, enquanto Russell pintou o trecho inicial de roxo. O #63 manteve o embalo e tamb\u00e9m foi o mais r\u00e1pido no setor 2, completando a performance em 1min0s5764. Sainz, com o melhor registro no trecho intermedi\u00e1rio da pista, ficou a m\u00edseros 0s017 do piloto da Mercedes.<\/p>\n\n\n\n<p class=\"wp-block-paragraph\">Verstappen, ent\u00e3o, melhorou ainda mais a marca de Russell e assumiu a ponta com 1min05s690. Norris vinha em quarto, colocando-se entre as Ferrari, enquanto P\u00e9rez, Piastri, Ocon, <strong>Kevin Magnussen<\/strong> e <strong>Yuki Tsunoda<\/strong> fechavam o top-10. Na outra ponta da tabela, ainda precisando marcar volta r\u00e1pida, Hamilton e <strong>Guanyu Zhou <\/strong>eram os \u00faltimos colocados, com <strong>Daniel Ricciardo<\/strong>, <strong>Alexander Albon <\/strong>e <strong>Fernando Alonso <\/strong>tamb\u00e9m ficando pelo meio do caminho at\u00e9 ent\u00e3o.<\/p>\n\n\n\n<p class=\"wp-block-paragraph\">Dois minutos para o fim, Hamilton veio para o tudo ou nada e at\u00e9 arrancou da zona da degola, mas subiu apenas para 11\u00ba, ainda amea\u00e7ado. S\u00f3 que a marca de 1min06s504 foi suficiente para seguir na classifica\u00e7\u00e3o shootout, sobrevivendo em 13\u00ba. Alonso tamb\u00e9m conseguiu entrar, assim como<strong> Logan Sargeant<\/strong>, novamente largando \u00e0 frente de Albon em uma sprint, por\u00e9m resultado n\u00e3o v\u00e1lido para as estat\u00edsticas oficiais. Ricciardo, <strong>Nico H\u00fclkenberg<\/strong>, <strong>Valtteri Bottas<\/strong>, Albon e Zhou foram os eliminados.<\/p>\n\n\n\n<figure class=\"wp-block-image size-large\"><img decoding=\"async\" src=\"https:\/\/www.grandepremio.com\/br\/wp-content\/uploads\/2024\/06\/austria-2024-f1-classificacao-sprint-mercedes-george-russell-03-1200x800.jpg\" alt=\"\" class=\"wp-image-832524\"\/><figcaption class=\"wp-element-caption\">George Russell colocou a Mercedes em quarto (Foto: Mercedes)<\/figcaption><\/figure>\n\n\n\n<p class=\"wp-block-paragraph\"><strong>SQ2: Alpine avan\u00e7a, Aston Martin \u00e9 eliminada<\/strong><\/p>\n\n\n\n<p class=\"wp-block-paragraph\">Dez minutos agora e novamente cos os m\u00e9dios em jogo, Verstappen pulou para a ponta com o melhor \u00faltimo setor da pista e virou 1min05s186. P\u00e9rez, com o trecho intermedi\u00e1rio at\u00e9 ent\u00e3o, pegou a segunda posi\u00e7\u00e3o a 0s4 de dist\u00e2ncia do companheiro de equipe, por\u00e9m Sainz, Leclerc e Norris logo se meteram entre os carros da Red Bull. Veio Piastri e Hamilton e tamb\u00e9m foram mais dois carros \u00e0 frente de P\u00e9rez, enquanto Russell acabou perdendo novamente no trecho de mais retas da pista e ficou a 0s139 da marca de Verstappen, subindo para segundo.<\/p>\n\n\n\n<p class=\"wp-block-paragraph\">Enquanto isso, Stroll, Ocon, Gasly, Alonso, Tsunoda, Magnussen e Sargeant ainda n\u00e3o haviam marcado tempo. Com menos de tr\u00eas minutos para o fim, o grupo enfim partiu em busca de ao menos um giro r\u00e1pido o bastante para amea\u00e7ar os carros de Red Bull, Ferrari, McLaren e Mercedes e avan\u00e7ar para a parte final da sess\u00e3o.<\/p>\n\n\n\n<p class=\"wp-block-paragraph\">Ocon foi o primeiro do pelot\u00e3o a registrar volta, pegando a nona coloca\u00e7\u00e3o. Em seguida, um a um foram fechando as voltas, com Magnussen, Stroll, Alonso, Tsunoda e Sargeant parando pelo meio do caminho. Destaque mais uma vez para a dupla da Alpine, novamente entre os dez mais r\u00e1pidos de uma classifica\u00e7\u00e3o.<\/p>\n\n\n\n<p class=\"wp-block-paragraph\"><strong>SQ3: Verstappen crava pole da sprint por 0s093<\/strong><\/p>\n\n\n\n<p class=\"wp-block-paragraph\">Mais oito minutos pela frente, s\u00f3 que os pilotos foram \u00e0 pista faltando tr\u00eas para a bandeirada. Seria, portanto, volta \u00fanica em busca da pole-position, e o duo da Mercedes foi quem puxou a fila, com Russell melhor que Hamilton no embate caseiro. Acontece que o m\u00e1ximo que os prateados conseguiram foi o quarto lugar com o #63, atr\u00e1s de Piastri, enquanto Hamilton ainda perdeu para Sainz. Mas chamou ainda aten\u00e7\u00e3o o aparente problema de Leclerc, que nem sequer abriu volta e vai largar em d\u00e9cimo na prova curta.<\/p>\n\n\n\n<p class=\"wp-block-paragraph\"><em><strong>F1 2024, GP da \u00c1ustria, Corrida Sprint, Grid de Largada:<\/strong><\/em><\/p>\n\n\n\n<figure class=\"wp-block-table\"><table><tbody><tr><td>1<\/td><td>M VERSTAPPEN<\/td><td>Red Bull RBPT Honda<\/td><td>1:04.686<\/td><td>&nbsp;<\/td><\/tr><tr><td>2<\/td><td>L NORRIS<\/td><td>McLaren Mercedes<\/td><td>1:04.779<\/td><td>+0.093<\/td><\/tr><tr><td>3<\/td><td>O PIASTRI<\/td><td>McLaren Mercedes<\/td><td>1:04.987<\/td><td>+0.301<\/td><\/tr><tr><td>4<\/td><td>G RUSSELL<\/td><td>Mercedes<\/td><td>1:05.054<\/td><td>+0.368<\/td><\/tr><tr><td>5<\/td><td>C SAINZ<\/td><td>Ferrari<\/td><td>1:05.126<\/td><td>+0.440<\/td><\/tr><tr><td>6<\/td><td>L HAMILTON<\/td><td>Mercedes<\/td><td>1:05.270<\/td><td>+0.584<\/td><\/tr><tr><td>7<\/td><td>S P\u00c9REZ<\/td><td>Red Bull RBPT Honda<\/td><td>1:06.008<\/td><td>+1.322<\/td><\/tr><tr><td>8<\/td><td>E OCON<\/td><td>Alpine<\/td><td>1:06.101<\/td><td>+1.415<\/td><\/tr><tr><td>9<\/td><td>P GASLY<\/td><td>Alpine<\/td><td>1:06.624<\/td><td>+1.938<\/td><\/tr><tr><td>10<\/td><td>C LECLERC<\/td><td>Ferrari<\/td><td>Sem tempo<\/td><td>&nbsp;<\/td><\/tr><tr><td>11<\/td><td>K MAGNUSSEN<\/td><td>Haas Ferrari<\/td><td>1:05.806<\/td><td>+0.752<\/td><\/tr><tr><td>12<\/td><td>L STROLL<\/td><td>Aston Martin Mercedes<\/td><td>1:05.847<\/td><td>+1.161<\/td><\/tr><tr><td>13<\/td><td>F ALONSO<\/td><td>Aston Martin Mercedes<\/td><td>1:05.878<\/td><td>+1.192<\/td><\/tr><tr><td>14<\/td><td>Y TSUNODA<\/td><td>RB Honda<\/td><td>1:05.960<\/td><td>+1.274<\/td><\/tr><tr><td>15<\/td><td>L SARGEANT<\/td><td>Williams Mercedes<\/td><td>Sem tempo<\/td><td>&nbsp;<\/td><\/tr><tr><td>16<\/td><td>D RICCIARDO<\/td><td>RB Honda<\/td><td>1:06.581<\/td><td>+1.895<\/td><\/tr><tr><td>17<\/td><td>N H\u00dcLKENBERG<\/td><td>Haas Ferrari<\/td><td>1:06.583<\/td><td>+1.897<\/td><\/tr><tr><td>18<\/td><td>V BOTTAS<\/td><td>Sauber Ferrari<\/td><td>1:06.725<\/td><td>+2.039<\/td><\/tr><tr><td>19<\/td><td>A ALBON<\/td><td>Williams Mercedes<\/td><td>1:06.754<\/td><td>+2.068<\/td><\/tr><tr><td>20<\/td><td>G ZHOU<\/td><td>Sauber Ferrari<\/td><td>1:07.197<\/td><td>+2.511<\/td><\/tr><\/tbody><\/table><\/figure>\n","protected":false},"excerpt":{"rendered":"<p>Max Verstappen comandou a sess\u00e3o que definiu o grid de largada da corrida sprint do GP da \u00c1ustria, para festa do mar laranja presente no Red Bull Ring<\/p>\n","protected":false},"author":0,"featured_media":1000832545,"comment_status":"closed","ping_status":"closed","sticky":false,"template":"","format":"standard","meta":{"42wp_featured_image_caption":"","42wp_featured_image_credits":"","42wp_featured_video":"","42wp_featured_image_hidden":false,"42wp_authors_list":[],"footnotes":""},"categories":[2],"tags":[457,524,20491,309,26271,546,209,5273,211,302,147,3230,176,207,180,30909,800,1491,28285,3746,119,30840,117,485,547,87,25553,203,90,82,1521,35129,2916,676,204,1763,40050,31956,35518,3132,33301,612,215,597],"42wp_author":[47147],"class_list":["post-72577","post","type-post","status-publish","format-standard","has-post-thumbnail","hentry","category-f1","tag-alfa-romeo","tag-alphatauri","tag-alpine","tag-aston-martin","tag-calendario-f1","tag-carlos-sainz","tag-charles-leclerc","tag-classificacao-f1","tag-daniel-ricciardo","tag-esteban-ocon","tag-f1","tag-f1-2024","tag-fernando-alonso","tag-ferrari","tag-formula-1","tag-formula-1-2024","tag-george-russell","tag-grande-premio","tag-grandepremio","tag-guanyu-zhou","tag-haas","tag-horarios-f1","tag-kevin-magnussen","tag-lance-stroll","tag-lando-norris","tag-lewis-hamilton","tag-logan-sargeant","tag-max-verstappen","tag-mclaren","tag-mercedes","tag-nico-hulkenberg","tag-onde-assistir-f1","tag-oscar-piastri","tag-pierre-gasly","tag-red-bull","tag-red-bull-ring","tag-red-bull-ring-2024","tag-red-bull-ring-f1","tag-rodada-da-austria","tag-sergio-perez","tag-temporada-2024-f1","tag-valtteri-bottas","tag-williams","tag-yuki-tsunoda","42wp_author-luana-marino"],"_links":{"self":[{"href":"https:\/\/grandepremio.com\/br\/wp-json\/wp\/v2\/posts\/72577","targetHints":{"allow":["GET"]}}],"collection":[{"href":"https:\/\/grandepremio.com\/br\/wp-json\/wp\/v2\/posts"}],"about":[{"href":"https:\/\/grandepremio.com\/br\/wp-json\/wp\/v2\/types\/post"}],"replies":[{"embeddable":true,"href":"https:\/\/grandepremio.com\/br\/wp-json\/wp\/v2\/comments?post=72577"}],"version-history":[{"count":0,"href":"https:\/\/grandepremio.com\/br\/wp-json\/wp\/v2\/posts\/72577\/revisions"}],"wp:featuredmedia":[{"embeddable":true,"href":"https:\/\/grandepremio.com\/br\/wp-json\/wp\/v2\/media\/1000832545"}],"wp:attachment":[{"href":"https:\/\/grandepremio.com\/br\/wp-json\/wp\/v2\/media?parent=72577"}],"wp:term":[{"taxonomy":"category","embeddable":true,"href":"https:\/\/grandepremio.com\/br\/wp-json\/wp\/v2\/categories?post=72577"},{"taxonomy":"post_tag","embeddable":true,"href":"https:\/\/grandepremio.com\/br\/wp-json\/wp\/v2\/tags?post=72577"},{"taxonomy":"42wp_author","embeddable":true,"href":"https:\/\/grandepremio.com\/br\/wp-json\/wp\/v2\/42wp_author?post=72577"}],"curies":[{"name":"wp","href":"https:\/\/api.w.org\/{rel}","templated":true}]}}