{"id":72602,"date":"2024-06-28T10:00:00","date_gmt":"2024-06-28T13:00:00","guid":{"rendered":"https:\/\/grandepremio.com\/br\/noticias\/f2-2024-chega-metade-disputa-titulo-aberta-momento-chave-gabriel-bortoleto\/"},"modified":"2024-06-28T09:04:15","modified_gmt":"2024-06-28T12:04:15","slug":"f2-2024-chega-metade-disputa-titulo-aberta-momento-chave-gabriel-bortoleto","status":"publish","type":"post","link":"https:\/\/grandepremio.com\/br\/f2\/f2-2024-chega-metade-disputa-titulo-aberta-momento-chave-gabriel-bortoleto\/","title":{"rendered":"F2 2024 chega \u00e0 metade com disputa por t\u00edtulo aberta e momento-chave para Bortoleto"},"content":{"rendered":"\n<p class=\"wp-block-paragraph\">A<strong> F\u00f3rmula 2 <\/strong>chega \u00e0 metade da temporada com o campeonato totalmente aberto na briga pelo t\u00edtulo. <strong>Paul Aron<\/strong> e <strong>Isack Hadjar<\/strong> largam na frente, mas ainda h\u00e1 tempo para outros nomes surgirem, como <strong>Gabriel Bortoleto<\/strong>, que apesar dos problemas com o desgaste de pneus na Espanha, deu importante passo na classifica\u00e7\u00e3o. S\u00f3 que, de agora em diante, cada perda ser\u00e1 impiedosa. Confira a an\u00e1lise de Luana Marino.<\/p>\n\n\n\n<p class=\"wp-block-paragraph\"><strong>Assista ao v\u00eddeo:<\/strong><\/p>\n\n\n\n<figure class=\"wp-block-embed is-type-rich is-provider-incorporar-manipulador wp-block-embed-incorporar-manipulador wp-embed-aspect-16-9 wp-has-aspect-ratio\"><div class=\"wp-block-embed__wrapper\">\n<iframe loading=\"lazy\" title=\"F2 2024 chega \u00e0 METADE com DISPUTA por T\u00cdTULO ABERTA e MOMENTO-CHAVE para BORTOLETO | GP \u00e0s 10\" width=\"500\" height=\"281\" src=\"https:\/\/www.youtube.com\/embed\/0H8qgPFzqoI?feature=oembed\" frameborder=\"0\" allow=\"accelerometer; autoplay; clipboard-write; encrypted-media; gyroscope; picture-in-picture; web-share\" referrerpolicy=\"strict-origin-when-cross-origin\" allowfullscreen><\/iframe>\n<\/div><\/figure>\n\n\n\n<p class=\"wp-block-paragraph\"><strong><img decoding=\"async\" src=\"https:\/\/a.slack-edge.com\/production-standard-emoji-assets\/14.0\/google-medium\/25b6-fe0f.png\" alt=\":seta_para_frente:\">&nbsp;Inscreva-se nos dois canais do GRANDE PR\u00caMIO no YouTube:&nbsp;<a href=\"https:\/\/www.youtube.com\/channel\/UC9OlHEgxoaY6QY6nWPoiqQg?sub_confirmation=1\" target=\"_blank\" rel=\"noreferrer noopener\">GP<\/a>&nbsp;|&nbsp;<a href=\"https:\/\/www.youtube.com\/channel\/UC9csiS6q_C3C0FYhyr1rnFA?sub_confirmation=1\" target=\"_blank\" rel=\"noreferrer noopener\">GP2<\/a><\/strong><br><strong><img decoding=\"async\" src=\"https:\/\/a.slack-edge.com\/production-standard-emoji-assets\/14.0\/google-medium\/25b6-fe0f.png\" alt=\":seta_para_frente:\">&nbsp;LEIA TAMB\u00c9M:<\/strong><strong><a href=\"https:\/\/www.grandepremio.com\/br\/f2\/noticias\/paul-aron-alicerca-lideranca-podio-podio-f2-gabriel-bortoleto-tropeca-recalcular-rota\/\">Aron alicer\u00e7a lideran\u00e7a de p\u00f3dio em p\u00f3dio na F2. Bortoleto trope\u00e7a e tem de recalcular rota<\/a><\/strong><\/p>\n","protected":false},"excerpt":{"rendered":"<p>A rodada da \u00c1ustria marca a metade da temporada 2024 da F\u00f3rmula 2. Paul Aron e Isack Hadjar partem em ligeira vantagem para a reta final, por\u00e9m ainda d\u00e1 tempo de outros nomes embolarem a briga \u2014 entre eles, Gabriel Bortoleto<\/p>\n","protected":false},"author":0,"featured_media":1000832066,"comment_status":"closed","ping_status":"closed","sticky":false,"template":"","format":"standard","meta":{"42wp_featured_image_caption":"","42wp_featured_image_credits":"","42wp_featured_video":"","42wp_featured_image_hidden":false,"42wp_authors_list":[],"footnotes":""},"categories":[9],"tags":[29654,30246,111,32189,2208,35969,1491,28285,35029,35030,1763,40050,35520,35518,32190],"42wp_author":[47147],"class_list":["post-72602","post","type-post","status-publish","format-standard","has-post-thumbnail","hentry","category-f2","tag-calendario-f2","tag-classificacao-f2","tag-f2","tag-f2-2024","tag-formula-2","tag-formula-2-2024","tag-grande-premio","tag-grandepremio","tag-horarios-f2","tag-onde-assistir-f2","tag-red-bull-ring","tag-red-bull-ring-2024","tag-red-bull-ring-f2","tag-rodada-da-austria","tag-temporada-2024-f2","42wp_author-luana-marino"],"_links":{"self":[{"href":"https:\/\/grandepremio.com\/br\/wp-json\/wp\/v2\/posts\/72602","targetHints":{"allow":["GET"]}}],"collection":[{"href":"https:\/\/grandepremio.com\/br\/wp-json\/wp\/v2\/posts"}],"about":[{"href":"https:\/\/grandepremio.com\/br\/wp-json\/wp\/v2\/types\/post"}],"replies":[{"embeddable":true,"href":"https:\/\/grandepremio.com\/br\/wp-json\/wp\/v2\/comments?post=72602"}],"version-history":[{"count":0,"href":"https:\/\/grandepremio.com\/br\/wp-json\/wp\/v2\/posts\/72602\/revisions"}],"wp:featuredmedia":[{"embeddable":true,"href":"https:\/\/grandepremio.com\/br\/wp-json\/wp\/v2\/media\/1000832066"}],"wp:attachment":[{"href":"https:\/\/grandepremio.com\/br\/wp-json\/wp\/v2\/media?parent=72602"}],"wp:term":[{"taxonomy":"category","embeddable":true,"href":"https:\/\/grandepremio.com\/br\/wp-json\/wp\/v2\/categories?post=72602"},{"taxonomy":"post_tag","embeddable":true,"href":"https:\/\/grandepremio.com\/br\/wp-json\/wp\/v2\/tags?post=72602"},{"taxonomy":"42wp_author","embeddable":true,"href":"https:\/\/grandepremio.com\/br\/wp-json\/wp\/v2\/42wp_author?post=72602"}],"curies":[{"name":"wp","href":"https:\/\/api.w.org\/{rel}","templated":true}]}}