{"id":72669,"date":"2024-06-27T19:13:25","date_gmt":"2024-06-27T22:13:25","guid":{"rendered":"https:\/\/grandepremio.com\/br\/noticias\/ott-tanak-sai-frente-lidera-superspecial-1-dia-rali-polonia-wrc\/"},"modified":"2024-06-27T19:25:03","modified_gmt":"2024-06-27T22:25:03","slug":"ott-tanak-sai-frente-lidera-superspecial-1-dia-rali-polonia-wrc","status":"publish","type":"post","link":"https:\/\/grandepremio.com\/br\/rally\/ott-tanak-sai-frente-lidera-superspecial-1-dia-rali-polonia-wrc\/","title":{"rendered":"T\u00e4nak sai na frente e lidera superespecial do 1\u00ba dia do Rali da Pol\u00f4nia do WRC"},"content":{"rendered":"\n<p class=\"wp-block-paragraph\">Uma r\u00e1pida superespecial realizada nesta quinta-feira (27) abriu a contagem de tempo para o <strong>Rali da Pol\u00f4nia<\/strong> deste fim de semana. Quem terminou o percurso na frente e vai para a sexta-feira na lideran\u00e7a foi <strong>Ott T\u00e4nak<\/strong>, da <strong>Hyundai<\/strong>.<\/p>\n\n\n\n<p class=\"wp-block-paragraph\">Com isso, o piloto estoniano vai para o primeiro dia de m\u00faltiplas especiais &#8211; ser\u00e3o sete &#8211; como dono da vantagem na 80\u00aa edi\u00e7\u00e3o do off-road. A superespecial foi a realizada no cora\u00e7\u00e3o do evento, as imedia\u00e7\u00f5es do circuito da <strong>Miko\u0142ajki Arena<\/strong>.<\/p>\n\n\n\n<p class=\"wp-block-paragraph\">&#8220;Gosto desses caminhos, mas as estradas n\u00e3o s\u00e3o nada f\u00e1ceis e tudo precisa ser preciso. \u00c9 preciso ter total confian\u00e7a em tudo que est\u00e1 ao seu redor, ent\u00e3o vamos ver amanh\u00e3 o que sentiremos&#8221;, afirmou o l\u00edder.<\/p>\n\n\n\n<p class=\"wp-block-paragraph\">Se T\u00e4nak completou o percurso em 1min42s5, o l\u00edder da temporada do WRC at\u00e9 agora, <strong>Thierry Neuville<\/strong>, tamb\u00e9m da Hyundai, fechou 1s mais lento. A terceira coloca\u00e7\u00e3o ficou com <strong>Elfyn Evans<\/strong>, da <strong>Toyota<\/strong>, seguido por Takamoto Katsuta, tamb\u00e9m da f\u00e1brica japonesa.<\/p>\n\n\n\n<figure class=\"wp-block-image size-large\"><img decoding=\"async\" src=\"https:\/\/www.grandepremio.com\/br\/wp-content\/uploads\/2024\/06\/GPF1-5-1200x675.jpg\" alt=\"\" class=\"wp-image-832012\"\/><figcaption class=\"wp-element-caption\">M\u0101rti\u0146\u0161 Sesks foi o mais r\u00e1pido do WRC2 no 1\u00ba dia do Rali da Pol\u00f4nia (Foto: Hyundai)<\/figcaption><\/figure>\n\n\n\n<p class=\"wp-block-paragraph\">O top-10 ficou ainda com <strong>Andreas Mikkelsen, Adrien Fourmaux, Kalle Rovanper\u00e4, Gr\u00e9goire Munster, Martins Sesks e Oliver Solberg<\/strong>. Sesks e Solberg competem no WRC2.<\/p>\n\n\n\n<p class=\"wp-block-paragraph\">Ap\u00f3s somente 2,5 km na quinta-feira, o Rali da Pol\u00f4nia conta com sete especiais na sexta-feira, sete no s\u00e1bado e encerra com as quatro derradeiras no domingo.<\/p>\n\n\n\n<p class=\"wp-block-paragraph\"><strong>\u25b6\ufe0f Inscreva-se nos dois canais do\u00a0GRANDE PR\u00caMIO\u00a0no YouTube:\u00a0<a href=\"https:\/\/www.youtube.com\/channel\/UC9OlHEgxoaY6QY6nWPoiqQg?sub_confirmation=1\">GP<\/a>\u00a0|\u00a0<a href=\"https:\/\/www.youtube.com\/channel\/UC9csiS6q_C3C0FYhyr1rnFA?sub_confirmation=1\">GP2<\/a><br>\u25b6\ufe0f\u00a0<a href=\"https:\/\/www.grandepremio.com\/br\/grandepremium\/ranking-gp\/f1\/materias\/as-notas-do-gp-da-espanha-da-f1-2024\/\">Ranking GP: as notas dos 20 pilotos no GP da Espanha de F1<\/a><\/strong><\/p>\n\n\n\n<figure class=\"wp-block-embed is-type-video is-provider-youtube wp-block-embed-youtube wp-embed-aspect-16-9 wp-has-aspect-ratio\"><div class=\"wp-block-embed__wrapper\">\n<iframe loading=\"lazy\" title=\"RICCIARDO DEMITIDO e substituto DEFINIDO na F1? + Interlagos CANCELA corrida | TTGP #141\" width=\"500\" height=\"281\" src=\"https:\/\/www.youtube.com\/embed\/Nxs2uUragKo?feature=oembed\" frameborder=\"0\" allow=\"accelerometer; autoplay; clipboard-write; encrypted-media; gyroscope; picture-in-picture; web-share\" referrerpolicy=\"strict-origin-when-cross-origin\" allowfullscreen><\/iframe>\n<\/div><figcaption class=\"wp-element-caption\">RICCIARDO DEMITIDO e substituto DEFINIDO na F1? + Interlagos CANCELA corrida | TTGP #141<\/figcaption><\/figure>\n","protected":false},"excerpt":{"rendered":"<p>\u00d6tt T\u00e4nak terminou o primeiro dia de atividades do Rali da Pol\u00f4nia com a dianteira. \u00danica movimenta\u00e7\u00e3o, por\u00e9m, foi uma superespecial <\/p>\n","protected":false},"author":0,"featured_media":1000832011,"comment_status":"closed","ping_status":"closed","sticky":false,"template":"","format":"standard","meta":{"42wp_featured_image_caption":"","42wp_featured_image_credits":"","42wp_featured_video":"","42wp_featured_image_hidden":false,"42wp_authors_list":[],"footnotes":""},"categories":[5],"tags":[5660,2073,36698,5170,737,35913],"42wp_author":[47120],"class_list":["post-72669","post","type-post","status-publish","format-standard","has-post-thumbnail","hentry","category-rally","tag-classificacao","tag-hyundai","tag-mundial-de-rali-2024","tag-ott-tanak","tag-thierry-neuville","tag-wrc-2024","42wp_author-pedro-henrique-marum"],"_links":{"self":[{"href":"https:\/\/grandepremio.com\/br\/wp-json\/wp\/v2\/posts\/72669","targetHints":{"allow":["GET"]}}],"collection":[{"href":"https:\/\/grandepremio.com\/br\/wp-json\/wp\/v2\/posts"}],"about":[{"href":"https:\/\/grandepremio.com\/br\/wp-json\/wp\/v2\/types\/post"}],"replies":[{"embeddable":true,"href":"https:\/\/grandepremio.com\/br\/wp-json\/wp\/v2\/comments?post=72669"}],"version-history":[{"count":0,"href":"https:\/\/grandepremio.com\/br\/wp-json\/wp\/v2\/posts\/72669\/revisions"}],"wp:featuredmedia":[{"embeddable":true,"href":"https:\/\/grandepremio.com\/br\/wp-json\/wp\/v2\/media\/1000832011"}],"wp:attachment":[{"href":"https:\/\/grandepremio.com\/br\/wp-json\/wp\/v2\/media?parent=72669"}],"wp:term":[{"taxonomy":"category","embeddable":true,"href":"https:\/\/grandepremio.com\/br\/wp-json\/wp\/v2\/categories?post=72669"},{"taxonomy":"post_tag","embeddable":true,"href":"https:\/\/grandepremio.com\/br\/wp-json\/wp\/v2\/tags?post=72669"},{"taxonomy":"42wp_author","embeddable":true,"href":"https:\/\/grandepremio.com\/br\/wp-json\/wp\/v2\/42wp_author?post=72669"}],"curies":[{"name":"wp","href":"https:\/\/api.w.org\/{rel}","templated":true}]}}