{"id":72929,"date":"2024-06-25T07:43:20","date_gmt":"2024-06-25T10:43:20","guid":{"rendered":"https:\/\/grandepremio.com\/br\/noticias\/aston-martin-surpreende-ofensiva-tirar-diretor-tecnico-ferrari-formula-1\/"},"modified":"2024-06-25T08:44:19","modified_gmt":"2024-06-25T11:44:19","slug":"aston-martin-surpreende-ofensiva-tirar-diretor-tecnico-ferrari-formula-1","status":"publish","type":"post","link":"https:\/\/grandepremio.com\/br\/f1\/aston-martin-surpreende-ofensiva-tirar-diretor-tecnico-ferrari-formula-1\/","title":{"rendered":"Aston Martin surpreende em ofensiva para tirar diretor-t\u00e9cnico da Ferrari na F\u00f3rmula 1"},"content":{"rendered":"\n<p class=\"wp-block-paragraph\">Se a investida sobre <strong>Adrian Newey <\/strong><a href=\"https:\/\/www.grandepremio.com\/br\/f1\/noticias\/aston-martin-promove-tour-secreto-avanca-tentativa-contratar-adrian-newey-f1\/\">ainda n\u00e3o surtiu o efeito desejado<\/a>, a <strong>Aston Martin<\/strong> est\u00e1 prestes a dar um importante golpe na dan\u00e7a das cadeiras entre as pe\u00e7as-chave das equipe do grid da <strong>F\u00f3rmula 1<\/strong>. De acordo com o site italiano<em> Formu1a Uno<\/em>, o atual diretor-t\u00e9cnico da <strong>Ferrari<\/strong>, <strong>Enrico Cardile<\/strong>, assinou com a equipe de <strong>Lawrence Stroll <\/strong>para a temporada 2025.<\/p>\n\n\n\n<p class=\"wp-block-paragraph\">Cardile come\u00e7ou a colaborar com a equipe de Maranello ainda em 2002, sendo efetivado em 2005. A carreira na Ferrari come\u00e7ou na divis\u00e3o de GT, sendo transferido para a gest\u00e3o esportiva em 2016 e, depois, assumindo o posto de designer de ve\u00edculos no ano seguinte.<\/p>\n\n\n\n<p class=\"wp-block-paragraph\">Dali em diante, atuou estreitamente na equipe respons\u00e1vel pelo desenvolvimento da unidade de pot\u00eancia na era h\u00edbrida e foi nomeado diretor-t\u00e9cnico na gest\u00e3o de <strong>Mattia Binotto<\/strong> da equipe italiana. Com a chegada de <strong>Fr\u00e9d\u00e9ric Vasseur<\/strong>, passou a administrar tamb\u00e9m a divis\u00e3o de chassi, al\u00e9m do setor de aerodin\u00e2mica.<\/p>\n\n\n\n<p class=\"wp-block-paragraph\">Segundo a publica\u00e7\u00e3o italiana, a sa\u00edda de Cardile ser\u00e1 suprida por <strong>Lo\u00efc Serra<\/strong>, ex-diretor de desempenho da Mercedes e que assumir\u00e1 fun\u00e7\u00f5es em Maranello a partir de outubro deste ano. O engenheiro franc\u00eas j\u00e1 havia sido anunciado como chefe de engenharia de desempenho de chassi.<\/p>\n\n\n\n<figure class=\"wp-block-image size-large\"><img decoding=\"async\" src=\"https:\/\/www.grandepremio.com\/br\/wp-content\/uploads\/2024\/02\/lawrence-stroll-aston-martin-looks-to-camera-planetf1-1024x576.jpg\" alt=\"\" class=\"wp-image-777601\"\/><figcaption class=\"wp-element-caption\">Lawrence Stroll segue tentando fortalecer a parte t\u00e9cnica na Aston Martin (Foto: Reprodu\u00e7\u00e3o)<\/figcaption><\/figure>\n\n\n\n<p class=\"wp-block-paragraph\">O troca-troca de integrantes dos times t\u00e9cnicos ferveu desde a explos\u00e3o do Caso Horner, no in\u00edcio do ano, e a tentativa massiva das rivais em roubar membros da Red Bull em meio \u00e0 crise nos bastidores taurinos. Para completar, a chance rara de ter Newey, de sa\u00edda confirmada da equipe austr\u00edaca no primeiro semestre de 2025, deixou o grid inteiro ouri\u00e7ado.<\/p>\n\n\n\n<p class=\"wp-block-paragraph\">Mas enquanto o ic\u00f4nico projetista retarda os planos para o futuro, as equipes seguem em trabalho intenso para montar o melhor esquadr\u00e3o de olho na pr\u00f3xima mudan\u00e7a de regulamento, em 2026. Ferrari, por exemplo, <a href=\"https:\/\/www.grandepremio.com\/br\/f1\/noticias\/ferrari-confirma-efeito-lewis-hamilton-rouba-loic-serra-jerome-dambrosio-mercedes-2024\/\">tamb\u00e9m arrancou <strong>J\u00e9r\u00f4me D&#8217;Ambrosio<\/strong><\/a> da Mercedes, tudo para preparar o melhor ambiente para receber Lewis Hamilton no ano que vem. Na <strong>Alpine<\/strong>, <strong>David S\u00e1nchez<\/strong>, antes na McLaren e tamb\u00e9m com passagens por Maranello, <a href=\"https:\/\/www.grandepremio.com\/br\/f1\/noticias\/david-sanchez-volta-origens-assume-cargo-diretor-tecnico-executivo-alpine\/\">\u00e9 o novo diretor-t\u00e9cnico<\/a>.<\/p>\n\n\n\n<p class=\"wp-block-paragraph\">J\u00e1 a Red Bull conseguiu conter a amea\u00e7a de \u00eaxodo e segurou Pierre Wach\u00e9, segundo nome mais forte do corpo t\u00e9cnico atual, al\u00e9m de outras figuras importantes, como o diretor-esportivo de longa data, Jonathan Wheatley, e o engenheiro-chefe, Paul Monaghan.<\/p>\n\n\n\n<p class=\"wp-block-paragraph\">A\u00a0<a href=\"https:\/\/www.grandepremio.com\/br\/f1\/\" target=\"_blank\" rel=\"noreferrer noopener\"><\/a><a href=\"https:\/\/www.grandepremio.com\/br\/f1\/\" target=\"_blank\" rel=\"noreferrer noopener\">F\u00f3rmula 1<\/a>\u00a0volta de\u00a0<strong>28 a 30 de junho<\/strong>, na\u00a0<strong>\u00c1ustria<\/strong>, a segunda de tr\u00eas corridas em sequ\u00eancia. O\u00a0<strong>GRANDE PR\u00caMIO<\/strong>\u00a0acompanha todas as atividades da temporada 2024.<\/p>\n\n\n\n<p class=\"wp-block-paragraph\"><strong><img decoding=\"async\" src=\"https:\/\/a.slack-edge.com\/production-standard-emoji-assets\/14.0\/google-medium\/25b6-fe0f.png\" alt=\":seta_para_frente:\">\u00a0Inscreva-se nos dois canais do GRANDE PR\u00caMIO no YouTube:\u00a0<a href=\"https:\/\/www.youtube.com\/channel\/UC9OlHEgxoaY6QY6nWPoiqQg?sub_confirmation=1\" target=\"_blank\" rel=\"noreferrer noopener\">GP<\/a>\u00a0|\u00a0<a href=\"https:\/\/www.youtube.com\/channel\/UC9csiS6q_C3C0FYhyr1rnFA?sub_confirmation=1\" target=\"_blank\" rel=\"noreferrer noopener\">GP2<\/a><\/strong><br><strong><img decoding=\"async\" src=\"https:\/\/a.slack-edge.com\/production-standard-emoji-assets\/14.0\/google-medium\/25b6-fe0f.png\" alt=\":seta_para_frente:\">\u00a0LEIA TAMB\u00c9M:<a href=\"https:\/\/www.grandepremio.com\/br\/f1\/noticias\/opiniao-gp-mclaren-reforca-equilibrio-acirra-nervos-f1-mas-nao-mexe-max-verstappen\/\">Opini\u00e3o GP: McLaren refor\u00e7a equil\u00edbrio e acirra nervos, mas n\u00e3o mexe com Verstappen<\/a><\/strong><\/p>\n\n\n\n<figure class=\"wp-block-embed is-type-video is-provider-youtube wp-block-embed-youtube wp-embed-aspect-16-9 wp-has-aspect-ratio\"><div class=\"wp-block-embed__wrapper\">\n<iframe loading=\"lazy\" title=\"F1: DRUGOVICH na WILLIAMS \u00e9 REAL? e VERSTAPPEN BRILHA na ESPANHA | Paddock GP #377\" width=\"500\" height=\"281\" src=\"https:\/\/www.youtube.com\/embed\/IR_ra-0K1ak?feature=oembed\" frameborder=\"0\" allow=\"accelerometer; autoplay; clipboard-write; encrypted-media; gyroscope; picture-in-picture; web-share\" referrerpolicy=\"strict-origin-when-cross-origin\" allowfullscreen><\/iframe>\n<\/div><\/figure>\n","protected":false},"excerpt":{"rendered":"<p>De acordo com o site italiano Formu1a Uno, Enrico Cardile aceitou a proposta de Lawrence Stroll e vai deixar a Ferrari para fazer parte da Aston Martin em 2025<\/p>\n","protected":false},"author":0,"featured_media":1000778517,"comment_status":"closed","ping_status":"closed","sticky":false,"template":"","format":"standard","meta":{"42wp_featured_image_caption":"","42wp_featured_image_credits":"","42wp_featured_video":"","42wp_featured_image_hidden":false,"42wp_authors_list":[],"footnotes":""},"categories":[2],"tags":[309,304,26271,5273,25590,1877,147,3230,207,180,30909,996,1491,28285,30840,454,35129,33301],"42wp_author":[47147],"class_list":["post-72929","post","type-post","status-publish","format-standard","has-post-thumbnail","hentry","category-f1","tag-aston-martin","tag-barcelona","tag-calendario-f1","tag-classificacao-f1","tag-enrico-cardile","tag-espanha","tag-f1","tag-f1-2024","tag-ferrari","tag-formula-1","tag-formula-1-2024","tag-gp-da-espanha","tag-grande-premio","tag-grandepremio","tag-horarios-f1","tag-lawrence-stroll","tag-onde-assistir-f1","tag-temporada-2024-f1","42wp_author-luana-marino"],"_links":{"self":[{"href":"https:\/\/grandepremio.com\/br\/wp-json\/wp\/v2\/posts\/72929","targetHints":{"allow":["GET"]}}],"collection":[{"href":"https:\/\/grandepremio.com\/br\/wp-json\/wp\/v2\/posts"}],"about":[{"href":"https:\/\/grandepremio.com\/br\/wp-json\/wp\/v2\/types\/post"}],"replies":[{"embeddable":true,"href":"https:\/\/grandepremio.com\/br\/wp-json\/wp\/v2\/comments?post=72929"}],"version-history":[{"count":0,"href":"https:\/\/grandepremio.com\/br\/wp-json\/wp\/v2\/posts\/72929\/revisions"}],"wp:featuredmedia":[{"embeddable":true,"href":"https:\/\/grandepremio.com\/br\/wp-json\/wp\/v2\/media\/1000778517"}],"wp:attachment":[{"href":"https:\/\/grandepremio.com\/br\/wp-json\/wp\/v2\/media?parent=72929"}],"wp:term":[{"taxonomy":"category","embeddable":true,"href":"https:\/\/grandepremio.com\/br\/wp-json\/wp\/v2\/categories?post=72929"},{"taxonomy":"post_tag","embeddable":true,"href":"https:\/\/grandepremio.com\/br\/wp-json\/wp\/v2\/tags?post=72929"},{"taxonomy":"42wp_author","embeddable":true,"href":"https:\/\/grandepremio.com\/br\/wp-json\/wp\/v2\/42wp_author?post=72929"}],"curies":[{"name":"wp","href":"https:\/\/api.w.org\/{rel}","templated":true}]}}