{"id":73005,"date":"2024-06-24T08:54:55","date_gmt":"2024-06-24T11:54:55","guid":{"rendered":"https:\/\/grandepremio.com\/br\/noticias\/fernando-alonso-perde-paciencia-aston-martin-dispara-precisa-entregar-mais-falar-menos\/"},"modified":"2024-06-24T09:12:13","modified_gmt":"2024-06-24T12:12:13","slug":"fernando-alonso-perde-paciencia-aston-martin-dispara-precisa-entregar-mais-falar-menos","status":"publish","type":"post","link":"https:\/\/grandepremio.com\/br\/f1\/fernando-alonso-perde-paciencia-aston-martin-dispara-precisa-entregar-mais-falar-menos\/","title":{"rendered":"Alonso perde paci\u00eancia com Aston Martin e dispara: \u201cPrecisa entregar mais e falar menos\u201d"},"content":{"rendered":"\n<p class=\"wp-block-paragraph\"><strong>Fernando Alonso<\/strong> j\u00e1 est\u00e1 perdendo a paci\u00eancia com a queda de desempenho da <strong>Aston Martin <\/strong>e cobrou melhorias por parte da equipe. Depois de sair zerado de sua corrida em casa e <a href=\"https:\/\/www.grandepremio.com\/br\/f1\/noticias\/fernando-alonso-ve-12o-merecido-para-aston-martin-gp-da-espanha-carro-nao-estava-bom\/\">dizer que n\u00e3o merecia pontuar<\/a>, o espanhol afirmou que agora o time precisa \u201centregar mais e falar menos\u201d.<\/p>\n\n\n\n<p class=\"wp-block-paragraph\">H\u00e1 menos de um ano <strong>Alonso <\/strong>vivia boa fase com a <strong>Aston Martin<\/strong> e enfileirava p\u00f3dios na <strong>F\u00f3rmula 1<\/strong>. A performance da esquadra come\u00e7ou a cair ao longo de 2023, mas ainda assim conseguiam entregar um desempenho satisfat\u00f3rio na maioria das corridas. Em 2024, no entanto, come\u00e7ou o ano brigando pelo quarto lugar entre os construtores com a <strong>Mercedes<\/strong>, mas agora se v\u00ea incapaz de ir ao top-10 com regularidade.<\/p>\n\n\n\n<p class=\"wp-block-paragraph\">Alonso, que \u00e9 respons\u00e1vel por 41 dos 58 pontos da equipe, terminou na zona de pontos apenas uma vez nas \u00faltimas quatro corridas. Ap\u00f3s o <strong>GP da Espanha<\/strong>, o bicampe\u00e3o disparou contra a equipe e cobrou melhorias.<\/p>\n\n\n\n<p class=\"wp-block-paragraph\">\u201c\u00c9 frustrante, mas n\u00e3o h\u00e1 nada que voc\u00ea possa fazer agora, ent\u00e3o assim que a corrida termina voc\u00ea come\u00e7a a pensar na \u00c1ustria e no que pode fazer de diferente. Mas acho que vai ser dif\u00edcil tamb\u00e9m porque a pista tem algumas caracter\u00edsticas de Barcelona, \u200b\u200bcomo as curvas longas\u201d, reconheceu Fernando.<\/p>\n\n\n\n<figure class=\"wp-block-image size-large\"><img decoding=\"async\" src=\"https:\/\/www.grandepremio.com\/br\/wp-content\/uploads\/2024\/06\/espanha-2024-f1-corrida-aston-martin-fernando-alonso-03-1200x800.jpg\" alt=\"\" class=\"wp-image-830271\"\/><figcaption class=\"wp-element-caption\">Fernando Alonso sofreu com a ader\u00eancia na Espanha (Foto: Aston Martin)<\/figcaption><\/figure>\n\n\n\n<p class=\"wp-block-paragraph\">\u201cSer\u00e1 outro fim de semana dif\u00edcil, tamb\u00e9m em Silverstone, sem d\u00favida. N\u00e3o podemos ficar muito frustrados. \u00c9 hora de trabalhar mais, falar menos, entregar mais. \u00c9 o que queremos fazer\u201d, seguiu o bicampe\u00e3o.<\/p>\n\n\n\n<p class=\"wp-block-paragraph\">A queda de desempenho, no entanto, n\u00e3o \u00e9 por falta de esfor\u00e7os ou investimentos por parte da equipe. De acordo com o espanhol, a <strong>Aston Martin<\/strong> j\u00e1 aplicou algumas atualiza\u00e7\u00f5es no AMR24, mas elas n\u00e3o surtiram o efeito desejado.&nbsp;<\/p>\n\n\n\n<p class=\"wp-block-paragraph\">\u201cAtualizamos muito o carro e n\u00e3o entregamos os resultados. Ent\u00e3o agora tamb\u00e9m \u00e9 uma quest\u00e3o de tudo o que trazemos para a pista, isso entrega o que esperamos e come\u00e7amos a melhorar cada vez mais. Ent\u00e3o, como eu disse, precisamos trabalhar duro, melhorar a cada corrida, mas sem falar muito ou prometer\u201d, continuou Alonso.<\/p>\n\n\n\n<p class=\"wp-block-paragraph\">Questionado sobre o que a Aston Martin poderia fazer para melhorar o carro, Fernando se limitou a dizer: \u201csou piloto, n\u00e3o t\u00e9cnico\u201d.<\/p>\n\n\n\n<p class=\"wp-block-paragraph\">A&nbsp;<a href=\"https:\/\/www.grandepremio.com\/br\/f1\/\" target=\"_blank\" rel=\"noreferrer noopener\"><\/a><a href=\"https:\/\/www.grandepremio.com\/br\/f1\/\" target=\"_blank\" rel=\"noreferrer noopener\">F\u00f3rmula 1<\/a>&nbsp;volta de&nbsp;<strong>28 a 30 de junho<\/strong>, na&nbsp;<strong>\u00c1ustria<\/strong>, a segunda de tr\u00eas corridas em sequ\u00eancia. O&nbsp;<strong>GRANDE PR\u00caMIO<\/strong>&nbsp;acompanha todas as atividades da temporada 2024.<\/p>\n\n\n\n<p class=\"wp-block-paragraph\"><strong>&nbsp;Inscreva-se nos dois canais do GRANDE PR\u00caMIO no YouTube:&nbsp;<a href=\"https:\/\/www.youtube.com\/channel\/UC9OlHEgxoaY6QY6nWPoiqQg?sub_confirmation=1\" target=\"_blank\" rel=\"noreferrer noopener\">GP<\/a>&nbsp;|&nbsp;<a href=\"https:\/\/www.youtube.com\/channel\/UC9csiS6q_C3C0FYhyr1rnFA?sub_confirmation=1\" target=\"_blank\" rel=\"noreferrer noopener\">GP2<\/a><\/strong><\/p>\n\n\n\n<figure class=\"wp-block-embed is-type-video is-provider-youtube wp-block-embed-youtube wp-embed-aspect-16-9 wp-has-aspect-ratio\"><div class=\"wp-block-embed__wrapper\">\n<iframe loading=\"lazy\" title=\"VERSTAPPEN e RED BULL D\u00c3O AULA e VENCEM GP da ESPANHA DE F1. NORRIS 2\u00ba, HAMILTON 3\u00ba | Briefing\" width=\"500\" height=\"281\" src=\"https:\/\/www.youtube.com\/embed\/i7YquXPAPZc?feature=oembed\" frameborder=\"0\" allow=\"accelerometer; autoplay; clipboard-write; encrypted-media; gyroscope; picture-in-picture; web-share\" referrerpolicy=\"strict-origin-when-cross-origin\" allowfullscreen><\/iframe>\n<\/div><\/figure>\n","protected":false},"excerpt":{"rendered":"<p>Fernando Alonso n\u00e3o gostou de ter sa\u00eddo zerado do GP da Espanha e afirmou que a Aston Martin precisa ser mais assertiva em suas atualiza\u00e7\u00f5es na F\u00f3rmula 1<\/p>\n","protected":false},"author":0,"featured_media":1000830233,"comment_status":"closed","ping_status":"closed","sticky":false,"template":"","format":"standard","meta":{"42wp_featured_image_caption":"","42wp_featured_image_credits":"","42wp_featured_video":"","42wp_featured_image_hidden":false,"42wp_authors_list":[],"footnotes":""},"categories":[2],"tags":[37832,309,176,996,1491,28285],"42wp_author":[47149],"class_list":["post-73005","post","type-post","status-publish","format-standard","has-post-thumbnail","hentry","category-f1","tag-amr24","tag-aston-martin","tag-fernando-alonso","tag-gp-da-espanha","tag-grande-premio","tag-grandepremio","42wp_author-bernardo-castro"],"_links":{"self":[{"href":"https:\/\/grandepremio.com\/br\/wp-json\/wp\/v2\/posts\/73005","targetHints":{"allow":["GET"]}}],"collection":[{"href":"https:\/\/grandepremio.com\/br\/wp-json\/wp\/v2\/posts"}],"about":[{"href":"https:\/\/grandepremio.com\/br\/wp-json\/wp\/v2\/types\/post"}],"replies":[{"embeddable":true,"href":"https:\/\/grandepremio.com\/br\/wp-json\/wp\/v2\/comments?post=73005"}],"version-history":[{"count":0,"href":"https:\/\/grandepremio.com\/br\/wp-json\/wp\/v2\/posts\/73005\/revisions"}],"wp:featuredmedia":[{"embeddable":true,"href":"https:\/\/grandepremio.com\/br\/wp-json\/wp\/v2\/media\/1000830233"}],"wp:attachment":[{"href":"https:\/\/grandepremio.com\/br\/wp-json\/wp\/v2\/media?parent=73005"}],"wp:term":[{"taxonomy":"category","embeddable":true,"href":"https:\/\/grandepremio.com\/br\/wp-json\/wp\/v2\/categories?post=73005"},{"taxonomy":"post_tag","embeddable":true,"href":"https:\/\/grandepremio.com\/br\/wp-json\/wp\/v2\/tags?post=73005"},{"taxonomy":"42wp_author","embeddable":true,"href":"https:\/\/grandepremio.com\/br\/wp-json\/wp\/v2\/42wp_author?post=73005"}],"curies":[{"name":"wp","href":"https:\/\/api.w.org\/{rel}","templated":true}]}}