{"id":73014,"date":"2024-06-24T07:46:42","date_gmt":"2024-06-24T10:46:42","guid":{"rendered":"https:\/\/grandepremio.com\/br\/noticias\/ferrari-rebate-choro-charles-leclerc-toque-carlos-sainz-espanha-nao-perdemos-nada-ali\/"},"modified":"2024-06-24T07:55:43","modified_gmt":"2024-06-24T10:55:43","slug":"ferrari-rebate-choro-charles-leclerc-toque-carlos-sainz-espanha-nao-perdemos-nada-ali","status":"publish","type":"post","link":"https:\/\/grandepremio.com\/br\/f1\/ferrari-rebate-choro-charles-leclerc-toque-carlos-sainz-espanha-nao-perdemos-nada-ali\/","title":{"rendered":"Ferrari rebate &#8216;choro&#8217; de Leclerc ap\u00f3s toque de Sainz na Espanha: &#8220;N\u00e3o perdemos nada ali&#8221;"},"content":{"rendered":"\n<p class=\"wp-block-paragraph\">A <strong>Ferrari <\/strong>n\u00e3o deu muita import\u00e2ncia <a href=\"https:\/\/www.grandepremio.com\/br\/f1\/noticias\/charles-leclerc-lamenta-5-espanha-perda-tempo-briga-carlos-sainz-nao-estou-feliz\/\">para as reclama\u00e7\u00f5es<\/a> de <strong>Charles Leclerc <\/strong>ap\u00f3s toque de <strong>Carlos Sainz <\/strong>ainda na terceira volta do <strong>GP da Espanha<\/strong>, <a href=\"https:\/\/www.grandepremio.com\/br\/f1\/noticias\/max-verstappen-red-bull-aula-estrategia-vence-gp-espanha-f1-lando-norris-2o\/\">realizado no domingo (23)<\/a>. O chefe da escuderia italiana, <strong>Fr\u00e9d\u00e9ric Vasseur<\/strong>, ainda deixou claro que n\u00e3o foi naquele momento que o time perdeu mais uma vez para as rivais diretas <strong>McLaren <\/strong>e <strong>Mercedes<\/strong>, ressaltando que houve um d\u00e9ficit de 0s2 por volta que fez toda a diferen\u00e7a.<\/p>\n\n\n\n<p class=\"wp-block-paragraph\">Leclerc, que largou em quinto, \u00e0 frente de Sainz, ficou irritado com o movimento do companheiro de equipe pela linha de dentro da curva 1, e isso porque, na vis\u00e3o de Charles, Carlos for\u00e7ou a ultrapassagem em busca de &#8220;fazer algo espetacular considerando o momento da carreira&#8221;. J\u00e1 o espanhol retrucou ao se defender, afirmando que o monegasco <a href=\"https:\/\/www.grandepremio.com\/br\/f1\/noticias\/carlos-sainz-se-defende-toque-espanha-alfineta-charles-leclerc-ele-sempre-reclama\/\">&#8220;sempre reclama&#8221;<\/a>.<\/p>\n\n\n\n<p class=\"wp-block-paragraph\">Aos jornalistas em <strong>Barcelona<\/strong>, Vasseur amenizou o atrito e garantiu que &#8220;foi um contato pequeno, mas n\u00e3o perdemos nada naquela situa\u00e7\u00e3o&#8221;.<\/p>\n\n\n\n<p class=\"wp-block-paragraph\">&#8220;Est\u00e1vamos em quinto e sexto no grid, e embora estiv\u00e9ssemos muito perto, perdemos alguns segundos. Acho que est\u00e1vamos a uma volta de alcan\u00e7ar [<strong>George<\/strong>] <strong>Russell<\/strong> no final da corrida. Largamos em quinto e sexto e terminamos nas mesmas posi\u00e7\u00f5es, a conclus\u00e3o ent\u00e3o \u00e9 que precisamos fazer um trabalho melhor no s\u00e1bado&#8221;, completou.<\/p>\n\n\n\n<figure class=\"wp-block-image size-large\"><img decoding=\"async\" src=\"https:\/\/www.grandepremio.com\/br\/wp-content\/uploads\/2024\/05\/240008-ferrari-gp-monaco-2024-prove-libere_e436e101-18b5-4395-8085-7d1ef6ed7979-1200x800.jpg\" alt=\"F1 2024, GP DE M\u00d4NACO, MONTE CARLO, S\u00c1BADO, CLASSIFICA\u00c7\u00c3O, FR\u00c9D\u00c9RIC VASSEUR, FERRARI\" class=\"wp-image-818870\"\/><figcaption class=\"wp-element-caption\">Fr\u00e9d\u00e9ric Vasseur minimizou as reclama\u00e7\u00f5es de Leclerc na Espanha (Foto: Ferrari)<\/figcaption><\/figure>\n\n\n\n<p class=\"wp-block-paragraph\">Leclerc ainda alegou ter sofrido danos na asa dianteira por conta do incidente com Sainz, mas a informa\u00e7\u00e3o foi negada por Vasseur. &#8220;Pelos dados n\u00e3o vimos nada de errado com o carro de Leclerc ap\u00f3s o contato com Sainz.&#8221;<\/p>\n\n\n\n<p class=\"wp-block-paragraph\">&#8220;Acho que foi mais um problema de timing. Charles perdeu cerca de 0s5 naquele momento, mas podemos apontar outros dez exemplos em que perdemos 0s5 na corrida&#8221;, continuou.<\/p>\n\n\n\n<p class=\"wp-block-paragraph\">&#8220;Ontem [s\u00e1bado], t\u00ednhamos uma diferen\u00e7a para os l\u00edderes de 0s2, 0s3. Na corrida, a diferen\u00e7a foi praticamente a mesma. Se considerarmos 66 voltas, terminamos 20s atr\u00e1s, s\u00e3o 0s25 por volta. Precisamos dar um pequeno passo \u00e0 frente no s\u00e1bado, na classifica\u00e7\u00e3o, porque quando se come\u00e7a de tr\u00e1s, \u00e9 preciso ultrapassar e arriscar as estrat\u00e9gias&#8221;, frisou.<\/p>\n\n\n\n<p class=\"wp-block-paragraph\">Por fim, sobre as estrat\u00e9gias diferentes, Vasseur explicou que o alvo de Sainz era marcar Russell, que tamb\u00e9m lan\u00e7ou m\u00e3o da mesma t\u00e1tica com os pneus duros para o trecho final. <\/p>\n\n\n\n<p class=\"wp-block-paragraph\">&#8220;Sainz, assim como Russell, entrou primeiro justamente porque t\u00ednhamos de cobrir a estrat\u00e9gia de George, portanto coloc\u00e1-lo de m\u00e9dios e duros. Com Leclerc, nosso plano era estender o primeiro stint e ir al\u00e9m para ter mais chances de usar os macios, mas faltou uma volta&#8221;, concluiu.<\/p>\n\n\n\n<p class=\"wp-block-paragraph\">Leclerc caiu para terceiro no <strong>Mundial de Pilotos<\/strong> ao ser superado por<strong> Lando Norris <\/strong>em apenas 2 pontos. <strong>Carlos Sainz <\/strong>\u00e9 o quarto, 32 tentos atr\u00e1s do companheiro de equipe, por\u00e9m com uma corrida a menos na conta. A Ferrari permanece na vice-lideran\u00e7a do <strong>Mundial de Construtores<\/strong>, 60 pontos de dist\u00e2ncia para a l\u00edder, <strong>Red Bull<\/strong>.<\/p>\n\n\n\n<p class=\"wp-block-paragraph\">A&nbsp;<a href=\"https:\/\/www.grandepremio.com\/br\/f1\/\" target=\"_blank\" rel=\"noreferrer noopener\"><\/a><a href=\"https:\/\/www.grandepremio.com\/br\/f1\/\" target=\"_blank\" rel=\"noreferrer noopener\">F\u00f3rmula 1<\/a>&nbsp;volta de&nbsp;<strong>28 a 30 de junho<\/strong>, na&nbsp;<strong>\u00c1ustria<\/strong>, a segunda de tr\u00eas corridas em sequ\u00eancia. O&nbsp;<strong>GRANDE PR\u00caMIO<\/strong>&nbsp;acompanha todas as atividades da temporada 2024.<\/p>\n\n\n\n<p class=\"wp-block-paragraph\"><strong><img decoding=\"async\" src=\"https:\/\/a.slack-edge.com\/production-standard-emoji-assets\/14.0\/google-medium\/25b6-fe0f.png\" alt=\":seta_para_frente:\">&nbsp;Inscreva-se nos dois canais do GRANDE PR\u00caMIO no YouTube:&nbsp;<a href=\"https:\/\/www.youtube.com\/channel\/UC9OlHEgxoaY6QY6nWPoiqQg?sub_confirmation=1\" target=\"_blank\" rel=\"noreferrer noopener\">GP<\/a>&nbsp;|&nbsp;<a href=\"https:\/\/www.youtube.com\/channel\/UC9csiS6q_C3C0FYhyr1rnFA?sub_confirmation=1\" target=\"_blank\" rel=\"noreferrer noopener\">GP2<\/a><\/strong><br><strong><img decoding=\"async\" src=\"https:\/\/a.slack-edge.com\/production-standard-emoji-assets\/14.0\/google-medium\/25b6-fe0f.png\" alt=\":seta_para_frente:\">&nbsp;LEIA TAMB\u00c9M:<\/strong> <strong><a href=\"https:\/\/www.grandepremio.com\/br\/f1\/noticias\/opiniao-gp-mclaren-reforca-equilibrio-acirra-nervos-f1-mas-nao-mexe-max-verstappen\/\">Opini\u00e3o GP: McLaren refor\u00e7a equil\u00edbrio e acirra nervos, mas n\u00e3o mexe com Verstappen<\/a><\/strong><\/p>\n\n\n\n<figure class=\"wp-block-embed is-type-video is-provider-youtube wp-block-embed-youtube wp-embed-aspect-16-9 wp-has-aspect-ratio\"><div class=\"wp-block-embed__wrapper\">\n<iframe loading=\"lazy\" title=\"VERSTAPPEN e RED BULL D\u00c3O AULA e VENCEM GP da ESPANHA DE F1. NORRIS 2\u00ba, HAMILTON 3\u00ba | Briefing\" width=\"500\" height=\"281\" src=\"https:\/\/www.youtube.com\/embed\/i7YquXPAPZc?feature=oembed\" frameborder=\"0\" allow=\"accelerometer; autoplay; clipboard-write; encrypted-media; gyroscope; picture-in-picture; web-share\" referrerpolicy=\"strict-origin-when-cross-origin\" allowfullscreen><\/iframe>\n<\/div><\/figure>\n","protected":false},"excerpt":{"rendered":"<p>Chefe da Ferrari, Fr\u00e9d\u00e9ric Vasseur disse que poderia citar &#8220;outros dez exemplos&#8221; que contribu\u00edram para a perda dos italianos para a Mercedes no GP da Espanha<\/p>\n","protected":false},"author":0,"featured_media":1000830186,"comment_status":"closed","ping_status":"closed","sticky":false,"template":"","format":"standard","meta":{"42wp_featured_image_caption":"","42wp_featured_image_credits":"","42wp_featured_video":"","42wp_featured_image_hidden":false,"42wp_authors_list":[],"footnotes":""},"categories":[2],"tags":[304,26271,546,209,5273,1877,147,3230,207,180,30909,1322,996,1491,28285,30840,35129,33301],"42wp_author":[47147],"class_list":["post-73014","post","type-post","status-publish","format-standard","has-post-thumbnail","hentry","category-f1","tag-barcelona","tag-calendario-f1","tag-carlos-sainz","tag-charles-leclerc","tag-classificacao-f1","tag-espanha","tag-f1","tag-f1-2024","tag-ferrari","tag-formula-1","tag-formula-1-2024","tag-frederic-vasseur","tag-gp-da-espanha","tag-grande-premio","tag-grandepremio","tag-horarios-f1","tag-onde-assistir-f1","tag-temporada-2024-f1","42wp_author-luana-marino"],"_links":{"self":[{"href":"https:\/\/grandepremio.com\/br\/wp-json\/wp\/v2\/posts\/73014","targetHints":{"allow":["GET"]}}],"collection":[{"href":"https:\/\/grandepremio.com\/br\/wp-json\/wp\/v2\/posts"}],"about":[{"href":"https:\/\/grandepremio.com\/br\/wp-json\/wp\/v2\/types\/post"}],"replies":[{"embeddable":true,"href":"https:\/\/grandepremio.com\/br\/wp-json\/wp\/v2\/comments?post=73014"}],"version-history":[{"count":0,"href":"https:\/\/grandepremio.com\/br\/wp-json\/wp\/v2\/posts\/73014\/revisions"}],"wp:featuredmedia":[{"embeddable":true,"href":"https:\/\/grandepremio.com\/br\/wp-json\/wp\/v2\/media\/1000830186"}],"wp:attachment":[{"href":"https:\/\/grandepremio.com\/br\/wp-json\/wp\/v2\/media?parent=73014"}],"wp:term":[{"taxonomy":"category","embeddable":true,"href":"https:\/\/grandepremio.com\/br\/wp-json\/wp\/v2\/categories?post=73014"},{"taxonomy":"post_tag","embeddable":true,"href":"https:\/\/grandepremio.com\/br\/wp-json\/wp\/v2\/tags?post=73014"},{"taxonomy":"42wp_author","embeddable":true,"href":"https:\/\/grandepremio.com\/br\/wp-json\/wp\/v2\/42wp_author?post=73014"}],"curies":[{"name":"wp","href":"https:\/\/api.w.org\/{rel}","templated":true}]}}