{"id":73064,"date":"2024-06-23T16:23:02","date_gmt":"2024-06-23T19:23:02","guid":{"rendered":"https:\/\/grandepremio.com\/br\/noticias\/confira-declaracoes-pilotos-apos-gp-espanha-formula-1-2024\/"},"modified":"2024-06-23T16:43:58","modified_gmt":"2024-06-23T19:43:58","slug":"confira-declaracoes-pilotos-apos-gp-espanha-formula-1-2024","status":"publish","type":"post","link":"https:\/\/grandepremio.com\/br\/f1\/confira-declaracoes-pilotos-apos-gp-espanha-formula-1-2024\/","title":{"rendered":"Confira declara\u00e7\u00f5es dos pilotos ap\u00f3s GP da Espanha da F\u00f3rmula 1 2024"},"content":{"rendered":"\n<p class=\"wp-block-paragraph\">Em uma corrida onde a estrat\u00e9gia se tornou fator determinante, <strong>Max Verstappen<\/strong> e <strong>Red Bull<\/strong> conseguiram superar <strong>Lando Norris<\/strong> e <strong>McLaren<\/strong>, garantindo a <a href=\"https:\/\/www.grandepremio.com\/br\/f1\/noticias\/max-verstappen-red-bull-aula-estrategia-vence-gp-espanha-f1-lando-norris-2o\/\">s\u00e9tima vit\u00f3ria do neerland\u00eas na temporada 2024<\/a> da <strong>F\u00f3rmula 1<\/strong>. A diferen\u00e7a entre os dois foi de apenas 2s2 na linha de chegada, enquanto <strong>Lewis Hamilton<\/strong>, da <strong>Mercedes<\/strong>, chegou um pouco mais atr\u00e1s e completou o top-3 do <strong>GP da Espanha<\/strong>.<\/p>\n\n\n\n<p class=\"wp-block-paragraph\"><strong>George Russell<\/strong> <a href=\"https:\/\/www.grandepremio.com\/br\/video\/f1\/george-russell-surpreende-lando-norris-max-verstappen-pula-4o-1o-largada-gp-espanha\/\">largou muito bem<\/a> e chegou a assumir a lideran\u00e7a na primeira volta, mas <a href=\"https:\/\/www.grandepremio.com\/br\/f1\/noticias\/4o-george-russell-reprova-estrategia-mercedes-espanha-pneu-duro-era-uma-porcaria\/\">ficou insatisfeito com a estrat\u00e9gia<\/a> feita pelo time comandado por <strong>Toto Wolff<\/strong> e recebeu a bandeirada final na quarta posi\u00e7\u00e3o. <strong>Charles Leclerc<\/strong> e <strong>Carlos Sainz<\/strong>, que <a href=\"https:\/\/www.grandepremio.com\/br\/video\/f1\/onboard-lando-norris-flagra-discussao-charles-leclerc-carlos-sainz-parque-fechado-gp-espanha\/\">se desentenderam ap\u00f3s o fim da prova<\/a>, ficaram em quinto e sexto, respectivamente.<\/p>\n\n\n\n<p class=\"wp-block-paragraph\"><strong>Oscar Piastri<\/strong> ficou muito distante do desempenho de seu companheiro de equipe, em s\u00e9timo, enquanto o mesmo serve para <strong>Sergio P\u00e9rez<\/strong>, oitavo, que voltou a pontuar ap\u00f3s abandonos seguidos em <strong>M\u00f4naco<\/strong> e no <strong>Canad\u00e1<\/strong>. <strong>Pierre Gasly<\/strong> e <strong>Esteban Ocon<\/strong> preencheram a lista dos dez primeiros.<\/p>\n\n\n\n<p class=\"wp-block-paragraph\"><strong>Logan Sargeant<\/strong> ficou mais uma vez na lanterninha, enquanto <strong>Alexander Albon<\/strong> n\u00e3o conseguiu ir muito mais al\u00e9m e terminou em 18\u00ba. <strong>Yuki Tsunoda<\/strong>, <strong>Kevin Magnussen<\/strong> e <strong>Valtteri Bottas<\/strong> tamb\u00e9m tiveram dificuldades, j\u00e1 que terminaram a prova no circuito da Catalunha entre os \u00faltimos.<\/p>\n\n\n\n<p class=\"wp-block-paragraph\">A\u00a0<a href=\"https:\/\/www.grandepremio.com\/br\/f1\/\" target=\"_blank\" rel=\"noreferrer noopener\">F\u00f3rmula 1<\/a>\u00a0volta de\u00a0<strong>28 a 30 de junho<\/strong>, na\u00a0<strong>\u00c1ustria<\/strong>, a segunda de tr\u00eas corridas em sequ\u00eancia. O\u00a0<strong>GRANDE PR\u00caMIO<\/strong>\u00a0acompanha todas as atividades da temporada 2024.<\/p>\n\n\n\n<figure class=\"wp-block-image size-large\"><img decoding=\"async\" src=\"https:\/\/www.grandepremio.com\/br\/wp-content\/uploads\/2024\/06\/espanha-2024-f1-corrida-red-bull-max-verstappen-018-1200x800.jpg\" alt=\"\" class=\"wp-image-830324\"\/><figcaption class=\"wp-element-caption\">Max Verstappen segue dominando a F1 2024 (Foto: Red Bull Content Pool)<\/figcaption><\/figure>\n\n\n\n<p class=\"wp-block-paragraph\"><strong><img decoding=\"async\" src=\"https:\/\/a.slack-edge.com\/production-standard-emoji-assets\/14.0\/google-medium\/25b6-fe0f.png\" alt=\":seta_para_frente:\">\u00a0Inscreva-se nos dois canais do GRANDE PR\u00caMIO no YouTube:\u00a0<a href=\"https:\/\/www.youtube.com\/channel\/UC9OlHEgxoaY6QY6nWPoiqQg?sub_confirmation=1\" target=\"_blank\" rel=\"noreferrer noopener\">GP<\/a>\u00a0|\u00a0<a href=\"https:\/\/www.youtube.com\/channel\/UC9csiS6q_C3C0FYhyr1rnFA?sub_confirmation=1\" target=\"_blank\" rel=\"noreferrer noopener\">GP2<\/a><\/strong><br><strong><img decoding=\"async\" src=\"https:\/\/a.slack-edge.com\/production-standard-emoji-assets\/14.0\/google-medium\/25b6-fe0f.png\" alt=\":seta_para_frente:\">\u00a0LEIA TAMB\u00c9M:\u00a0<a href=\"https:\/\/www.grandepremio.com\/br\/f2\/noticias\/juan-manuel-correa-toma-5s-perde-podio-sprint-f2-espanha-paul-aron-herda-3o-gabriel-bortoleto-5o\/\">Bortoleto toma 5s por toque em Maini na corrida 2 da F2 da Espanha e cai para 10\u00ba<\/a><\/strong><\/p>\n\n\n\n<p class=\"wp-block-paragraph\" style=\"font-size:30px\"><strong>Confira as declara\u00e7\u00f5es dos pilotos ap\u00f3s o GP da Espanha:<\/strong><\/p>\n\n\n\n<p class=\"wp-block-paragraph\"><strong>Max Verstappen, primeiro:<\/strong> <a href=\"https:\/\/www.grandepremio.com\/br\/f1\/noticias\/max-verstappen-diz-ultrapassagem-sobre-george-russell-crucial-vitoria-espanha\/\">Verstappen diz que ultrapassagem sobre Russell \u201cfoi crucial\u201d para vit\u00f3ria na Espanha<\/a><\/p>\n\n\n\n<p class=\"wp-block-paragraph\"><strong>Lando Norris, segundo:<\/strong> <a href=\"https:\/\/www.grandepremio.com\/br\/f1\/noticias\/lando-norris-admite-decepcao-pessima-largada-2o-lugar-espanha-deveria-ter-vencido\/\">Norris admite decep\u00e7\u00e3o com \u201cp\u00e9ssima largada\u201d e 2\u00ba lugar na Espanha: \u201cDeveria ter vencido\u201d<\/a><\/p>\n\n\n\n<p class=\"wp-block-paragraph\"><strong>Lewis Hamilton, terceiro:<\/strong> <a href=\"https:\/\/www.grandepremio.com\/br\/f1\/noticias\/lewis-hamilton-destaca-fim-de-semana-otimo-espanha-reconhece-melhoramos-muito\/\">Hamilton destaca \u201cfim de semana \u00f3timo\u201d na Espanha e reconhece: \u201cMelhoramos muito\u201d<\/a><\/p>\n\n\n\n<p class=\"wp-block-paragraph\"><strong>George Russell, quarto:<\/strong> <a href=\"https:\/\/www.grandepremio.com\/br\/f1\/noticias\/4o-george-russell-reprova-estrategia-mercedes-espanha-pneu-duro-era-uma-porcaria\/\">4\u00ba, Russell reprova estrat\u00e9gia da Mercedes na Espanha: \u201cPneu duro era uma porcaria\u201d<\/a><\/p>\n\n\n\n<p class=\"wp-block-paragraph\"><strong>Charles Leclerc, quinto:<\/strong> <a href=\"https:\/\/www.grandepremio.com\/br\/f1\/noticias\/charles-leclerc-lamenta-5-espanha-perda-tempo-briga-carlos-sainz-nao-estou-feliz\/\">Leclerc lamenta 5\u00ba na Espanha e \u201cperda de tempo\u201d em briga com Sainz: \u201cN\u00e3o estou feliz\u201d<\/a><\/p>\n\n\n\n<figure class=\"wp-block-image size-large\"><img decoding=\"async\" src=\"https:\/\/www.grandepremio.com\/br\/wp-content\/uploads\/2024\/06\/espanha-2024-f1-treino-livre-ferrari-charles-leclerc-04-1-1200x800.jpg\" alt=\"\" class=\"wp-image-829506\"\/><figcaption class=\"wp-element-caption\">Charles Leclerc reclamou muito de Carlos Sainz ap\u00f3s o GP da Espanha (Foto: Ferrari)<\/figcaption><\/figure>\n\n\n\n<p class=\"wp-block-paragraph\"><strong>Carlos Sainz, sexto:<\/strong> <a href=\"https:\/\/www.grandepremio.com\/br\/f1\/noticias\/carlos-sainz-se-defende-toque-espanha-alfineta-charles-leclerc-ele-sempre-reclama\/\">Sainz se defende de toque na Espanha e alfineta Leclerc: \u201cEle sempre reclama\u201d<\/a><\/p>\n\n\n\n<p class=\"wp-block-paragraph\"><strong>Oscar Piastri, s\u00e9timo:<\/strong> <a href=\"https:\/\/www.grandepremio.com\/br\/f1\/noticias\/oscar-piastri-diz-ficou-sem-entender-ritmo-ruim-espanha-nao-faz-sentido\/\">Piastri diz que ficou sem entender ritmo ruim na Espanha: \u201cN\u00e3o faz sentido\u201d<\/a><\/p>\n\n\n\n<p class=\"wp-block-paragraph\"><strong>Sergio P\u00e9rez, oitavo:<\/strong> <a href=\"https:\/\/www.grandepremio.com\/br\/f1\/noticias\/sergio-perez-atribui-8o-espanha-posicao-ruim-largada-ve-mclaren-mais-forte\/\">P\u00e9rez atribui 8\u00ba na Espanha a \u201cposi\u00e7\u00e3o ruim de largada\u201d e v\u00ea McLaren \u201ca mais forte\u201d<\/a><\/p>\n\n\n\n<p class=\"wp-block-paragraph\"><strong>Pierre Gasly, nono:<\/strong> <a href=\"https:\/\/www.grandepremio.com\/br\/f1\/noticias\/pierre-gasly-celebra-terceira-corrida-seguida-pontos-melhor-fim-de-semana-espanha\/\">Gasly celebra terceira corrida seguida nos pontos em \u201cmelhor fim de semana\u201d na Espanha<\/a><\/p>\n\n\n\n<p class=\"wp-block-paragraph\"><strong>Esteban Ocon, d\u00e9cimo:<\/strong> <a href=\"https:\/\/www.grandepremio.com\/br\/f1\/noticias\/esteban-ocon-estranha-comportamento-anormal-carro-espanha-dificil-de-guiar\/\">Ocon estranha comportamento \u201canormal\u201d do carro na Espanha: \u201cDif\u00edcil de guiar\u201d<\/a><\/p>\n\n\n\n<p class=\"wp-block-paragraph\"><strong>Nico H\u00fclkenberg, 11\u00ba:<\/strong> &#8220;No geral, foi um domingo mais positivo do que negativo para n\u00f3s. Tivemos um ritmo competitivo muito bom durante toda a corrida, o que me deixa feliz. \u00c9 empolgante para as pr\u00f3ximas semanas e meses. Gostei da corrida, faltou pouco. No fim das contas, precis\u00e1vamos de uma classifica\u00e7\u00e3o melhor e de largar mais \u00e0 frente para ter uma chance de conquistar pontos. Precisamos otimizar nossa classifica\u00e7\u00e3o nas pr\u00f3ximas corridas.&#8221;<\/p>\n\n\n\n<p class=\"wp-block-paragraph\"><strong>Fernando Alonso, 12\u00ba:<\/strong> <a href=\"https:\/\/www.grandepremio.com\/br\/f1\/noticias\/fernando-alonso-ve-12o-merecido-para-aston-martin-gp-da-espanha-carro-nao-estava-bom\/\">Alonso v\u00ea 12\u00ba \u201cmerecido\u201d para Aston Martin no GP da Espanha: \u201cCarro n\u00e3o estava bom\u201d<\/a><\/p>\n\n\n\n<figure class=\"wp-block-image size-large\"><img decoding=\"async\" src=\"https:\/\/www.grandepremio.com\/br\/wp-content\/uploads\/2024\/06\/espanha-2024-f1-corrida-mercedes-george-russell-07-1200x800.jpg\" alt=\"\" class=\"wp-image-830247\"\/><figcaption class=\"wp-element-caption\">George Russell ficou insatisfeito com estrat\u00e9gia da Mercedes (Foto: Mercedes)<\/figcaption><\/figure>\n\n\n\n<p class=\"wp-block-paragraph\"><strong>Guanyu Zhou, 13\u00ba:<\/strong> &#8220;Estou feliz por termos dado um passo \u00e0 frente, parece um pequeno avan\u00e7o, talvez n\u00e3o em termos de resultados, mas em termos de sensa\u00e7\u00e3o com o carro. Me senti muito mais confort\u00e1vel, pude colocar o carro onde queria e control\u00e1-lo como costumava fazer. \u00c9 um grande passo e nos d\u00e1 motiva\u00e7\u00e3o para continuar trabalhando e diminuir a diferen\u00e7a. Espero que possamos continuar nessa linha e voltar aos pontos em breve. Acho que estamos muito mais perto de onde est\u00e1vamos no in\u00edcio da temporada, quando chegamos perto do topo do pelot\u00e3o intermedi\u00e1rio. Por isso, estou ansioso para voltar \u00e0 pista na \u00c1ustria.&#8221;<\/p>\n\n\n\n<p class=\"wp-block-paragraph\"><strong>Lance Stroll, 14\u00ba:<\/strong> &#8220;Sab\u00edamos que hoje seria um desafio, mas ainda assim foi uma corrida dif\u00edcil. Optamos pela estrat\u00e9gia de duas paradas e, como era de se esperar, passamos grande parte da corrida controlando o desgaste dos pneus. N\u00e3o fomos competitivos o suficiente neste fim de semana, por isso temos trabalho a fazer antes da \u00c1ustria para encontrar mais desempenho.&#8221;<\/p>\n\n\n\n<p class=\"wp-block-paragraph\"><strong>Daniel Ricciardo, 15\u00ba:<\/strong> &#8220;\u00c9 claro que \u00e9 decepcionante terminar em 15\u00ba, mas estou feliz com a minha corrida e com a forma como a equipe lidou com as duas paradas. Acho que ontem faltou apenas um toque na classifica\u00e7\u00e3o, mas, sinceramente, hoje sinto que maximizei isso com uma boa corrida. Conseguimos controlar os pneus e pressionar quando precis\u00e1vamos, ent\u00e3o, infelizmente, acho que n\u00e3o tivemos mais o que mostrar na prova. Certamente h\u00e1 muito o que aprender em finais de semana como este. Levamos alguns pontos positivos e mais algumas coisas para trabalhar, porque parece que estamos perdendo alguma coisa com as novas atualiza\u00e7\u00f5es do carro. Vamos trabalhar nisso hoje \u00e0 noite, tentar entender mais para nos prepararmos para a \u00c1ustria na pr\u00f3xima semana.&#8221;<\/p>\n\n\n\n<p class=\"wp-block-paragraph\"><strong>Valtteri Bottas, 16\u00ba:<\/strong> &#8220;Decidimos dividir as estrat\u00e9gias hoje e optamos por uma agressiva. A sensa\u00e7\u00e3o no composto macio foi muito boa no in\u00edcio, pois achamos que poderia ter sido o melhor pneu de hoje, mas infelizmente n\u00e3o foi o caso. Ele come\u00e7ou a se degradar rapidamente. Fomos for\u00e7ados a parar mais cedo, e o \u00faltimo stint acabou sendo muito longo. Tamb\u00e9m tive de fazer um gerenciamento de pneus e n\u00e3o pude usar nosso ritmo real. Como ponto positivo a ser levado para casa neste fim de semana, nosso desempenho geral parece ter sido melhor em compara\u00e7\u00e3o com as corridas recentes, como visto com Zhou, que terminou em d\u00e9cimo terceiro lugar, o que \u00e9 um bom resultado. Evolu\u00edmos neste fim de semana, mas ainda precisamos fazer mais. Olhando para a \u00c1ustria, o tra\u00e7ado da pista ser\u00e1 diferente, mas esperamos estar no meio novamente com um bom desempenho nos treinos classificat\u00f3rios. Teremos uma corrida sprint, ent\u00e3o ser\u00e1 importante ter a sensa\u00e7\u00e3o certa desde o in\u00edcio.&#8221;<\/p>\n\n\n\n<figure class=\"wp-block-image size-large\"><img decoding=\"async\" src=\"https:\/\/www.grandepremio.com\/br\/wp-content\/uploads\/2024\/06\/espanha-2024-f1-corrida-mclaren-lando-norris-08-1200x800.jpg\" alt=\"\" class=\"wp-image-830319\"\/><figcaption class=\"wp-element-caption\">Lando Norris lamentou &#8220;p\u00e9ssima largada&#8221; na Espanha (Foto: McLaren)<\/figcaption><\/figure>\n\n\n\n<p class=\"wp-block-paragraph\"><strong>Kevin Magnussen, 17\u00ba:<\/strong> &#8220;Infelizmente, movi com o carro na largada antes da luz verde e a culpa \u00e9 minha, \u00e9 claro. Tive aquele impulso e o deixei ir um pouco, ent\u00e3o recebemos a penalidade de 5s e tamb\u00e9m tivemos uma parada lenta, ent\u00e3o foi um dia dif\u00edcil. N\u00e3o foi um bom fim de semana aqui, ent\u00e3o espero que possamos nos sair melhor na \u00c1ustria.&#8221;<\/p>\n\n\n\n<p class=\"wp-block-paragraph\"><strong>Alexander Albon, 18\u00ba:<\/strong> &#8220;Quer\u00edamos mais neste fim de semana. Por um lado, o carro evoluiu em rela\u00e7\u00e3o ao ano passado e fizemos as escolhas certas durante a corrida. Ao mesmo tempo, essa pista \u00e9 um pouco como uma choque de realidade. Em uma pista mais tradicional, nossa falta de downforce e peso extra, combinados com ventos fortes e temperaturas da pista, nos prejudicaram. Com o meio do grid cada vez mais forte, est\u00e1 claro que temos trabalho a fazer. Olhando para o futuro, a \u00c1ustria e Silverstone devem nos servir muito mais.&#8221;<\/p>\n\n\n\n<p class=\"wp-block-paragraph\"><strong>Yuki Tsunoda, 19\u00ba:<\/strong> &#8220;Foi uma corrida dif\u00edcil, na qual tive dificuldades. Controlar o carro definitivamente n\u00e3o foi f\u00e1cil, e n\u00e3o me senti t\u00e3o confort\u00e1vel quanto normalmente me sinto. Algo n\u00e3o estava certo, e vamos analisar tudo o que aconteceu para entender o que n\u00e3o funcionou bem e voltar mais fortes na \u00c1ustria.&#8221;<\/p>\n\n\n\n<p class=\"wp-block-paragraph\"><strong>Logan Sargeant, 20\u00ba:<\/strong> &#8220;Foi uma das corridas mais dif\u00edceis do ano. O desgaste dos pneus estava t\u00e3o r\u00e1pido que parecia que eu estava gerenciando o pneu desde a primeira volta em cada stint. Foi um fim de semana dif\u00edcil para a equipe. Como no ano passado, tivemos dificuldades em Barcelona, mas em 2023 conseguimos ter bons desempenhos na \u00c1ustria e em Silverstone. Por isso, vamos tentar seguir em frente e nos recuperar nas demais corridas dessa rodada tripla.&#8221;<\/p>\n\n\n\n<figure class=\"wp-block-embed is-type-video is-provider-youtube wp-block-embed-youtube wp-embed-aspect-16-9 wp-has-aspect-ratio\"><div class=\"wp-block-embed__wrapper\">\n<iframe loading=\"lazy\" title=\"VERSTAPPEN e RED BULL D\u00c3O AULA e VENCEM GP da ESPANHA DE F1. NORRIS 2\u00ba, HAMILTON 3\u00ba | Briefing\" width=\"500\" height=\"281\" src=\"https:\/\/www.youtube.com\/embed\/i7YquXPAPZc?feature=oembed\" frameborder=\"0\" allow=\"accelerometer; autoplay; clipboard-write; encrypted-media; gyroscope; picture-in-picture; web-share\" referrerpolicy=\"strict-origin-when-cross-origin\" allowfullscreen><\/iframe>\n<\/div><\/figure>\n","protected":false},"excerpt":{"rendered":"<p>Mesmo com a McLaren apresentando o ritmo mais forte ao longo das 66 voltas do GP da Espanha, Max Verstappen superou Lando Norris e venceu a s\u00e9tima corrida na temporada 2024 da F\u00f3rmula 1<\/p>\n","protected":false},"author":0,"featured_media":1000830323,"comment_status":"closed","ping_status":"closed","sticky":false,"template":"","format":"standard","meta":{"42wp_featured_image_caption":"","42wp_featured_image_credits":"","42wp_featured_video":"","42wp_featured_image_hidden":false,"42wp_authors_list":[],"footnotes":""},"categories":[2],"tags":[654,546,209,3178,5660,969,211,302,147,3230,642,160,176,180,30909,800,996,39864,1491,30103,28285,3746,117,485,547,87,25553,203,1521,2916,676,3132,612,597],"42wp_author":[47160],"class_list":["post-73064","post","type-post","status-publish","format-standard","has-post-thumbnail","hentry","category-f1","tag-alexander-albon","tag-carlos-sainz","tag-charles-leclerc","tag-circuito-da-catalunha","tag-classificacao","tag-corrida","tag-daniel-ricciardo","tag-esteban-ocon","tag-f1","tag-f1-2024","tag-f1-ao-vivo","tag-f1-tv","tag-fernando-alonso","tag-formula-1","tag-formula-1-2024","tag-george-russell","tag-gp-da-espanha","tag-gp-da-espanha-2024","tag-grande-premio","tag-grande-premio-f1","tag-grandepremio","tag-guanyu-zhou","tag-kevin-magnussen","tag-lance-stroll","tag-lando-norris","tag-lewis-hamilton","tag-logan-sargeant","tag-max-verstappen","tag-nico-hulkenberg","tag-oscar-piastri","tag-pierre-gasly","tag-sergio-perez","tag-valtteri-bottas","tag-yuki-tsunoda","42wp_author-vicente-soella"],"_links":{"self":[{"href":"https:\/\/grandepremio.com\/br\/wp-json\/wp\/v2\/posts\/73064","targetHints":{"allow":["GET"]}}],"collection":[{"href":"https:\/\/grandepremio.com\/br\/wp-json\/wp\/v2\/posts"}],"about":[{"href":"https:\/\/grandepremio.com\/br\/wp-json\/wp\/v2\/types\/post"}],"replies":[{"embeddable":true,"href":"https:\/\/grandepremio.com\/br\/wp-json\/wp\/v2\/comments?post=73064"}],"version-history":[{"count":0,"href":"https:\/\/grandepremio.com\/br\/wp-json\/wp\/v2\/posts\/73064\/revisions"}],"wp:featuredmedia":[{"embeddable":true,"href":"https:\/\/grandepremio.com\/br\/wp-json\/wp\/v2\/media\/1000830323"}],"wp:attachment":[{"href":"https:\/\/grandepremio.com\/br\/wp-json\/wp\/v2\/media?parent=73064"}],"wp:term":[{"taxonomy":"category","embeddable":true,"href":"https:\/\/grandepremio.com\/br\/wp-json\/wp\/v2\/categories?post=73064"},{"taxonomy":"post_tag","embeddable":true,"href":"https:\/\/grandepremio.com\/br\/wp-json\/wp\/v2\/tags?post=73064"},{"taxonomy":"42wp_author","embeddable":true,"href":"https:\/\/grandepremio.com\/br\/wp-json\/wp\/v2\/42wp_author?post=73064"}],"curies":[{"name":"wp","href":"https:\/\/api.w.org\/{rel}","templated":true}]}}