{"id":73111,"date":"2024-06-23T12:58:38","date_gmt":"2024-06-23T15:58:38","guid":{"rendered":"https:\/\/grandepremio.com\/br\/noticias\/paul-aron-abre-gabriel-bortoleto-briga-parelha-classificacao-f2-2024-espanha\/"},"modified":"2024-06-23T13:05:58","modified_gmt":"2024-06-23T16:05:58","slug":"paul-aron-abre-gabriel-bortoleto-briga-parelha-classificacao-f2-2024-espanha","status":"publish","type":"post","link":"https:\/\/grandepremio.com\/br\/f2\/paul-aron-abre-gabriel-bortoleto-briga-parelha-classificacao-f2-2024-espanha\/","title":{"rendered":"Aron abre e Bortoleto se v\u00ea em briga parelha. Confira classifica\u00e7\u00e3o da F2 2024 ap\u00f3s Espanha"},"content":{"rendered":"\n<p class=\"wp-block-paragraph\"><strong>Paul Aron<\/strong> aproveitou a velha regra de marcar o m\u00e1ximo poss\u00edvel de pontos quando a vit\u00f3ria escapa e ampliou a vantagem para<strong> Isack Hadjar <\/strong>na classifica\u00e7\u00e3o da <strong>F\u00f3rmula 2<\/strong>. O estoniano deixou a <strong>Espanha<\/strong> com mais um p\u00f3dio na conta, anotando 20 pontos e chegando aos 100 no total.<\/p>\n\n\n\n<p class=\"wp-block-paragraph\">Hadjar tamb\u00e9m foi bem, em corridas de recupera\u00e7\u00e3o que o levaram \u00e0 zona de pontos nas duas corridas realizadas no final de semana, por\u00e9m pontuou menos que Aron. Com isso, a dist\u00e2ncia entre os dois agora \u00e9 9 tentos.<\/p>\n\n\n\n<p class=\"wp-block-paragraph\"><strong>Zane Maloney<\/strong> salvou 4 pontos na corrida 2 e manteve o terceiro lugar, por\u00e9m a dist\u00e2ncia para o l\u00edder, Aron, agora \u00e9 de 27. Quem deu bom salto na classifica\u00e7\u00e3o foi <strong>Jak Crawford<\/strong>, o vencedor do domingo (23), pulando para quarto, a 11 do barbadiano.<\/p>\n\n\n\n<p class=\"wp-block-paragraph\">Zerado, <strong>Dennis Hauger<\/strong> caiu para quinto. J\u00e1 <strong>Gabriel Bortoleto<\/strong> mais uma vez conseguiu pontuar, s\u00f3 que a puni\u00e7\u00e3o de 5s ao final da prova o fez deixar Barcelona com 55 pontos, sendo ultrapassado por <strong>Franco Colapinto<\/strong> por 1 tento. Agora, o brasileiro da Invicta \u00e9 o s\u00e9timo na tabela.<\/p>\n\n\n\n<figure class=\"wp-block-image size-full\"><img decoding=\"async\" src=\"https:\/\/www.grandepremio.com\/br\/wp-content\/uploads\/2024\/06\/largada-F2-Espanha2.jpg\" alt=\"\" class=\"wp-image-830079\"\/><figcaption class=\"wp-element-caption\">Largada da corrida 2 da F2 na Espanha (Foto: reprodu\u00e7\u00e3o\/F2)<\/figcaption><\/figure>\n\n\n\n<p class=\"wp-block-paragraph\">Kush Maini, que quase teve a corrida comprometida no incidente Bortoleto, chegou aos 48 pontos e \u00e9 o oitavo, \u00e0 frente de Andrea Kimi Antonelli \u2014 que ficou fora da zona de pontua\u00e7\u00e3o pela primeira vez em uma rodada completa. Zak O&#8217;Sullivan fecha o top-10.<\/p>\n\n\n\n<p class=\"wp-block-paragraph\">Entre as equipes, a Hitech colou na Campos, que sustenta a lideran\u00e7a por apenas 1 ponto: 120 contra 119. MP \u00e9 a terceira colocada, com 112, com Invicta (105) e Rodin (94) fechando o grupo das cinco melhores.<\/p>\n\n\n\n<p class=\"wp-block-paragraph\">A\u00a0<a href=\"https:\/\/www.grandepremio.com\/br\/f2\/\" target=\"_blank\" rel=\"noreferrer noopener\">F\u00f3rmula 2<\/a>\u00a0retorna j\u00e1 no pr\u00f3ximo fim de semana, de\u00a0<strong>28 a 30 de junho<\/strong>, na\u00a0<strong>\u00c1ustria<\/strong>, a segunda de tr\u00eas etapas em sequ\u00eancia. O\u00a0<strong>GRANDE PR\u00caMIO<\/strong>\u00a0acompanha todas as atividades da temporada 2024.<\/p>\n\n\n\n<p class=\"wp-block-paragraph\"><strong><img decoding=\"async\" src=\"https:\/\/a.slack-edge.com\/production-standard-emoji-assets\/14.0\/google-medium\/25b6-fe0f.png\" alt=\":seta_para_frente:\">\u00a0Inscreva-se nos dois canais do GRANDE PR\u00caMIO no YouTube:\u00a0<a href=\"https:\/\/www.youtube.com\/channel\/UC9OlHEgxoaY6QY6nWPoiqQg?sub_confirmation=1\" target=\"_blank\" rel=\"noreferrer noopener\">GP<\/a>\u00a0|\u00a0<a href=\"https:\/\/www.youtube.com\/channel\/UC9csiS6q_C3C0FYhyr1rnFA?sub_confirmation=1\" target=\"_blank\" rel=\"noreferrer noopener\">GP2<\/a><\/strong><br><strong><img decoding=\"async\" src=\"https:\/\/a.slack-edge.com\/production-standard-emoji-assets\/14.0\/google-medium\/25b6-fe0f.png\" alt=\":seta_para_frente:\">\u00a0LEIA TAMB\u00c9M:\u00a0<a href=\"https:\/\/www.grandepremio.com\/br\/f2\/noticias\/juan-manuel-correa-toma-5s-perde-podio-sprint-f2-espanha-paul-aron-herda-3o-gabriel-bortoleto-5o\/\">Correa perde p\u00f3dio em sprint da F2 na Espanha. Aron herda 3\u00ba e Bortoleto, 5\u00ba<\/a><\/strong><\/p>\n\n\n\n<p class=\"wp-block-paragraph\"><strong>F\u00f3rmula 2 2024, classifica\u00e7\u00e3o ap\u00f3s rodada da Espanha:<\/strong><\/p>\n\n\n\n<figure class=\"wp-block-table\"><table><tbody><tr><td>&nbsp;<\/td><td>&nbsp;<\/td><td>&nbsp;<\/td><td>&nbsp;<\/td><td>Poles<\/td><td>Vit\u00f3rias<\/td><td>PONTOS<\/td><\/tr><tr><td>1<\/td><td>P ARON<\/td><td>&nbsp;<\/td><td>Hitech<\/td><td>1<\/td><td>0<\/td><td>100<\/td><\/tr><tr><td>2<\/td><td>I HADJAR<\/td><td>&nbsp;<\/td><td>Campos<\/td><td>0<\/td><td>2<\/td><td>91<\/td><\/tr><tr><td>3<\/td><td>Z MALONEY<\/td><td>&nbsp;<\/td><td>Rodin<\/td><td>0<\/td><td>2<\/td><td>75<\/td><\/tr><tr><td>4<\/td><td>J CRAWFORD<\/td><td>&nbsp;<\/td><td>DAMS<\/td><td>0<\/td><td>1<\/td><td>62<\/td><\/tr><tr><td>5<\/td><td>F COLAPINTO<\/td><td>&nbsp;<\/td><td>MP<\/td><td>1<\/td><td>1<\/td><td>56<\/td><\/tr><tr><td>6<\/td><td>D HAUGER<\/td><td>&nbsp;<\/td><td>MP<\/td><td>0<\/td><td>1<\/td><td>56<\/td><\/tr><tr><td>7<\/td><td>G BORTOLETO<\/td><td>&nbsp;<\/td><td>Invicta<\/td><td>2<\/td><td>0<\/td><td>55<\/td><\/tr><tr><td>8<\/td><td>K MAINI<\/td><td>&nbsp;<\/td><td>Invicta<\/td><td>1<\/td><td>0<\/td><td>50<\/td><\/tr><tr><td>9<\/td><td>A K ANTONELLI<\/td><td>&nbsp;<\/td><td>Prema<\/td><td>0<\/td><td>0<\/td><td>48<\/td><\/tr><tr><td>10<\/td><td>Z O&#8217;SULLIVAN<\/td><td>&nbsp;<\/td><td>ART<\/td><td>0<\/td><td>1<\/td><td>40<\/td><\/tr><tr><td>11<\/td><td>E FITTIPALDI<\/td><td>&nbsp;<\/td><td>Van Amersfoort<\/td><td>0<\/td><td>1<\/td><td>32<\/td><\/tr><tr><td>12<\/td><td>J M CORREA<\/td><td>&nbsp;<\/td><td>DAMS<\/td><td>0<\/td><td>0<\/td><td>30<\/td><\/tr><tr><td>13<\/td><td>J M MART\u00cd<\/td><td>&nbsp;<\/td><td>Campos<\/td><td>0<\/td><td>0<\/td><td>29<\/td><\/tr><tr><td>14<\/td><td>V MARTINS<\/td><td>&nbsp;<\/td><td>ART<\/td><td>0<\/td><td>1<\/td><td>21<\/td><\/tr><tr><td>15<\/td><td>R MIYATA<\/td><td>&nbsp;<\/td><td>Rodin<\/td><td>0<\/td><td>0<\/td><td>19<\/td><\/tr><tr><td>16<\/td><td>A CORDEEL<\/td><td>&nbsp;<\/td><td>Hitech<\/td><td>0<\/td><td>0<\/td><td>19<\/td><\/tr><tr><td>17<\/td><td>O BEARMAN<\/td><td>&nbsp;<\/td><td>Prema<\/td><td>0<\/td><td>0<\/td><td>18<\/td><\/tr><tr><td>18<\/td><td>R VERSCHOOR<\/td><td>&nbsp;<\/td><td>Trident<\/td><td>1<\/td><td>2<\/td><td>17<\/td><\/tr><tr><td>19<\/td><td>J D\u00dcRKSEN<\/td><td>&nbsp;<\/td><td>PHM<\/td><td>0<\/td><td>0<\/td><td>15<\/td><\/tr><tr><td>20<\/td><td>R STANEK<\/td><td>&nbsp;<\/td><td>Trident<\/td><td>0<\/td><td>1<\/td><td>13<\/td><\/tr><tr><td>21<\/td><td>T BARNARD<\/td><td>&nbsp;<\/td><td>PHM<\/td><td>0<\/td><td>1<\/td><td>10<\/td><\/tr><tr><td>22<\/td><td>R VILLAG\u00d3MEZ<\/td><td>&nbsp;<\/td><td>Van Amersfoort<\/td><td>0<\/td><td>0<\/td><td>8<\/td><\/tr><\/tbody><\/table><\/figure>\n\n\n\n<figure class=\"wp-block-embed is-type-video is-provider-youtube wp-block-embed-youtube wp-embed-aspect-16-9 wp-has-aspect-ratio\"><div class=\"wp-block-embed__wrapper\">\n<iframe loading=\"lazy\" title=\"Pressa da RED BULL com LINDBLAD s\u00f3 mostra que FIA ERROU em BRECHA ANTONELLI | GP \u00e0s 10\" width=\"500\" height=\"281\" src=\"https:\/\/www.youtube.com\/embed\/w5JA0mItii8?feature=oembed\" frameborder=\"0\" allow=\"accelerometer; autoplay; clipboard-write; encrypted-media; gyroscope; picture-in-picture; web-share\" referrerpolicy=\"strict-origin-when-cross-origin\" allowfullscreen><\/iframe>\n<\/div><\/figure>\n","protected":false},"excerpt":{"rendered":"<p>Jak Crawford deu belo salto com vit\u00f3ria na Espanha, enquanto Gabriel Bortoleto se v\u00ea a 1 ponto de Dennis Hauger e Franco Colapinto<\/p>\n","protected":false},"author":0,"featured_media":1000830346,"comment_status":"closed","ping_status":"closed","sticky":false,"template":"","format":"standard","meta":{"42wp_featured_image_caption":"","42wp_featured_image_credits":"","42wp_featured_video":"","42wp_featured_image_hidden":false,"42wp_authors_list":[],"footnotes":""},"categories":[9],"tags":[39506,30624,27861,6086,304,29654,3158,30246,1539,1581,409,1877,111,32189,2208,35969,25440,350,1491,28285,114,35029,35937,28104,598,33971,38631,107,32107,4606,29923,35030,25439,349,33454,2261,36953,14837,33638,26543,32748,32190,2204,6608,486,31881,28107],"42wp_author":[47147],"class_list":["post-73111","post","type-post","status-publish","format-standard","has-post-thumbnail","hentry","category-f2","tag-aix","tag-amaury-cordeel","tag-andrea-kimi-antonelli","tag-art","tag-barcelona","tag-calendario-f2","tag-campos","tag-classificacao-f2","tag-dams","tag-dennis-hauger","tag-enzo-fittipaldi","tag-espanha","tag-f2","tag-f2-2024","tag-formula-2","tag-formula-2-2024","tag-franco-colapinto","tag-gabriel-bortoleto","tag-grande-premio","tag-grandepremio","tag-hitech","tag-horarios-f2","tag-invicta","tag-isack-hadjar","tag-jak-crawford","tag-josep-maria-marti","tag-joshua-durksen","tag-juan-manuel-correa","tag-kush-maini","tag-mp","tag-oliver-bearman","tag-onde-assistir-f2","tag-paul-aron","tag-prema","tag-rafael-villagomez","tag-richard-verschoor","tag-ritomo-miyata","tag-rodada-da-espanha","tag-rodin","tag-roman-stanek","tag-taylor-barnard","tag-temporada-2024-f2","tag-trident","tag-van-amersfoort","tag-victor-martins","tag-zak-osullivan","tag-zane-maloney","42wp_author-luana-marino"],"_links":{"self":[{"href":"https:\/\/grandepremio.com\/br\/wp-json\/wp\/v2\/posts\/73111","targetHints":{"allow":["GET"]}}],"collection":[{"href":"https:\/\/grandepremio.com\/br\/wp-json\/wp\/v2\/posts"}],"about":[{"href":"https:\/\/grandepremio.com\/br\/wp-json\/wp\/v2\/types\/post"}],"replies":[{"embeddable":true,"href":"https:\/\/grandepremio.com\/br\/wp-json\/wp\/v2\/comments?post=73111"}],"version-history":[{"count":0,"href":"https:\/\/grandepremio.com\/br\/wp-json\/wp\/v2\/posts\/73111\/revisions"}],"wp:featuredmedia":[{"embeddable":true,"href":"https:\/\/grandepremio.com\/br\/wp-json\/wp\/v2\/media\/1000830346"}],"wp:attachment":[{"href":"https:\/\/grandepremio.com\/br\/wp-json\/wp\/v2\/media?parent=73111"}],"wp:term":[{"taxonomy":"category","embeddable":true,"href":"https:\/\/grandepremio.com\/br\/wp-json\/wp\/v2\/categories?post=73111"},{"taxonomy":"post_tag","embeddable":true,"href":"https:\/\/grandepremio.com\/br\/wp-json\/wp\/v2\/tags?post=73111"},{"taxonomy":"42wp_author","embeddable":true,"href":"https:\/\/grandepremio.com\/br\/wp-json\/wp\/v2\/42wp_author?post=73111"}],"curies":[{"name":"wp","href":"https:\/\/api.w.org\/{rel}","templated":true}]}}