{"id":73203,"date":"2024-06-22T15:20:04","date_gmt":"2024-06-22T18:20:04","guid":{"rendered":"https:\/\/grandepremio.com\/br\/noticias\/sergio-perez-cita-classificacao-complicada-na-espanha-e-diz-nao-tive-ritmo-suficiente\/"},"modified":"2024-06-22T15:20:16","modified_gmt":"2024-06-22T18:20:16","slug":"sergio-perez-cita-classificacao-complicada-na-espanha-e-diz-nao-tive-ritmo-suficiente","status":"publish","type":"post","link":"https:\/\/grandepremio.com\/br\/f1\/sergio-perez-cita-classificacao-complicada-na-espanha-e-diz-nao-tive-ritmo-suficiente\/","title":{"rendered":"P\u00e9rez cita classifica\u00e7\u00e3o \u201ccomplicada\u201d na Espanha e diz: \u201cN\u00e3o tive ritmo suficiente\u201d"},"content":{"rendered":"\n<p class=\"wp-block-paragraph\"><strong>Sergio P\u00e9rez<\/strong> voltou a ter um desempenho abaixo do esperado durante a <a href=\"https:\/\/www.grandepremio.com\/br\/f1\/noticias\/lando-norris-voa-fim-conquista-pole-gp-espanha-0s020-max-verstappen\/\">classifica\u00e7\u00e3o do <strong>GP da Espanha<\/strong><\/a>, que aconteceu neste s\u00e1bado (22). Embora tenha conseguido avan\u00e7ar ao Q3, o titular da <strong>Red Bull<\/strong> ficou apenas com o oitavo melhor tempo da sess\u00e3o, mas vai ter de largar de 11\u00ba por causa de uma puni\u00e7\u00e3o sofrida no <strong>GP do Canad\u00e1<\/strong>. O mexicano afirmou que n\u00e3o tinha \u201critmo o suficiente\u201d para conseguir uma melhor posi\u00e7\u00e3o no grid.<\/p>\n\n\n\n<p class=\"wp-block-paragraph\">P\u00e9rez voltou a viver momentos complicados na <strong>F\u00f3rmula 1<\/strong> junto da <strong>Red Bull<\/strong> e, ap\u00f3s o quarto lugar na classifica\u00e7\u00e3o de <strong>Miami<\/strong>, o mexicano nunca mais conseguiu alinhar o carro entre os dez primeiros do grid. Apesar de ter avan\u00e7ado ao Q3 no <strong>Circuito da Catalunha<\/strong>, \u2018Checo\u2019 admitiu que n\u00e3o ficou satisfeito com o trabalho apresentado.<\/p>\n\n\n\n<p class=\"wp-block-paragraph\">\u201cN\u00e3o estou satisfeito com a minha posi\u00e7\u00e3o hoje, a meta era conseguir algo a mais. Foi uma classifica\u00e7\u00e3o complicada, tivemos dificuldades no in\u00edcio e, infelizmente, gastamos os pneus rapidamente, o que significou que n\u00e3o fomos capazes de extrair o m\u00e1ximo dele. Minha \u00faltima volta n\u00e3o foi t\u00e3o limpa quanto precisava no Q3, n\u00e3o tive ritmo o suficiente. Precis\u00e1vamos de mais evolu\u00e7\u00e3o durante a sess\u00e3o e n\u00e3o tivemos isso, vamos trabalhar duro para ter isso na corrida\u201d, apontou o mexicano.<\/p>\n\n\n\n<p class=\"wp-block-paragraph\">P\u00e9rez estaria no top-10 do grid da <strong>Espanha<\/strong>, <a href=\"https:\/\/www.grandepremio.com\/br\/f1\/noticias\/sergio-perez-perde-3-posicoes-grid-espanha-guiar-asa-traseira-quebrada-canada\/\">n\u00e3o tivesse sido punido com a perda de tr\u00eas posi\u00e7\u00f5es no grid de largada do <strong>GP da Espanha<\/strong><\/a> por ter guiado o <strong>RB20 <\/strong>com a asa traseira quebrada no Canad\u00e1. Agora, o titular da Red Bull vai ter de sair de 11\u00ba e espera se beneficiar de alguma condi\u00e7\u00e3o adversa durante a corrida para escalar o pelot\u00e3o e somar bons pontos.<\/p>\n\n\n\n<figure class=\"wp-block-image size-full\"><img decoding=\"async\" src=\"https:\/\/www.grandepremio.com\/br\/wp-content\/uploads\/2024\/06\/lcimg-a34ad872-9644-44a0-ae75-9d0666ad2baa.jpeg\" alt=\"\" class=\"wp-image-825152\"\/><figcaption class=\"wp-element-caption\">Sergio P\u00e9rez danificou a asa traseira e abandonou GP do Canad\u00e1 (Foto: Reprodu\u00e7\u00e3o\/F1)<\/figcaption><\/figure>\n\n\n\n<p class=\"wp-block-paragraph\">\u201cFizemos algumas boas mudan\u00e7as, por isso devemos estar no caminho certo para domingo. Ser\u00e1 uma corrida dif\u00edcil saindo do 11\u00ba lugar com a puni\u00e7\u00e3o no grid e ser\u00e1 muito importante ter paci\u00eancia e aproveitar as oportunidades certas, especialmente se estiver molhado porque tudo pode acontecer\u201d, finalizou P\u00e9rez.<\/p>\n\n\n\n<p class=\"wp-block-paragraph\">O&nbsp;<strong>GRANDE PR\u00caMIO<\/strong>&nbsp;acompanha<strong>&nbsp;<a href=\"https:\/\/www.grandepremio.com\/br\/ao-vivo\/f1\/\" target=\"_blank\" rel=\"noreferrer noopener\">AO VIVO<\/a><\/strong><a href=\"https:\/\/www.grandepremio.com\/br\/ao-vivo\/f1\/\" target=\"_blank\" rel=\"noreferrer noopener\">&nbsp;e&nbsp;<strong>EM&nbsp;<\/strong><\/a><a href=\"https:\/\/www.grandepremio.com\/br\/ao-vivo\/\" target=\"_blank\" rel=\"noreferrer noopener\"><strong>TEMPO REAL<\/strong><\/a>&nbsp;todas as atividades do&nbsp;<strong>GP da Espanha<\/strong>&nbsp;de&nbsp;<a href=\"https:\/\/www.grandepremio.com\/br\/f1\/\" target=\"_blank\" rel=\"noreferrer noopener\">F\u00f3rmula 1<\/a>&nbsp;e transmite classifica\u00e7\u00e3o e corrida em segunda tela, em parceria com a Voz do Esporte, na<strong>&nbsp;<a href=\"https:\/\/www.youtube.com\/c\/GrandePremioTV\/streams\" target=\"_blank\" rel=\"noreferrer noopener\">GPTV, o canal do GP no Youtube<\/a><\/strong>. Al\u00e9m disso, debate tudo que aconteceu na pista com o&nbsp;<strong>Briefing&nbsp;<\/strong>ap\u00f3s treinos livres e classifica\u00e7\u00e3o, al\u00e9m de antes e depois da corrida. No domingo (23), a&nbsp;<strong>largada&nbsp;<\/strong>est\u00e1 marcada para as 10h (de Bras\u00edlia, GMT-3).<\/p>\n\n\n\n<p class=\"wp-block-paragraph\"><strong>\u00a0Inscreva-se nos dois canais do GRANDE PR\u00caMIO no YouTube:\u00a0<a href=\"https:\/\/www.youtube.com\/channel\/UC9OlHEgxoaY6QY6nWPoiqQg?sub_confirmation=1\" target=\"_blank\" rel=\"noreferrer noopener\">GP<\/a>\u00a0|\u00a0<a href=\"https:\/\/www.youtube.com\/channel\/UC9csiS6q_C3C0FYhyr1rnFA?sub_confirmation=1\" target=\"_blank\" rel=\"noreferrer noopener\">GP2<\/a><\/strong><\/p>\n\n\n\n<figure class=\"wp-block-embed is-type-video is-provider-youtube wp-block-embed-youtube wp-embed-aspect-16-9 wp-has-aspect-ratio\"><div class=\"wp-block-embed__wrapper\">\n<iframe loading=\"lazy\" title=\"NORRIS TIRA POLE DE VERSTAPPEN! GP ESPANHA F1 2024: tudo sobre a CLASSIFICA\u00c7\u00c3O | Briefing\" width=\"500\" height=\"281\" src=\"https:\/\/www.youtube.com\/embed\/lzj4nA8DSI0?feature=oembed\" frameborder=\"0\" allow=\"accelerometer; autoplay; clipboard-write; encrypted-media; gyroscope; picture-in-picture; web-share\" referrerpolicy=\"strict-origin-when-cross-origin\" allowfullscreen><\/iframe>\n<\/div><\/figure>\n","protected":false},"excerpt":{"rendered":"<p>Sergio P\u00e9rez n\u00e3o ficou contente com o pr\u00f3prio ritmo e registrou apenas o oitavo tempo na classifica\u00e7\u00e3o na Espanha. Por\u00e9m, devido a uma puni\u00e7\u00e3o sofrida no GP do Canad\u00e1, o mexicano vai partir de 11\u00ba<\/p>\n","protected":false},"author":0,"featured_media":1000829674,"comment_status":"closed","ping_status":"closed","sticky":false,"template":"","format":"standard","meta":{"42wp_featured_image_caption":"","42wp_featured_image_credits":"","42wp_featured_video":"","42wp_featured_image_hidden":false,"42wp_authors_list":[],"footnotes":""},"categories":[2],"tags":[304,147,3230,180,1491,28285,27382,38981,28012,204,27332,3132],"42wp_author":[47149],"class_list":["post-73203","post","type-post","status-publish","format-standard","has-post-thumbnail","hentry","category-f1","tag-barcelona","tag-f1","tag-f1-2024","tag-formula-1","tag-grande-premio","tag-grandepremio","tag-perez","tag-perez-f1","tag-perez-na-red-bull","tag-red-bull","tag-red-bull-f1","tag-sergio-perez","42wp_author-bernardo-castro"],"_links":{"self":[{"href":"https:\/\/grandepremio.com\/br\/wp-json\/wp\/v2\/posts\/73203","targetHints":{"allow":["GET"]}}],"collection":[{"href":"https:\/\/grandepremio.com\/br\/wp-json\/wp\/v2\/posts"}],"about":[{"href":"https:\/\/grandepremio.com\/br\/wp-json\/wp\/v2\/types\/post"}],"replies":[{"embeddable":true,"href":"https:\/\/grandepremio.com\/br\/wp-json\/wp\/v2\/comments?post=73203"}],"version-history":[{"count":0,"href":"https:\/\/grandepremio.com\/br\/wp-json\/wp\/v2\/posts\/73203\/revisions"}],"wp:featuredmedia":[{"embeddable":true,"href":"https:\/\/grandepremio.com\/br\/wp-json\/wp\/v2\/media\/1000829674"}],"wp:attachment":[{"href":"https:\/\/grandepremio.com\/br\/wp-json\/wp\/v2\/media?parent=73203"}],"wp:term":[{"taxonomy":"category","embeddable":true,"href":"https:\/\/grandepremio.com\/br\/wp-json\/wp\/v2\/categories?post=73203"},{"taxonomy":"post_tag","embeddable":true,"href":"https:\/\/grandepremio.com\/br\/wp-json\/wp\/v2\/tags?post=73203"},{"taxonomy":"42wp_author","embeddable":true,"href":"https:\/\/grandepremio.com\/br\/wp-json\/wp\/v2\/42wp_author?post=73203"}],"curies":[{"name":"wp","href":"https:\/\/api.w.org\/{rel}","templated":true}]}}