{"id":73216,"date":"2024-06-22T14:33:29","date_gmt":"2024-06-22T17:33:29","guid":{"rendered":"https:\/\/grandepremio.com\/br\/noticias\/lando-norris-faz-f1-4-equipes-diferentes-pole-corridas-seguidas-1a-vez-12-anos\/"},"modified":"2024-06-22T15:53:01","modified_gmt":"2024-06-22T18:53:01","slug":"lando-norris-faz-f1-4-equipes-diferentes-pole-corridas-seguidas-1a-vez-12-anos","status":"publish","type":"post","link":"https:\/\/grandepremio.com\/br\/f1\/lando-norris-faz-f1-4-equipes-diferentes-pole-corridas-seguidas-1a-vez-12-anos\/","title":{"rendered":"Norris faz F1 ter 4 equipes diferentes na pole em corridas seguidas pela 1\u00aa vez em 12 anos"},"content":{"rendered":"\n<p class=\"wp-block-paragraph\">A <strong>F1 <\/strong>conseguiu, neste s\u00e1bado (22), uma marca que parecia longe at\u00e9 pouco tempo atr\u00e1s: chegou \u00e0 quarta corrida seguida com equipes diferentes na pole. A da vez foi a <strong>McLaren<\/strong>, <a href=\"https:\/\/www.grandepremio.com\/br\/f1\/noticias\/lando-norris-voa-fim-conquista-pole-gp-espanha-0s020-max-verstappen\/\">impulsionada pelo brilho de<\/a> <strong>Lando Norris<\/strong> no Q3 do<strong> GP da Espanha.<\/strong><\/p>\n\n\n\n<p class=\"wp-block-paragraph\">A sequ\u00eancia come\u00e7ou com o de sempre: <strong>Max Verstappen<\/strong> fez a pole no <strong>GP da Em\u00edlia-Romanha<\/strong>. Mas vem na seca desde ent\u00e3o. <strong>Charles Leclerc<\/strong> largou na frente na corrida de casa, em <strong>M\u00f4naco, George Russell <\/strong>saiu da ponta no <strong>Canad\u00e1 <\/strong>e, por fim, Norris na Espanha: <strong>Red Bull, Ferrari, Mercedes<\/strong> e McLaren, pois.<\/p>\n\n\n\n<p class=\"wp-block-paragraph\">A \u00faltima vez que tal sequ\u00eancia tinha acontecido na F1 foi em 2012, um dos anos mais marcantes da hist\u00f3ria moderna da categoria. Naquele ano, <strong>Lewis Hamilton<\/strong> foi o pole na <strong>Mal\u00e1sia <\/strong>de McLaren, <strong>Nico Rosberg<\/strong> colocou a Mercedes na frente na <strong>China, Sebastian Vettel <\/strong>puxou a fila no <strong>Bahrein <\/strong>de Red Bull e, na mesma Espanha, <strong>Pastor Maldonado<\/strong> come\u00e7ou a escrever a hist\u00f3ria da vit\u00f3ria da <strong>Williams<\/strong>.<\/p>\n\n\n\n<p class=\"wp-block-paragraph\">O equil\u00edbrio de poles nas \u00faltimas corridas se reflete tamb\u00e9m no grid de Barcelona, com quatro equipes nas primeiras cinco posi\u00e7\u00f5es: atr\u00e1s de Norris surgem Verstappen, Hamilton, Russell e Leclerc.<\/p>\n\n\n\n<figure class=\"wp-block-image size-large\"><img decoding=\"async\" src=\"https:\/\/www.grandepremio.com\/br\/wp-content\/uploads\/2024\/06\/espanha-2024-f1-classificacao-mclaren-lando-norris-04-1200x800.jpeg\" alt=\"\" class=\"wp-image-829726\"\/><figcaption class=\"wp-element-caption\">Lando Norris colocou a McLaren na pole no GP da Espanha de F1 (Foto: McLaren)<\/figcaption><\/figure>\n\n\n\n<p class=\"wp-block-paragraph\">O&nbsp;<strong>GRANDE PR\u00caMIO<\/strong>&nbsp;acompanha<strong>&nbsp;<a href=\"https:\/\/www.grandepremio.com\/br\/ao-vivo\/f1\/\" target=\"_blank\" rel=\"noreferrer noopener\">AO VIVO<\/a><\/strong><a href=\"https:\/\/www.grandepremio.com\/br\/ao-vivo\/f1\/\" target=\"_blank\" rel=\"noreferrer noopener\">&nbsp;e&nbsp;<strong>EM&nbsp;<\/strong><\/a><a href=\"https:\/\/www.grandepremio.com\/br\/ao-vivo\/\" target=\"_blank\" rel=\"noreferrer noopener\"><strong>TEMPO REAL<\/strong><\/a>&nbsp;todas as atividades do&nbsp;<strong>GP da Espanha<\/strong>&nbsp;de&nbsp;<a href=\"https:\/\/www.grandepremio.com\/br\/f1\/\" target=\"_blank\" rel=\"noreferrer noopener\">F\u00f3rmula 1<\/a>&nbsp;e transmite classifica\u00e7\u00e3o e corrida em segunda tela, em parceria com a Voz do Esporte, na<strong>&nbsp;<a href=\"https:\/\/www.youtube.com\/c\/GrandePremioTV\/streams\" target=\"_blank\" rel=\"noreferrer noopener\">GPTV, o canal do GP no Youtube<\/a><\/strong>. Al\u00e9m disso, debate tudo que aconteceu na pista com o&nbsp;<strong>Briefing&nbsp;<\/strong>ap\u00f3s treinos livres e classifica\u00e7\u00e3o, al\u00e9m de antes e depois da corrida. No domingo (23), a&nbsp;<strong>largada&nbsp;<\/strong>est\u00e1 marcada para as 10h (de Bras\u00edlia, GMT-3).<\/p>\n\n\n\n<p class=\"wp-block-paragraph\"><strong>Inscreva-se nos dois canais do GRANDE PR\u00caMIO no YouTube:\u00a0<a href=\"https:\/\/www.youtube.com\/channel\/UC9OlHEgxoaY6QY6nWPoiqQg?sub_confirmation=1\" target=\"_blank\" rel=\"noreferrer noopener\">GP<\/a>\u00a0|\u00a0<a href=\"https:\/\/www.youtube.com\/channel\/UC9csiS6q_C3C0FYhyr1rnFA?sub_confirmation=1\" target=\"_blank\" rel=\"noreferrer noopener\">GP2<\/a><\/strong><\/p>\n\n\n\n<figure class=\"wp-block-embed is-type-video is-provider-youtube wp-block-embed-youtube wp-embed-aspect-16-9 wp-has-aspect-ratio\"><div class=\"wp-block-embed__wrapper\">\n<iframe loading=\"lazy\" title=\"NORRIS TIRA POLE DE VERSTAPPEN! GP ESPANHA F1 2024: tudo sobre a CLASSIFICA\u00c7\u00c3O | Briefing\" width=\"500\" height=\"281\" src=\"https:\/\/www.youtube.com\/embed\/lzj4nA8DSI0?feature=oembed\" frameborder=\"0\" allow=\"accelerometer; autoplay; clipboard-write; encrypted-media; gyroscope; picture-in-picture; web-share\" referrerpolicy=\"strict-origin-when-cross-origin\" allowfullscreen><\/iframe>\n<\/div><\/figure>\n","protected":false},"excerpt":{"rendered":"<p>Com a volta brilhante de Lando Norris na Espanha, a F1 quebrou um jejum de 12 anos e voltou a ter uma sequ\u00eancia de quatro corridas com quatro times diferentes na pole: Red Bull, Ferrari, Mercedes e McLaren<\/p>\n","protected":false},"author":0,"featured_media":1000829615,"comment_status":"closed","ping_status":"closed","sticky":false,"template":"","format":"standard","meta":{"42wp_featured_image_caption":"","42wp_featured_image_credits":"","42wp_featured_video":"","42wp_featured_image_hidden":false,"42wp_authors_list":[],"footnotes":""},"categories":[2],"tags":[1417,457,524,20491,309,304,39969,35136,26271,546,209,5273,211,1877,39968,5148,302,147,3230,176,207,180,30909,800,996,1491,28285,3746,119,30840,117,485,547,87,25553,203,90,82,1521,254,35129,2916,2712,676,204,210,3132,33301,612,215,597],"42wp_author":[47117],"class_list":["post-73216","post","type-post","status-publish","format-standard","has-post-thumbnail","hentry","category-f1","tag-alex-albon","tag-alfa-romeo","tag-alphatauri","tag-alpine","tag-aston-martin","tag-barcelona","tag-barcelona-2024","tag-barcelona-f1","tag-calendario-f1","tag-carlos-sainz","tag-charles-leclerc","tag-classificacao-f1","tag-daniel-ricciardo","tag-espanha","tag-espanha-2024","tag-espanha-f1","tag-esteban-ocon","tag-f1","tag-f1-2024","tag-fernando-alonso","tag-ferrari","tag-formula-1","tag-formula-1-2024","tag-george-russell","tag-gp-da-espanha","tag-grande-premio","tag-grandepremio","tag-guanyu-zhou","tag-haas","tag-horarios-f1","tag-kevin-magnussen","tag-lance-stroll","tag-lando-norris","tag-lewis-hamilton","tag-logan-sargeant","tag-max-verstappen","tag-mclaren","tag-mercedes","tag-nico-hulkenberg","tag-nico-rosberg","tag-onde-assistir-f1","tag-oscar-piastri","tag-pastor-maldonado","tag-pierre-gasly","tag-red-bull","tag-sebastian-vettel","tag-sergio-perez","tag-temporada-2024-f1","tag-valtteri-bottas","tag-williams","tag-yuki-tsunoda","42wp_author-gabriel-curty"],"_links":{"self":[{"href":"https:\/\/grandepremio.com\/br\/wp-json\/wp\/v2\/posts\/73216","targetHints":{"allow":["GET"]}}],"collection":[{"href":"https:\/\/grandepremio.com\/br\/wp-json\/wp\/v2\/posts"}],"about":[{"href":"https:\/\/grandepremio.com\/br\/wp-json\/wp\/v2\/types\/post"}],"replies":[{"embeddable":true,"href":"https:\/\/grandepremio.com\/br\/wp-json\/wp\/v2\/comments?post=73216"}],"version-history":[{"count":0,"href":"https:\/\/grandepremio.com\/br\/wp-json\/wp\/v2\/posts\/73216\/revisions"}],"wp:featuredmedia":[{"embeddable":true,"href":"https:\/\/grandepremio.com\/br\/wp-json\/wp\/v2\/media\/1000829615"}],"wp:attachment":[{"href":"https:\/\/grandepremio.com\/br\/wp-json\/wp\/v2\/media?parent=73216"}],"wp:term":[{"taxonomy":"category","embeddable":true,"href":"https:\/\/grandepremio.com\/br\/wp-json\/wp\/v2\/categories?post=73216"},{"taxonomy":"post_tag","embeddable":true,"href":"https:\/\/grandepremio.com\/br\/wp-json\/wp\/v2\/tags?post=73216"},{"taxonomy":"42wp_author","embeddable":true,"href":"https:\/\/grandepremio.com\/br\/wp-json\/wp\/v2\/42wp_author?post=73216"}],"curies":[{"name":"wp","href":"https:\/\/api.w.org\/{rel}","templated":true}]}}