{"id":73221,"date":"2024-06-22T14:25:50","date_gmt":"2024-06-22T17:25:50","guid":{"rendered":"https:\/\/grandepremio.com\/br\/noticias\/juan-manuel-correa-toma-5s-perde-podio-sprint-f2-espanha-paul-aron-herda-3o-gabriel-bortoleto-5o\/"},"modified":"2024-06-22T14:35:26","modified_gmt":"2024-06-22T17:35:26","slug":"juan-manuel-correa-toma-5s-perde-podio-sprint-f2-espanha-paul-aron-herda-3o-gabriel-bortoleto-5o","status":"publish","type":"post","link":"https:\/\/grandepremio.com\/br\/f2\/juan-manuel-correa-toma-5s-perde-podio-sprint-f2-espanha-paul-aron-herda-3o-gabriel-bortoleto-5o\/","title":{"rendered":"Correa toma 5s e perde p\u00f3dio em sprint da F2 na Espanha. Aron herda 3\u00ba e Bortoleto, 5\u00ba"},"content":{"rendered":"\n<p class=\"wp-block-paragraph\">Um festival de puni\u00e7\u00f5es por track limits ap\u00f3s a <strong>corrida sprint<\/strong> da<strong> F\u00f3rmula 2<\/strong> na <strong>Espanha<\/strong>, <a href=\"https:\/\/www.grandepremio.com\/br\/f2\/noticias\/victor-martins-vence-corrida-sprint-f2-espanha-gabriel-bortoleto-ve-pneu-acabar-6o\/\">realizada neste s\u00e1bado (22)<\/a>, mudou o resultado final de sete pilotos. O mais significativo foi a san\u00e7\u00e3o de 5s aplicada a <strong>Juan Manuel Correa<\/strong>, que perdeu o terceiro lugar conquistado na prova, caindo para oitavo. Com isso, <strong>Paul Aron<\/strong> herdou o p\u00f3dio.<\/p>\n\n\n\n<p class=\"wp-block-paragraph\">Al\u00e9m de Correa, <strong>Zane Maloney<\/strong>, <strong>Dennis Hauger<\/strong>, <strong>Rafael Villag\u00f3mez<\/strong>, <strong>Roman Stanek<\/strong>, <strong>Franco Colapinto<\/strong> e <strong>Andrea Kimi Antonelli<\/strong> tamb\u00e9m tiveram segundos acrescidos ao tempo final pela mesma infra\u00e7\u00e3o, por\u00e9m apenas o piloto da <strong>DAMS <\/strong>perdeu pontos somados na sprint.<\/p>\n\n\n\n<p class=\"wp-block-paragraph\">Maloney levou 5s, sendo que j\u00e1 havia tomado 10s durante a corrida. O resultado final, portanto, foi de 19\u00ba para 20\u00ba. Hauger, ent\u00e3o nono, tomou 10s, caindo para 12\u00ba, assim como Colapinto, que despencou para 18\u00ba.<\/p>\n\n\n\n<p class=\"wp-block-paragraph\">D\u00e9cimo colocado, Antonelli levou 5s e deixou o s\u00e1bado com o 15\u00ba posto na conta, enquanto Villag\u00f3mez perdeu duas posi\u00e7\u00f5es com os 5s acrescidos ao tempo, ficando em 17\u00ba. Por fim, Stanek, j\u00e1 em \u00faltimo, ficou com uma puni\u00e7\u00e3o de 5s registrada.<\/p>\n\n\n\n<figure class=\"wp-block-image size-full\"><img decoding=\"async\" src=\"https:\/\/www.grandepremio.com\/br\/wp-content\/uploads\/2024\/06\/podio-F2-sprint-Espanha-Martins-Maini-Correa.jpg\" alt=\"\" class=\"wp-image-829863\"\/><figcaption class=\"wp-element-caption\">P\u00f3dio da sprint, com Correa em terceiro: Aron herdou posi\u00e7\u00e3o (Foto: Reprodu\u00e7\u00e3o\/F2)<\/figcaption><\/figure>\n\n\n\n<p class=\"wp-block-paragraph\">Mudan\u00e7as tamb\u00e9m na zona de pontos, j\u00e1 que todos atr\u00e1s de Correa subiram um posto. <strong>Jak Crawford<\/strong>, portanto, vai para quarto, com <strong>Gabriel Bortoleto <\/strong>terminando a sprint da F2 na Espanha em quinto lugar. <strong>Isack Hadjar <\/strong>e<strong> Ritomo Miyata<\/strong> fecham em sexto e s\u00e9timo, respectivamente.<\/p>\n\n\n\n<p class=\"wp-block-paragraph\">A\u00a0<a href=\"https:\/\/www.grandepremio.com\/br\/f2\/\" target=\"_blank\" rel=\"noreferrer noopener\">F\u00f3rmula 2<\/a>\u00a0retorna neste domingo (23), \u00e0s\u00a0<strong>6h35<\/strong>\u00a0(de Bras\u00edlia, GMT-3), para a largada da corrida 2 da rodada da\u00a0<a href=\"https:\/\/es.grandepremio.com\/\" target=\"_blank\" rel=\"noreferrer noopener\">Espanha<\/a>, em Barcelona. O\u00a0<strong>GRANDE PR\u00caMIO<\/strong>\u00a0acompanha todas as atividades.<\/p>\n\n\n\n<p class=\"wp-block-paragraph\">F\u00f3rmula 2 2024, rodada da Espanha, Barcelona, corrida sprint, resultado final:<\/p>\n\n\n\n<figure class=\"wp-block-table\"><table><tbody><tr><td>1<\/td><td>V MARTINS<\/td><td>ART<\/td><td>26 voltas<\/td><td>&nbsp;<\/td><\/tr><tr><td>2<\/td><td>K MAINI<\/td><td>Invicta<\/td><td>+4.441<\/td><td>&nbsp;<\/td><\/tr><tr><td>3<\/td><td>P ARON<\/td><td>Hitech<\/td><td>+8.625<\/td><td>&nbsp;<\/td><\/tr><tr><td>4<\/td><td>J CRAWFORD<\/td><td>DAMS<\/td><td>+9.096<\/td><td>&nbsp;<\/td><\/tr><tr><td>5<\/td><td>G BORTOLETO<\/td><td>Invicta<\/td><td>+10.742<\/td><td>&nbsp;<\/td><\/tr><tr><td>6<\/td><td>I HADJAR<\/td><td>Campos<\/td><td>+11.612<\/td><td>&nbsp;<\/td><\/tr><tr><td>7<\/td><td>R MIYATA<\/td><td>Rodin<\/td><td>+12.641<\/td><td><\/td><\/tr><tr><td>8<\/td><td>J M CORREA<\/td><td>DAMS<\/td><td>+12.968<\/td><td>\u00a0+5s<\/td><\/tr><tr><td>9<\/td><td>Z O&#8217;SULLIVAN<\/td><td>ART<\/td><td>+25.925<\/td><td>&nbsp;<\/td><\/tr><tr><td>10<\/td><td>J D\u00dcRKSEN<\/td><td>AIX<\/td><td>+26.814<\/td><td>&nbsp;<\/td><\/tr><tr><td>11<\/td><td>J M MART\u00cd<\/td><td>Campos<\/td><td>+27.433<\/td><td>&nbsp;<\/td><\/tr><tr><td>12<\/td><td>D HAUGER<\/td><td>MP<\/td><td>+27.834<\/td><td>\u00a0+10s<\/td><\/tr><tr><td>13<\/td><td>R VERSCHOOR<\/td><td>Trident<\/td><td>+29.362<\/td><td>&nbsp;<\/td><\/tr><tr><td>14<\/td><td>A CORDEEL<\/td><td>Hitech<\/td><td>+29.819<\/td><td>&nbsp;<\/td><\/tr><tr><td>15<\/td><td>A K ANTONELLI<\/td><td>Prema<\/td><td>+29.995<\/td><td>\u00a0+5s<\/td><\/tr><tr><td>16<\/td><td>E FITTIPALDI<\/td><td>Van Amersfoort<\/td><td>+31.765<\/td><td>&nbsp;<\/td><\/tr><tr><td>17<\/td><td>R VILLAG\u00d3MEZ<\/td><td>Van Amersfoort<\/td><td>+33.049<\/td><td>\u00a0+5s<\/td><\/tr><tr><td>18<\/td><td>F COLAPINTO<\/td><td>MP<\/td><td>+35.554<\/td><td>\u00a0+10s<\/td><\/tr><tr><td>19<\/td><td>T BARNARD<\/td><td>AIX<\/td><td>+38.349<\/td><td>&nbsp;<\/td><\/tr><tr><td>20<\/td><td>Z MALONEY<\/td><td>Rodin<\/td><td>+41.445<\/td><td>\u00a0+5s<\/td><\/tr><tr><td>21<\/td><td>O BEARMAN<\/td><td>Prema<\/td><td>+41.456<\/td><td>&nbsp;<\/td><\/tr><tr><td>22<\/td><td>R STANEK<\/td><td>Trident<\/td><td>+46.518<\/td><td>\u00a0+5s<\/td><\/tr><\/tbody><\/table><\/figure>\n\n\n\n<p class=\"wp-block-paragraph\"><strong><img decoding=\"async\" src=\"https:\/\/a.slack-edge.com\/production-standard-emoji-assets\/14.0\/google-medium\/25b6-fe0f.png\" alt=\":seta_para_frente:\">&nbsp;Inscreva-se nos dois canais do GRANDE PR\u00caMIO no YouTube:&nbsp;<a href=\"https:\/\/www.youtube.com\/channel\/UC9OlHEgxoaY6QY6nWPoiqQg?sub_confirmation=1\" target=\"_blank\" rel=\"noreferrer noopener\">GP<\/a>&nbsp;|&nbsp;<a href=\"https:\/\/www.youtube.com\/channel\/UC9csiS6q_C3C0FYhyr1rnFA?sub_confirmation=1\" target=\"_blank\" rel=\"noreferrer noopener\">GP2<\/a><\/strong><br><strong><img decoding=\"async\" src=\"https:\/\/a.slack-edge.com\/production-standard-emoji-assets\/14.0\/google-medium\/25b6-fe0f.png\" alt=\":seta_para_frente:\">&nbsp;LEIA TAMB\u00c9M:&nbsp;<a href=\"https:\/\/www.grandepremio.com\/br\/f2\/noticias\/paul-aron-bate-jak-crawford-0s002-pole-position-f2-espanha-gabriel-bortoleto-4o\/\">Aron bate Crawford por 0s002 e crava pole da F2 na Espanha. Bortoleto \u00e9 4\u00ba<\/a><\/strong><\/p>\n\n\n\n<figure class=\"wp-block-embed is-type-video is-provider-youtube wp-block-embed-youtube wp-embed-aspect-16-9 wp-has-aspect-ratio\"><div class=\"wp-block-embed__wrapper\">\n<iframe loading=\"lazy\" title=\"Pressa da RED BULL com LINDBLAD s\u00f3 mostra que FIA ERROU em BRECHA ANTONELLI | GP \u00e0s 10\" width=\"500\" height=\"281\" src=\"https:\/\/www.youtube.com\/embed\/w5JA0mItii8?feature=oembed\" frameborder=\"0\" allow=\"accelerometer; autoplay; clipboard-write; encrypted-media; gyroscope; picture-in-picture; web-share\" referrerpolicy=\"strict-origin-when-cross-origin\" allowfullscreen><\/iframe>\n<\/div><\/figure>\n","protected":false},"excerpt":{"rendered":"<p>Juan Manuel Correa caiu de terceiro para oitavo na sprint da F2 na Espanha ap\u00f3s puni\u00e7\u00e3o de 5s por exceder limites de pista. Outros seis pilotos tamb\u00e9m tiveram segundos acrescidos ao tempo final<\/p>\n","protected":false},"author":0,"featured_media":1000829860,"comment_status":"closed","ping_status":"closed","sticky":false,"template":"","format":"standard","meta":{"42wp_featured_image_caption":"","42wp_featured_image_credits":"","42wp_featured_video":"","42wp_featured_image_hidden":false,"42wp_authors_list":[],"footnotes":""},"categories":[9],"tags":[39506,30624,27861,6086,304,29654,3158,30246,1539,1581,409,1877,111,32189,2208,35969,25440,350,1491,28285,114,35029,35937,28104,598,33971,38631,107,32107,4606,29923,35030,25439,349,33454,2261,36953,14837,33638,26543,32748,32190,2204,6608,486,31881,28107],"42wp_author":[47147],"class_list":["post-73221","post","type-post","status-publish","format-standard","has-post-thumbnail","hentry","category-f2","tag-aix","tag-amaury-cordeel","tag-andrea-kimi-antonelli","tag-art","tag-barcelona","tag-calendario-f2","tag-campos","tag-classificacao-f2","tag-dams","tag-dennis-hauger","tag-enzo-fittipaldi","tag-espanha","tag-f2","tag-f2-2024","tag-formula-2","tag-formula-2-2024","tag-franco-colapinto","tag-gabriel-bortoleto","tag-grande-premio","tag-grandepremio","tag-hitech","tag-horarios-f2","tag-invicta","tag-isack-hadjar","tag-jak-crawford","tag-josep-maria-marti","tag-joshua-durksen","tag-juan-manuel-correa","tag-kush-maini","tag-mp","tag-oliver-bearman","tag-onde-assistir-f2","tag-paul-aron","tag-prema","tag-rafael-villagomez","tag-richard-verschoor","tag-ritomo-miyata","tag-rodada-da-espanha","tag-rodin","tag-roman-stanek","tag-taylor-barnard","tag-temporada-2024-f2","tag-trident","tag-van-amersfoort","tag-victor-martins","tag-zak-osullivan","tag-zane-maloney","42wp_author-luana-marino"],"_links":{"self":[{"href":"https:\/\/grandepremio.com\/br\/wp-json\/wp\/v2\/posts\/73221","targetHints":{"allow":["GET"]}}],"collection":[{"href":"https:\/\/grandepremio.com\/br\/wp-json\/wp\/v2\/posts"}],"about":[{"href":"https:\/\/grandepremio.com\/br\/wp-json\/wp\/v2\/types\/post"}],"replies":[{"embeddable":true,"href":"https:\/\/grandepremio.com\/br\/wp-json\/wp\/v2\/comments?post=73221"}],"version-history":[{"count":0,"href":"https:\/\/grandepremio.com\/br\/wp-json\/wp\/v2\/posts\/73221\/revisions"}],"wp:featuredmedia":[{"embeddable":true,"href":"https:\/\/grandepremio.com\/br\/wp-json\/wp\/v2\/media\/1000829860"}],"wp:attachment":[{"href":"https:\/\/grandepremio.com\/br\/wp-json\/wp\/v2\/media?parent=73221"}],"wp:term":[{"taxonomy":"category","embeddable":true,"href":"https:\/\/grandepremio.com\/br\/wp-json\/wp\/v2\/categories?post=73221"},{"taxonomy":"post_tag","embeddable":true,"href":"https:\/\/grandepremio.com\/br\/wp-json\/wp\/v2\/tags?post=73221"},{"taxonomy":"42wp_author","embeddable":true,"href":"https:\/\/grandepremio.com\/br\/wp-json\/wp\/v2\/42wp_author?post=73221"}],"curies":[{"name":"wp","href":"https:\/\/api.w.org\/{rel}","templated":true}]}}