{"id":73263,"date":"2024-06-22T12:34:52","date_gmt":"2024-06-22T15:34:52","guid":{"rendered":"https:\/\/grandepremio.com\/br\/noticias\/max-verstappen-destaca-forca-red-bull-apos-2o-lugar-barcelona-feliz-com-desempenho\/"},"modified":"2024-06-22T13:09:08","modified_gmt":"2024-06-22T16:09:08","slug":"max-verstappen-destaca-forca-red-bull-apos-2o-lugar-barcelona-feliz-com-desempenho","status":"publish","type":"post","link":"https:\/\/grandepremio.com\/br\/f1\/max-verstappen-destaca-forca-red-bull-apos-2o-lugar-barcelona-feliz-com-desempenho\/","title":{"rendered":"Verstappen destaca for\u00e7a da Red Bull ap\u00f3s 2\u00ba lugar na Espanha: &#8220;Feliz com desempenho&#8221;"},"content":{"rendered":"\n<p class=\"wp-block-paragraph\">Foi por muito pouco, mas n\u00e3o foi neste s\u00e1bado (22) que <strong>Max Verstappen<\/strong> fez a pole-position para o <strong>GP da Espanha<\/strong>. Depois de um dom\u00ednio amplo e absoluto nas primeiras sete corridas, onde largou na frente em todas, desta vez o tricampe\u00e3o mundial amarga um jejum de tr\u00eas provas sem cravar a posi\u00e7\u00e3o de honra.<\/p>\n\n\n\n<p class=\"wp-block-paragraph\">O neerland\u00eas, por sua vez, gostou do que viu na classifica\u00e7\u00e3o, <a href=\"https:\/\/www.grandepremio.com\/br\/f1\/noticias\/lando-norris-voa-fim-conquista-pole-gp-espanha-0s020-max-verstappen\/\">embora tenha ficado atr\u00e1s<\/a> de <strong>Lando Norris<\/strong> em <strong>Barcelona<\/strong>. &#8220;Acho que tudo foi um pouco melhor, ao longo do fim de semana, tentei achar o equil\u00edbrio ideal, mas \u00e0s vezes \u00e9 isso aque acontece. No geral, estou satisfeito com o desempenho&#8221;, disse Max.<\/p>\n\n\n\n<p class=\"wp-block-paragraph\">Chamou a aten\u00e7\u00e3o a t\u00e1tica da <strong>Red Bull<\/strong> com <strong>Sergio P\u00e9rez<\/strong> dando v\u00e1cuo para que Verstappen pudesse ser mais r\u00e1pido e ganhasse tempo. &#8220;Isso foi por acaso, esse reboque. Nem sabia onde Checo estava na volta, mas infelizmente n\u00e3o foi o suficiente&#8221;.<\/p>\n\n\n\n<p class=\"wp-block-paragraph\">Com apenas 0s020 de diferen\u00e7a para o pole, o #1 sabe que est\u00e1 no jogo para conquistar mais uma vit\u00f3ria na temporada, afinal, a performance do RB20 colaborou bastante ao longo de toda a classifica\u00e7\u00e3o.<\/p>\n\n\n\n<figure class=\"wp-block-image size-large\"><img decoding=\"async\" src=\"https:\/\/www.grandepremio.com\/br\/wp-content\/uploads\/2024\/06\/espanha-2024-f1-treino-livre-red-bull-max-verstappen-06-1-1200x800.jpg\" alt=\"\" class=\"wp-image-829493\"\/><figcaption class=\"wp-element-caption\">Verstappen ficou a 0s020 da pole em Barcelona (Foto: Red Bull Content Pool)<\/figcaption><\/figure>\n\n\n\n<p class=\"wp-block-paragraph\">&#8220;Ainda que durante o treino, o vento tenha ficado mais forte e, talvez, tenha sido o causador para dificultar as coisas no Q3, mas no geral, fiquei muito feliz com o nosso desempenho&#8221;, completou.<\/p>\n\n\n\n<p class=\"wp-block-paragraph\">O&nbsp;<strong>GRANDE PR\u00caMIO<\/strong>&nbsp;acompanha<strong>&nbsp;<a href=\"https:\/\/www.grandepremio.com\/br\/ao-vivo\/f1\/\" target=\"_blank\" rel=\"noreferrer noopener\">AO VIVO<\/a><\/strong><a href=\"https:\/\/www.grandepremio.com\/br\/ao-vivo\/f1\/\" target=\"_blank\" rel=\"noreferrer noopener\">&nbsp;e&nbsp;<strong>EM&nbsp;<\/strong><\/a><a href=\"https:\/\/www.grandepremio.com\/br\/ao-vivo\/\" target=\"_blank\" rel=\"noreferrer noopener\"><strong>TEMPO REAL<\/strong><\/a>&nbsp;todas as atividades do&nbsp;<strong>GP da Espanha<\/strong>&nbsp;de&nbsp;<a href=\"https:\/\/www.grandepremio.com\/br\/f1\/\" target=\"_blank\" rel=\"noreferrer noopener\">F\u00f3rmula 1<\/a>&nbsp;e transmite classifica\u00e7\u00e3o e corrida em segunda tela, em parceria com a Voz do Esporte, na<strong>&nbsp;<a href=\"https:\/\/www.youtube.com\/c\/GrandePremioTV\/streams\" target=\"_blank\" rel=\"noreferrer noopener\">GPTV, o canal do GP no Youtube<\/a><\/strong>. <\/p>\n\n\n\n<p class=\"wp-block-paragraph\">Al\u00e9m disso, debate tudo que aconteceu na pista com o&nbsp;<strong>Briefing&nbsp;<\/strong>ap\u00f3s treinos livres e classifica\u00e7\u00e3o, al\u00e9m de antes e depois da corrida. No domingo (23), a&nbsp;<strong>largada&nbsp;<\/strong>est\u00e1 marcada para as 10h (de Bras\u00edlia, GMT-3).<\/p>\n\n\n\n<p class=\"wp-block-paragraph\"><strong>&nbsp;Inscreva-se nos dois canais do GRANDE PR\u00caMIO no YouTube:&nbsp;<a href=\"https:\/\/www.youtube.com\/channel\/UC9OlHEgxoaY6QY6nWPoiqQg?sub_confirmation=1\" target=\"_blank\" rel=\"noreferrer noopener\">GP<\/a>&nbsp;|&nbsp;<a href=\"https:\/\/www.youtube.com\/channel\/UC9csiS6q_C3C0FYhyr1rnFA?sub_confirmation=1\" target=\"_blank\" rel=\"noreferrer noopener\">GP2<\/a><\/strong><\/p>\n\n\n\n<figure class=\"wp-block-embed is-type-video is-provider-youtube wp-block-embed-youtube wp-embed-aspect-16-9 wp-has-aspect-ratio\"><div class=\"wp-block-embed__wrapper\">\n<iframe loading=\"lazy\" title=\"NORRIS TIRA POLE DE VERSTAPPEN! GP ESPANHA F1 2024: tudo sobre a CLASSIFICA\u00c7\u00c3O | Briefing\" width=\"500\" height=\"281\" src=\"https:\/\/www.youtube.com\/embed\/lzj4nA8DSI0?feature=oembed\" frameborder=\"0\" allow=\"accelerometer; autoplay; clipboard-write; encrypted-media; gyroscope; picture-in-picture; web-share\" referrerpolicy=\"strict-origin-when-cross-origin\" allowfullscreen><\/iframe>\n<\/div><\/figure>\n","protected":false},"excerpt":{"rendered":"<p>Apenas 0s020 separou Verstappen da pole neste s\u00e1bado em Barcelona. Nada que desanime o tricampe\u00e3o, satisfeito com a performance do RB20 na classifica\u00e7\u00e3o<\/p>\n","protected":false},"author":0,"featured_media":1000829670,"comment_status":"closed","ping_status":"closed","sticky":false,"template":"","format":"standard","meta":{"42wp_featured_image_caption":"","42wp_featured_image_credits":"","42wp_featured_video":"","42wp_featured_image_hidden":false,"42wp_authors_list":[],"footnotes":""},"categories":[2],"tags":[304,26271,5273,1877,147,3230,180,30909,996,1491,28285,30840,547,203,35129,204,3132,33301],"42wp_author":[47128],"class_list":["post-73263","post","type-post","status-publish","format-standard","has-post-thumbnail","hentry","category-f1","tag-barcelona","tag-calendario-f1","tag-classificacao-f1","tag-espanha","tag-f1","tag-f1-2024","tag-formula-1","tag-formula-1-2024","tag-gp-da-espanha","tag-grande-premio","tag-grandepremio","tag-horarios-f1","tag-lando-norris","tag-max-verstappen","tag-onde-assistir-f1","tag-red-bull","tag-sergio-perez","tag-temporada-2024-f1","42wp_author-guilherme-bloisi"],"_links":{"self":[{"href":"https:\/\/grandepremio.com\/br\/wp-json\/wp\/v2\/posts\/73263","targetHints":{"allow":["GET"]}}],"collection":[{"href":"https:\/\/grandepremio.com\/br\/wp-json\/wp\/v2\/posts"}],"about":[{"href":"https:\/\/grandepremio.com\/br\/wp-json\/wp\/v2\/types\/post"}],"replies":[{"embeddable":true,"href":"https:\/\/grandepremio.com\/br\/wp-json\/wp\/v2\/comments?post=73263"}],"version-history":[{"count":0,"href":"https:\/\/grandepremio.com\/br\/wp-json\/wp\/v2\/posts\/73263\/revisions"}],"wp:featuredmedia":[{"embeddable":true,"href":"https:\/\/grandepremio.com\/br\/wp-json\/wp\/v2\/media\/1000829670"}],"wp:attachment":[{"href":"https:\/\/grandepremio.com\/br\/wp-json\/wp\/v2\/media?parent=73263"}],"wp:term":[{"taxonomy":"category","embeddable":true,"href":"https:\/\/grandepremio.com\/br\/wp-json\/wp\/v2\/categories?post=73263"},{"taxonomy":"post_tag","embeddable":true,"href":"https:\/\/grandepremio.com\/br\/wp-json\/wp\/v2\/tags?post=73263"},{"taxonomy":"42wp_author","embeddable":true,"href":"https:\/\/grandepremio.com\/br\/wp-json\/wp\/v2\/42wp_author?post=73263"}],"curies":[{"name":"wp","href":"https:\/\/api.w.org\/{rel}","templated":true}]}}