{"id":73302,"date":"2024-06-22T04:00:00","date_gmt":"2024-06-22T07:00:00","guid":{"rendered":"https:\/\/grandepremio.com\/br\/noticias\/flavio-briatore-se-diz-motivado-projeta-alpine-competitiva-dentro-dois-anos\/"},"modified":"2024-06-21T23:35:27","modified_gmt":"2024-06-22T02:35:27","slug":"flavio-briatore-se-diz-motivado-projeta-alpine-competitiva-dentro-dois-anos","status":"publish","type":"post","link":"https:\/\/grandepremio.com\/br\/f1\/flavio-briatore-se-diz-motivado-projeta-alpine-competitiva-dentro-dois-anos\/","title":{"rendered":"Briatore se diz &#8220;motivado&#8221; e projeta Alpine competitiva &#8220;dentro de dois anos&#8221;"},"content":{"rendered":"\n<p class=\"wp-block-paragraph\">O fim de semana de <strong>F\u00f3rmula 1<\/strong> na <strong>Espanha<\/strong> come\u00e7ou quente, j\u00e1 que logo cedo, na sexta-feira (21), a <strong>Alpine<\/strong> <a href=\"https:\/\/www.grandepremio.com\/br\/f1\/noticias\/alpine-oficializa-retorno-flavio-briatore-formula-1-15-anos-conselheiro-executivo\/\">anunciou oficialmente o retorno<\/a> de <strong>Flavio Briatore<\/strong> para assumir a fun\u00e7\u00e3o de conselheiro executivo. Banido da categoria em 2009 por conta do esc\u00e2ndalo de manipula\u00e7\u00e3o no\u00a0<strong>GP de Singapura de 2008<\/strong>, a not\u00edcia sobre a volta do italiano n\u00e3o foi bem-recebida no paddock. O empres\u00e1rio de 74 anos, por sua vez, explicou como espera ajudar o time de Enstone.<\/p>\n\n\n\n<p class=\"wp-block-paragraph\">Presente em <strong>Barcelona<\/strong> para comandar a equipe na d\u00e9cima etapa da temporada 2024, <strong>Bruno Famin<\/strong> aproveitou o momento de entrevistas para responder \u00e0s cr\u00edticas direcionadas a Briatore, afirmando que <a href=\"https:\/\/www.grandepremio.com\/br\/f1\/noticias\/chefe-alpine-exalta-vencedor-flavio-briatore-e-garante-nao-me-importo-com-passado\/\">&#8220;n\u00e3o me importo com o passado, olho sempre para frente, no que podemos melhorar nossa equipe&#8221;<\/a>, deixando claro que a experi\u00eancia do ex-chefe da <strong>Benetton<\/strong> e da <strong>Renault<\/strong> ser\u00e1 importante para tirar a escuderia de <strong>Pierre Gasly<\/strong> e <strong>Esteban Ocon<\/strong> do momento dif\u00edcil pelo qual a mesma est\u00e1 passando.<\/p>\n\n\n\n<p class=\"wp-block-paragraph\">Mas o pr\u00f3prio Briatore fez quest\u00e3o de tamb\u00e9m tomar a palavra e explicar com aconteceram as negocia\u00e7\u00f5es com o presidente da Renault, <strong>Luca de Meo<\/strong>, amigo pr\u00f3ximo do italiano e respons\u00e1vel pelo convite. Em um primeiro momento, ele foi questionado se j\u00e1 passava por sua cabe\u00e7a fazer planos para retornar \u00e0 <strong>F1<\/strong> um dia. &#8220;Na verdade, n\u00e3o&#8221;, respondeu Flavio \u00e0 emissora brit\u00e2nica <em>Sky<\/em>.<\/p>\n\n\n\n<p class=\"wp-block-paragraph\">&#8220;Conhe\u00e7o muito bem o presidente da Renault, Luca de Meo, e tenho muito respeito [por ele]. Ele encontrou algumas dificuldades no desempenho da equipe, ent\u00e3o perguntou se era poss\u00edvel eu ser o conselheiro executivo do presidente. Negociamos durante dois ou tr\u00eas meses, talvez mais&#8221;, continuou Briatore, que, obviamente, aceitou o desafio. &#8220;Sinto que tenho motiva\u00e7\u00e3o para fazer isso. Sinto que \u00e9 poss\u00edvel fazer isso. Acredito que \u00e9 poss\u00edvel colocar a equipe novamente no caminho certo para ter um bom desempenho. \u00c9 disso que gosto, de voltar a competir&#8221;, afirmou.<\/p>\n\n\n\n<figure class=\"wp-block-image size-full\"><img decoding=\"async\" src=\"https:\/\/www.grandepremio.com\/br\/wp-content\/uploads\/2024\/06\/flavio-briatore.jpg\" alt=\"\" class=\"wp-image-828789\"\/><figcaption class=\"wp-element-caption\">Flavio Briatore est\u00e1 oficialmente de volta \u00e0 F\u00f3rmula 1 (Foto: Carl Bingham)<\/figcaption><\/figure>\n\n\n\n<p class=\"wp-block-paragraph\"><strong><img decoding=\"async\" src=\"https:\/\/a.slack-edge.com\/production-standard-emoji-assets\/14.0\/google-medium\/25b6-fe0f.png\" alt=\":seta_para_frente:\">\u00a0Inscreva-se nos dois canais do GRANDE PR\u00caMIO no YouTube:\u00a0<a href=\"https:\/\/www.youtube.com\/channel\/UC9OlHEgxoaY6QY6nWPoiqQg?sub_confirmation=1\" target=\"_blank\" rel=\"noreferrer noopener\">GP<\/a>\u00a0|\u00a0<a href=\"https:\/\/www.youtube.com\/channel\/UC9csiS6q_C3C0FYhyr1rnFA?sub_confirmation=1\" target=\"_blank\" rel=\"noreferrer noopener\">GP2<\/a><\/strong><br><strong><img decoding=\"async\" src=\"https:\/\/a.slack-edge.com\/production-standard-emoji-assets\/14.0\/google-medium\/25b6-fe0f.png\" alt=\":seta_para_frente:\">\u00a0LEIA TAMB\u00c9M: <a href=\"https:\/\/www.grandepremio.com\/br\/f1\/noticias\/confira-declaracoes-dos-pilotos-apos-sexta-feira-gp-da-espanha-f1-2024\/\">Confira declara\u00e7\u00f5es dos pilotos ap\u00f3s sexta-feira do GP da Espanha da F1 2024<\/a><\/strong><\/p>\n\n\n\n<p class=\"wp-block-paragraph\">Desde a demiss\u00e3o de<strong> Otmar Szafnauer<\/strong>, que aconteceu logo ap\u00f3s o <strong>GP da B\u00e9lgica de 2023<\/strong>, Famin assumiu a fun\u00e7\u00e3o de chefe da Alpine de maneira interina. Com a chegada de Briatore para preencher o quadro de funcion\u00e1rios, surgiu a pergunta sobre as chances do italiano substituir o atual comandante no futuro, j\u00e1 que o mesmo possui vasta experi\u00eancia na fun\u00e7\u00e3o.<\/p>\n\n\n\n<p class=\"wp-block-paragraph\">&#8220;N\u00e3o, n\u00e3o. Chefe de equipe? J\u00e1 temos um chefe de equipe. Temos o Bruno. N\u00e3o h\u00e1 problema algum. Estou trabalhando com o Bruno, estou trabalhando com todo mundo. Para mim, estou trabalhando com Luca. Esse \u00e9 o meu trabalho, me reporto a ele e tentamos juntos conseguir o melhor desempenho para a equipe&#8221;, explicou.<\/p>\n\n\n\n<p class=\"wp-block-paragraph\">&#8220;Ainda n\u00e3o vou trocar os pneus. N\u00e3o quero trocar os pneus, n\u00e3o quero guiar o carro. S\u00f3 quero ser competitivo. Dentro de dois anos, seremos&#8221;, garantiu Briatore. &#8220;Quero dar a minha contribui\u00e7\u00e3o. Temos um chefe de equipe que est\u00e1 fazendo um trabalho muito bom, e temos uma organiza\u00e7\u00e3o trabalhando em conjunto. Tenho certeza de que vamos encaixar tudo isso em um espa\u00e7o de tempo muito curto&#8221;, declarou.<\/p>\n\n\n\n<figure class=\"wp-block-image size-large\"><img decoding=\"async\" src=\"https:\/\/www.grandepremio.com\/br\/wp-content\/uploads\/2024\/06\/canada-2024-f1-classificacao-alpine-pierre-gasly-01-1200x802.jpg\" alt=\"\" class=\"wp-image-824596\"\/><figcaption class=\"wp-element-caption\">Italiano aposta em Alpine competitiva &#8220;dentro de dois anos&#8221; (Foto: Alpine)<\/figcaption><\/figure>\n\n\n\n<p class=\"wp-block-paragraph\">No in\u00edcio desta semana, a revista inglesa <em>Autosport<\/em> informou que a montadora francesa est\u00e1 <a href=\"https:\/\/www.grandepremio.com\/br\/f1\/noticias\/alpine-estuda-abandonar-motor-renault-busca-fornecedora-f1-2026\/\">estudando abandonar os motores\u00a0Renault\u00a0a partir de 2026<\/a> e que, por isso, j\u00e1 iniciou conversas com outras fabricantes para se tornar uma cliente dentro do grid. Briatore, por sua vez, negou que esse seja o plano da Alpine no momento.<\/p>\n\n\n\n<p class=\"wp-block-paragraph\">&#8220;N\u00e3o, isso n\u00e3o \u00e9 uma quest\u00e3o neste momento. Claro, para tornar o time competitivo, avaliamos diferentes oportunidades e, depois, escolhemos o melhor para o time. A F\u00f3rmula 1 tem muita fofoca o tempo todo. No momento, n\u00e3o tomamos nenhuma decis\u00e3o. Estamos trabalhando e encontraremos a melhor solu\u00e7\u00e3o para a equipe&#8221;, finalizou.<\/p>\n\n\n\n<p class=\"wp-block-paragraph\">O\u00a0<strong>GRANDE PR\u00caMIO<\/strong>\u00a0acompanha<strong>\u00a0<a href=\"https:\/\/www.grandepremio.com\/br\/ao-vivo\/f1\/\" target=\"_blank\" rel=\"noreferrer noopener\">AO VIVO<\/a><\/strong><a href=\"https:\/\/www.grandepremio.com\/br\/ao-vivo\/f1\/\" target=\"_blank\" rel=\"noreferrer noopener\">\u00a0e\u00a0<strong>EM\u00a0<\/strong><\/a><a href=\"https:\/\/www.grandepremio.com\/br\/ao-vivo\/\" target=\"_blank\" rel=\"noreferrer noopener\"><strong>TEMPO REAL<\/strong><\/a>\u00a0todas as atividades do\u00a0<strong>GP da Espanha<\/strong>\u00a0de\u00a0<a href=\"https:\/\/www.grandepremio.com\/br\/f1\/\" target=\"_blank\" rel=\"noreferrer noopener\">F\u00f3rmula 1<\/a>\u00a0e transmite classifica\u00e7\u00e3o e corrida em segunda tela, em parceria com a Voz do Esporte, na<strong>\u00a0<a href=\"https:\/\/www.youtube.com\/c\/GrandePremioTV\/streams\" target=\"_blank\" rel=\"noreferrer noopener\">GPTV, o canal do GP no Youtube<\/a><\/strong>. Al\u00e9m disso, debate tudo que aconteceu na pista com o\u00a0<strong>Briefing\u00a0<\/strong>ap\u00f3s treinos livres e classifica\u00e7\u00e3o, al\u00e9m de antes e depois da corrida. No s\u00e1bado (22), o\u00a0<strong>TL3<\/strong>\u00a0ser\u00e1 \u00e0s 7h30 (de Bras\u00edlia, GMT-3), ao passo que a\u00a0<strong>classifica\u00e7\u00e3o\u00a0<\/strong>est\u00e1 marcada para as 11h. Por fim, a\u00a0<strong>largada\u00a0<\/strong>est\u00e1 marcada para as 10h do domingo.<\/p>\n\n\n\n<figure class=\"wp-block-embed is-type-video is-provider-youtube wp-block-embed-youtube wp-embed-aspect-16-9 wp-has-aspect-ratio\"><div class=\"wp-block-embed__wrapper\">\n<iframe loading=\"lazy\" title=\"HAMILTON 1\u00ba, VERSTAPPEN 5\u00ba, BRIATORE DE VOLTA: GP ESPANHA F1 2024 | treinos livres | Briefing\" width=\"500\" height=\"281\" src=\"https:\/\/www.youtube.com\/embed\/k5-wUL0yv7E?feature=oembed\" frameborder=\"0\" allow=\"accelerometer; autoplay; clipboard-write; encrypted-media; gyroscope; picture-in-picture; web-share\" referrerpolicy=\"strict-origin-when-cross-origin\" allowfullscreen><\/iframe>\n<\/div><\/figure>\n","protected":false},"excerpt":{"rendered":"<p>Novo conselheiro executivo da Alpine na F\u00f3rmula 1, Flavio Briatore afirmou que \u00e9 poss\u00edvel tirar a equipe da crise pela qual a mesma est\u00e1 passando e coloc\u00e1-la &#8220;no caminho certo&#8221;<\/p>\n","protected":false},"author":0,"featured_media":1000829393,"comment_status":"closed","ping_status":"closed","sticky":false,"template":"","format":"standard","meta":{"42wp_featured_image_caption":"","42wp_featured_image_credits":"","42wp_featured_video":"","42wp_featured_image_hidden":false,"42wp_authors_list":[],"footnotes":""},"categories":[2],"tags":[20491,304,11858,3178,5660,969,147,3230,642,160,885,180,30909,996,39864,1491,30103,28285,26116,229],"42wp_author":[47160],"class_list":["post-73302","post","type-post","status-publish","format-standard","has-post-thumbnail","hentry","category-f1","tag-alpine","tag-barcelona","tag-bruno-famin","tag-circuito-da-catalunha","tag-classificacao","tag-corrida","tag-f1","tag-f1-2024","tag-f1-ao-vivo","tag-f1-tv","tag-flavio-briatore","tag-formula-1","tag-formula-1-2024","tag-gp-da-espanha","tag-gp-da-espanha-2024","tag-grande-premio","tag-grande-premio-f1","tag-grandepremio","tag-luca-de-meo","tag-renault","42wp_author-vicente-soella"],"_links":{"self":[{"href":"https:\/\/grandepremio.com\/br\/wp-json\/wp\/v2\/posts\/73302","targetHints":{"allow":["GET"]}}],"collection":[{"href":"https:\/\/grandepremio.com\/br\/wp-json\/wp\/v2\/posts"}],"about":[{"href":"https:\/\/grandepremio.com\/br\/wp-json\/wp\/v2\/types\/post"}],"replies":[{"embeddable":true,"href":"https:\/\/grandepremio.com\/br\/wp-json\/wp\/v2\/comments?post=73302"}],"version-history":[{"count":0,"href":"https:\/\/grandepremio.com\/br\/wp-json\/wp\/v2\/posts\/73302\/revisions"}],"wp:featuredmedia":[{"embeddable":true,"href":"https:\/\/grandepremio.com\/br\/wp-json\/wp\/v2\/media\/1000829393"}],"wp:attachment":[{"href":"https:\/\/grandepremio.com\/br\/wp-json\/wp\/v2\/media?parent=73302"}],"wp:term":[{"taxonomy":"category","embeddable":true,"href":"https:\/\/grandepremio.com\/br\/wp-json\/wp\/v2\/categories?post=73302"},{"taxonomy":"post_tag","embeddable":true,"href":"https:\/\/grandepremio.com\/br\/wp-json\/wp\/v2\/tags?post=73302"},{"taxonomy":"42wp_author","embeddable":true,"href":"https:\/\/grandepremio.com\/br\/wp-json\/wp\/v2\/42wp_author?post=73302"}],"curies":[{"name":"wp","href":"https:\/\/api.w.org\/{rel}","templated":true}]}}