{"id":73367,"date":"2024-06-21T14:31:50","date_gmt":"2024-06-21T17:31:50","guid":{"rendered":"https:\/\/grandepremio.com\/br\/noticias\/lewis-hamilton-w15-otimo-teme-pista-muito-quente-pneus-gp-espanha\/"},"modified":"2024-06-21T16:02:54","modified_gmt":"2024-06-21T19:02:54","slug":"lewis-hamilton-w15-otimo-teme-pista-muito-quente-pneus-gp-espanha","status":"publish","type":"post","link":"https:\/\/grandepremio.com\/br\/f1\/lewis-hamilton-w15-otimo-teme-pista-muito-quente-pneus-gp-espanha\/","title":{"rendered":"Hamilton v\u00ea W15 &#8220;\u00f3timo&#8221;, mas teme &#8220;pista muito quente&#8221; para pneus no GP da Espanha"},"content":{"rendered":"\n<p class=\"wp-block-paragraph\">O calor na <strong>Espanha <\/strong>tem sido o ponto em comum de preocupa\u00e7\u00e3o para os pilotos da<strong> F\u00f3rmula 1 <\/strong>ap\u00f3s os treinos livres desta sexta-feira (21). <a href=\"https:\/\/www.grandepremio.com\/br\/f1\/noticias\/lewis-hamilton-alimenta-esperanca-mercedes-lidera-tl2-gp-espanha-max-verstappen-5o\/\">L\u00edder do <strong>TL2<\/strong><\/a>, <strong>Lewis Hamilton<\/strong> afirmou que apesar da &#8220;\u00f3tima&#8221; sensa\u00e7\u00e3o ao volante do <strong>W15<\/strong>, a temperatura alta do asfalto foi um problema para os pneus nas simula\u00e7\u00f5es de corrida.<\/p>\n\n\n\n<p class=\"wp-block-paragraph\">Hamilton encaixou \u00f3tima volta e encerrou a participa\u00e7\u00e3o no TL2 com 1min13s264, batendo <strong>Carlos Sainz <\/strong>nos cent\u00e9simos. No TL1, o melhor Mercedes foi<strong> George Russell<\/strong>, que ficou em quarto.<\/p>\n\n\n\n<p class=\"wp-block-paragraph\">Ao site oficial da equipe alem\u00e3, Hamilton explicou que, de fato, o TL1 n\u00e3o foi muito bom, por\u00e9m importante para aprendizados que serviram para acertar o W15 para a sess\u00e3o seguinte.<\/p>\n\n\n\n<p class=\"wp-block-paragraph\">&#8220;O TL2 foi muito melhor, e o carro estava \u00f3timo. A pista estava muito quente, ent\u00e3o foi dif\u00edcil para os pneus, especialmente nos long runs. No geral, por\u00e9m, n\u00e3o senti que est\u00e1vamos muito longe de entrar na briga na frente&#8221;, disse o #44.<\/p>\n\n\n\n<figure class=\"wp-block-image size-large\"><img decoding=\"async\" src=\"https:\/\/www.grandepremio.com\/br\/wp-content\/uploads\/2024\/06\/espanha-2024-f1-treino-livre-mercedes-lewis-hamilton-01-1200x800.jpg\" alt=\"\" class=\"wp-image-828944\"\/><figcaption class=\"wp-element-caption\">Lewis Hamilton liderou o TL2 da Espanha (Foto: Mercedes)<\/figcaption><\/figure>\n\n\n\n<p class=\"wp-block-paragraph\">&#8220;Demos um passo \u00e0 frente com o carro nas \u00faltimas corridas. Todos trabalharam arduamente para chegarmos a este momento e obtermos ganhos incrementais&#8221;, continuou Lewis, mais uma vez reiterando o discurso da &#8220;dire\u00e7\u00e3o certa&#8221; proferido pela Mercedes a cada melhora de performance com atualiza\u00e7\u00f5es. <\/p>\n\n\n\n<p class=\"wp-block-paragraph\">&#8220;Tamb\u00e9m temos uma dire\u00e7\u00e3o clara de onde queremos chegar. Estamos come\u00e7ando a ver isso se refletir em nosso desempenho na pista. Esperamos continuar avan\u00e7ando at\u00e9 s\u00e1bado para nos aproximarmos dos nossos advers\u00e1rios&#8221;, concluiu.<\/p>\n\n\n\n<p class=\"wp-block-paragraph\">O&nbsp;<strong>GRANDE PR\u00caMIO<\/strong>&nbsp;acompanha<strong>&nbsp;<a href=\"https:\/\/www.grandepremio.com\/br\/ao-vivo\/f1\/\" target=\"_blank\" rel=\"noreferrer noopener\">AO VIVO<\/a><\/strong><a href=\"https:\/\/www.grandepremio.com\/br\/ao-vivo\/f1\/\" target=\"_blank\" rel=\"noreferrer noopener\">&nbsp;e&nbsp;<strong>EM&nbsp;<\/strong><\/a><a href=\"https:\/\/www.grandepremio.com\/br\/ao-vivo\/\" target=\"_blank\" rel=\"noreferrer noopener\"><strong>TEMPO REAL<\/strong><\/a>&nbsp;todas as atividades do&nbsp;<strong>GP da Espanha<\/strong>&nbsp;de&nbsp;<a href=\"https:\/\/www.grandepremio.com\/br\/f1\/\" target=\"_blank\" rel=\"noreferrer noopener\">F\u00f3rmula 1<\/a>&nbsp;e transmite classifica\u00e7\u00e3o e corrida em segunda tela, em parceria com a Voz do Esporte, na<strong>&nbsp;<a href=\"https:\/\/www.youtube.com\/c\/GrandePremioTV\/streams\" target=\"_blank\" rel=\"noreferrer noopener\">GPTV, o canal do GP no Youtube<\/a><\/strong>. Al\u00e9m disso, debate tudo que aconteceu na pista com o&nbsp;<strong>Briefing&nbsp;<\/strong>ap\u00f3s treinos livres e classifica\u00e7\u00e3o, al\u00e9m de antes e depois da corrida. No s\u00e1bado (22), o&nbsp;<strong>TL3<\/strong>&nbsp;ser\u00e1 \u00e0s 7h30 (de Bras\u00edlia, GMT-3), ao passo que a&nbsp;<strong>classifica\u00e7\u00e3o&nbsp;<\/strong>est\u00e1 marcada para as 11h. Por fim, a&nbsp;<strong>largada&nbsp;<\/strong>est\u00e1 marcada para as 10h do domingo.<\/p>\n\n\n\n<p class=\"wp-block-paragraph\"><strong>&nbsp;Inscreva-se nos dois canais do GRANDE PR\u00caMIO no YouTube:&nbsp;<a href=\"https:\/\/www.youtube.com\/channel\/UC9OlHEgxoaY6QY6nWPoiqQg?sub_confirmation=1\" target=\"_blank\" rel=\"noreferrer noopener\">GP<\/a>&nbsp;|&nbsp;<a href=\"https:\/\/www.youtube.com\/channel\/UC9csiS6q_C3C0FYhyr1rnFA?sub_confirmation=1\" target=\"_blank\" rel=\"noreferrer noopener\">GP2<\/a><\/strong><\/p>\n\n\n\n<figure class=\"wp-block-embed is-type-video is-provider-youtube wp-block-embed-youtube wp-embed-aspect-16-9 wp-has-aspect-ratio\"><div class=\"wp-block-embed__wrapper\">\n<iframe loading=\"lazy\" title=\"HAMILTON 1\u00ba, VERSTAPPEN 5\u00ba, BRIATORE DE VOLTA: GP ESPANHA F1 2024 | treinos livres | Briefing\" width=\"500\" height=\"281\" src=\"https:\/\/www.youtube.com\/embed\/k5-wUL0yv7E?feature=oembed\" frameborder=\"0\" allow=\"accelerometer; autoplay; clipboard-write; encrypted-media; gyroscope; picture-in-picture; web-share\" referrerpolicy=\"strict-origin-when-cross-origin\" allowfullscreen><\/iframe>\n<\/div><\/figure>\n","protected":false},"excerpt":{"rendered":"<p>Satisfeito com a performance do carro no TL2 da Espanha, Lewis Hamilton explicou que as simula\u00e7\u00f5es de corrida mostraram que o calor pode ser um fator de dificuldade para a corrida<\/p>\n","protected":false},"author":0,"featured_media":1000829155,"comment_status":"closed","ping_status":"closed","sticky":false,"template":"","format":"standard","meta":{"42wp_featured_image_caption":"","42wp_featured_image_credits":"","42wp_featured_video":"","42wp_featured_image_hidden":false,"42wp_authors_list":[],"footnotes":""},"categories":[2],"tags":[304,26271,5273,1877,147,3230,180,30909,996,1491,28285,30840,87,82,35129,33301],"42wp_author":[47147],"class_list":["post-73367","post","type-post","status-publish","format-standard","has-post-thumbnail","hentry","category-f1","tag-barcelona","tag-calendario-f1","tag-classificacao-f1","tag-espanha","tag-f1","tag-f1-2024","tag-formula-1","tag-formula-1-2024","tag-gp-da-espanha","tag-grande-premio","tag-grandepremio","tag-horarios-f1","tag-lewis-hamilton","tag-mercedes","tag-onde-assistir-f1","tag-temporada-2024-f1","42wp_author-luana-marino"],"_links":{"self":[{"href":"https:\/\/grandepremio.com\/br\/wp-json\/wp\/v2\/posts\/73367","targetHints":{"allow":["GET"]}}],"collection":[{"href":"https:\/\/grandepremio.com\/br\/wp-json\/wp\/v2\/posts"}],"about":[{"href":"https:\/\/grandepremio.com\/br\/wp-json\/wp\/v2\/types\/post"}],"replies":[{"embeddable":true,"href":"https:\/\/grandepremio.com\/br\/wp-json\/wp\/v2\/comments?post=73367"}],"version-history":[{"count":0,"href":"https:\/\/grandepremio.com\/br\/wp-json\/wp\/v2\/posts\/73367\/revisions"}],"wp:featuredmedia":[{"embeddable":true,"href":"https:\/\/grandepremio.com\/br\/wp-json\/wp\/v2\/media\/1000829155"}],"wp:attachment":[{"href":"https:\/\/grandepremio.com\/br\/wp-json\/wp\/v2\/media?parent=73367"}],"wp:term":[{"taxonomy":"category","embeddable":true,"href":"https:\/\/grandepremio.com\/br\/wp-json\/wp\/v2\/categories?post=73367"},{"taxonomy":"post_tag","embeddable":true,"href":"https:\/\/grandepremio.com\/br\/wp-json\/wp\/v2\/tags?post=73367"},{"taxonomy":"42wp_author","embeddable":true,"href":"https:\/\/grandepremio.com\/br\/wp-json\/wp\/v2\/42wp_author?post=73367"}],"curies":[{"name":"wp","href":"https:\/\/api.w.org\/{rel}","templated":true}]}}