{"id":73382,"date":"2024-06-21T13:23:03","date_gmt":"2024-06-21T16:23:03","guid":{"rendered":"https:\/\/grandepremio.com\/br\/noticias\/chefe-alpine-exalta-vencedor-flavio-briatore-e-garante-nao-me-importo-com-passado\/"},"modified":"2024-06-21T14:26:37","modified_gmt":"2024-06-21T17:26:37","slug":"chefe-alpine-exalta-vencedor-flavio-briatore-e-garante-nao-me-importo-com-passado","status":"publish","type":"post","link":"https:\/\/grandepremio.com\/br\/f1\/chefe-alpine-exalta-vencedor-flavio-briatore-e-garante-nao-me-importo-com-passado\/","title":{"rendered":"Chefe da Alpine exalta &#8220;vencedor&#8221; Briatore e garante: &#8220;N\u00e3o me importo com passado&#8221;"},"content":{"rendered":"\n<p class=\"wp-block-paragraph\">O <a href=\"https:\/\/www.grandepremio.com\/br\/f1\/noticias\/alpine-oficializa-retorno-flavio-briatore-formula-1-15-anos-conselheiro-executivo\/\">an\u00fancio da contrata\u00e7\u00e3o<\/a> de <strong>Flavio Briatore<\/strong> pela <strong>Alpine<\/strong> nesta sexta-feira (21) mexeu com o mundo da <strong>F\u00f3rmula 1<\/strong>. Controverso, o italiano havia sido banido da categoria em 2009 ap\u00f3s o esc\u00e2ndalo do \u2018crashgate\u2019 de 2008, quando o ent\u00e3o piloto da <strong>Renault<\/strong>,\u00a0<strong>Nelson Piquet Jr<\/strong>, bateu deliberadamente em\u00a0<strong>Singapura<\/strong>\u00a0para ajudar o companheiro de equipe,\u00a0<strong><a href=\"https:\/\/es.grandepremio.com\/\" target=\"_blank\" rel=\"noreferrer noopener\">Fernando Alonso<\/a><\/strong>, a vencer. A decis\u00e3o, no entanto, foi anulada em janeiro do ano seguinte. Desde ent\u00e3o, Flavio \u00e9 figura regularmente vista no paddock.<\/p>\n\n\n\n<p class=\"wp-block-paragraph\">O chef\u00e3o do time franc\u00eas, <strong>Bruno Famin<\/strong>, afirmou em entrevista a <em>Autosport<\/em> que n\u00e3o se importa com o passado do agora conselheiro executivo de sua equipe. Embora a not\u00edcia de que Briatore voltaria tenha circulado nas \u00faltimas semanas, a confirma\u00e7\u00e3o oficial ainda foi recebida com grande desconforto no paddock de Barcelona devido ao seu passado.<\/p>\n\n\n\n<p class=\"wp-block-paragraph\">&#8220;N\u00e3o me importo com o passado, olho sempre para frente, no que podemos melhorar nossa equipe. Flavio tem 40 anos de experi\u00eancia na <strong>F1<\/strong>, sabe comandar uma equipe vencedora como poucos. S\u00e3o v\u00e1rios t\u00edtulos mundiais e vai nos dar a experi\u00eancia e o esp\u00edrito de luta que precisamos&#8221;, disse Bruno.<\/p>\n\n\n\n<p class=\"wp-block-paragraph\">Briatore j\u00e1 come\u00e7ou seu trabalho no <em>paddock<\/em>, ajudando a facilitar acordos comerciais e envolvido no gerenciamente de pilotos, como o piloto reserva da Alpine, <strong>Jack Doohan<\/strong>. Questionado sobre se a nomea\u00e7\u00e3o de Briatore pode voltar \u00e0 tona os danos causados \u00e0 Renault, o chef\u00e3o procurou desconversar.<\/p>\n\n\n\n<figure class=\"wp-block-image size-full\"><img decoding=\"async\" src=\"https:\/\/www.grandepremio.com\/br\/wp-content\/uploads\/2024\/06\/flavio-briatore.jpg\" alt=\"\" class=\"wp-image-828789\"\/><figcaption class=\"wp-element-caption\">Flavio Briatore est\u00e1 oficialmente de volta \u00e0 F1 (Foto: Carl Bingham)<\/figcaption><\/figure>\n\n\n\n<p class=\"wp-block-paragraph\">&#8220;H\u00e1 um objetivo muito claro de melhorar a competitividade da equipe o mais r\u00e1pido poss\u00edvel. Adoramos ter <strong>David Sanchez<\/strong> como diretor t\u00e9cnico, mas claro, o conhecimento e a influ\u00eancia de Flavio s\u00e3o tamb\u00e9m vantagens que vamos utilizar para sermos mais fortes&#8221;. <\/p>\n\n\n\n<p class=\"wp-block-paragraph\">O\u00a0<strong>GRANDE PR\u00caMIO<\/strong>\u00a0acompanha<strong>\u00a0<a href=\"https:\/\/www.grandepremio.com\/br\/ao-vivo\/f1\/\" target=\"_blank\" rel=\"noreferrer noopener\">AO VIVO<\/a><\/strong><a href=\"https:\/\/www.grandepremio.com\/br\/ao-vivo\/f1\/\" target=\"_blank\" rel=\"noreferrer noopener\">\u00a0e\u00a0<strong>EM\u00a0<\/strong><\/a><a href=\"https:\/\/www.grandepremio.com\/br\/ao-vivo\/\" target=\"_blank\" rel=\"noreferrer noopener\"><strong>TEMPO REAL<\/strong><\/a>\u00a0todas as atividades do\u00a0<strong>GP da Espanha<\/strong>\u00a0de\u00a0<a href=\"https:\/\/www.grandepremio.com\/br\/f1\/\" target=\"_blank\" rel=\"noreferrer noopener\">F\u00f3rmula 1<\/a>\u00a0e transmite classifica\u00e7\u00e3o e corrida em segunda tela, em parceria com a Voz do Esporte, na<strong>\u00a0<a href=\"https:\/\/www.youtube.com\/c\/GrandePremioTV\/streams\" target=\"_blank\" rel=\"noreferrer noopener\">GPTV, o canal do GP no Youtube<\/a><\/strong>. <\/p>\n\n\n\n<p class=\"wp-block-paragraph\">Al\u00e9m disso, debate tudo que aconteceu na pista com o\u00a0<strong>Briefing\u00a0<\/strong>ap\u00f3s treinos livres e classifica\u00e7\u00e3o, al\u00e9m de antes e depois da corrida. No s\u00e1bado (22), o\u00a0<strong>TL3<\/strong>\u00a0ser\u00e1 \u00e0s 7h30 (de Bras\u00edlia, GMT-3), ao passo que a\u00a0<strong>classifica\u00e7\u00e3o\u00a0<\/strong>est\u00e1 marcada para as 11h. Por fim, a\u00a0<strong>largada\u00a0<\/strong>est\u00e1 marcada para as 10h do domingo.<\/p>\n\n\n\n<p class=\"wp-block-paragraph\"><strong>Inscreva-se nos dois canais do GRANDE PR\u00caMIO no YouTube:\u00a0<a href=\"https:\/\/www.youtube.com\/channel\/UC9OlHEgxoaY6QY6nWPoiqQg?sub_confirmation=1\" target=\"_blank\" rel=\"noreferrer noopener\">GP<\/a>\u00a0|\u00a0<a href=\"https:\/\/www.youtube.com\/channel\/UC9csiS6q_C3C0FYhyr1rnFA?sub_confirmation=1\" target=\"_blank\" rel=\"noreferrer noopener\">GP2<\/a><\/strong><\/p>\n\n\n\n<figure class=\"wp-block-embed is-type-video is-provider-youtube wp-block-embed-youtube wp-embed-aspect-16-9 wp-has-aspect-ratio\"><div class=\"wp-block-embed__wrapper\">\n<iframe loading=\"lazy\" title=\"HAMILTON 1\u00ba, VERSTAPPEN 5\u00ba, BRIATORE DE VOLTA: GP ESPANHA F1 2024 | treinos livres | Briefing\" width=\"500\" height=\"281\" src=\"https:\/\/www.youtube.com\/embed\/k5-wUL0yv7E?feature=oembed\" frameborder=\"0\" allow=\"accelerometer; autoplay; clipboard-write; encrypted-media; gyroscope; picture-in-picture; web-share\" referrerpolicy=\"strict-origin-when-cross-origin\" allowfullscreen><\/iframe>\n<\/div><\/figure>\n","protected":false},"excerpt":{"rendered":"<p>Bruno Famin afirmou em entrevista \u00e0 imprensa brit\u00e2nica que quer olhar para frente com a chegada do italiano e que Briatore tem o esp\u00edrito de luta necess\u00e1rio para a Alpine progredir na F1<\/p>\n","protected":false},"author":0,"featured_media":1000776169,"comment_status":"closed","ping_status":"closed","sticky":false,"template":"","format":"standard","meta":{"42wp_featured_image_caption":"","42wp_featured_image_credits":"","42wp_featured_video":"","42wp_featured_image_hidden":false,"42wp_authors_list":[],"footnotes":""},"categories":[2],"tags":[20491,27776,34186,27487,304,11858,35624,37759,5660,8235,37760,969,34025,147,3230,642,11958,160,37761,176,885,180,30909,996,39864,1491,30103,28285,596,1186,229],"42wp_author":[47128],"class_list":["post-73382","post","type-post","status-publish","format-standard","has-post-thumbnail","hentry","category-f1","tag-alpine","tag-assistir-f1-ao-vivo","tag-assistir-f1-gratis","tag-assistir-f1-online","tag-barcelona","tag-bruno-famin","tag-calendario-f1-2024","tag-calendario-f1-2024-horarios","tag-classificacao","tag-classificacao-da-f1","tag-classificacao-f1-2024","tag-corrida","tag-david-sanchez","tag-f1","tag-f1-2024","tag-f1-ao-vivo","tag-f1-live","tag-f1-tv","tag-f1-tv-2024","tag-fernando-alonso","tag-flavio-briatore","tag-formula-1","tag-formula-1-2024","tag-gp-da-espanha","tag-gp-da-espanha-2024","tag-grande-premio","tag-grande-premio-f1","tag-grandepremio","tag-jack-doohan","tag-nelsinho-piquet","tag-renault","42wp_author-guilherme-bloisi"],"_links":{"self":[{"href":"https:\/\/grandepremio.com\/br\/wp-json\/wp\/v2\/posts\/73382","targetHints":{"allow":["GET"]}}],"collection":[{"href":"https:\/\/grandepremio.com\/br\/wp-json\/wp\/v2\/posts"}],"about":[{"href":"https:\/\/grandepremio.com\/br\/wp-json\/wp\/v2\/types\/post"}],"replies":[{"embeddable":true,"href":"https:\/\/grandepremio.com\/br\/wp-json\/wp\/v2\/comments?post=73382"}],"version-history":[{"count":0,"href":"https:\/\/grandepremio.com\/br\/wp-json\/wp\/v2\/posts\/73382\/revisions"}],"wp:featuredmedia":[{"embeddable":true,"href":"https:\/\/grandepremio.com\/br\/wp-json\/wp\/v2\/media\/1000776169"}],"wp:attachment":[{"href":"https:\/\/grandepremio.com\/br\/wp-json\/wp\/v2\/media?parent=73382"}],"wp:term":[{"taxonomy":"category","embeddable":true,"href":"https:\/\/grandepremio.com\/br\/wp-json\/wp\/v2\/categories?post=73382"},{"taxonomy":"post_tag","embeddable":true,"href":"https:\/\/grandepremio.com\/br\/wp-json\/wp\/v2\/tags?post=73382"},{"taxonomy":"42wp_author","embeddable":true,"href":"https:\/\/grandepremio.com\/br\/wp-json\/wp\/v2\/42wp_author?post=73382"}],"curies":[{"name":"wp","href":"https:\/\/api.w.org\/{rel}","templated":true}]}}