{"id":73385,"date":"2024-06-21T13:03:51","date_gmt":"2024-06-21T16:03:51","guid":{"rendered":"https:\/\/grandepremio.com\/br\/noticias\/lewis-hamilton-alimenta-esperanca-mercedes-lidera-tl2-gp-espanha-max-verstappen-5o\/"},"modified":"2024-06-21T16:59:04","modified_gmt":"2024-06-21T19:59:04","slug":"lewis-hamilton-alimenta-esperanca-mercedes-lidera-tl2-gp-espanha-max-verstappen-5o","status":"publish","type":"post","link":"https:\/\/grandepremio.com\/br\/f1\/lewis-hamilton-alimenta-esperanca-mercedes-lidera-tl2-gp-espanha-max-verstappen-5o\/","title":{"rendered":"Hamilton alimenta esperan\u00e7a da Mercedes e lidera TL2 do GP da Espanha. Verstappen \u00e9 5\u00ba"},"content":{"rendered":"\n<p class=\"wp-block-paragraph\"><strong>Lewis Hamilton<\/strong> tratou de mostrar que o progresso da <strong>Mercedes<\/strong> na \u00faltima etapa n\u00e3o foi obra do acaso e liderou o <strong>TL2 <\/strong>do <strong>GP da Espanha<\/strong>, realizado nesta sexta-feira (21) em condi\u00e7\u00f5es t\u00edpicas e sem interrup\u00e7\u00f5es. O heptacampe\u00e3o superou <strong>Carlos Sainz<\/strong> em 0s022 com 1min13s264.<\/p>\n\n\n\n<p class=\"wp-block-paragraph\">Em um circuito onde a maioria poderia ser capaz de andar com os olhos vendados, a sexta-feira foi das mais tranquilas vistas at\u00e9 aqui na temporada 2024. <a href=\"https:\/\/www.grandepremio.com\/br\/f1\/noticias\/lando-norris-bate-max-verstappen-lidera-treino-livre-1-morno-gp-espanha-formula-1\/\">O TL1 at\u00e9 teve uma bandeira vermelha<\/a>, mas por conta de um peda\u00e7o de carro que escapou da dianteira de <strong>Fernando Alonso <\/strong>e ficou jogado no meio da pista. <\/p>\n\n\n\n<h3 class=\"wp-block-heading has-background\" id=\"h-fire-tv-stick-lite-por-r-269-10-baixe-o-app-f1tv-e-veja-a-formula-1-pela-tv\" style=\"background-color:#f49494\"><strong><a href=\"https:\/\/amzn.to\/3L06Ty5\">Fire TV Stick Lite por R$ 269,10: baixe o app F1TV e veja a F\u00f3rmula 1 pela TV<\/a>.<\/strong><\/h3>\n\n\n\n<p class=\"wp-block-paragraph\">O TL2, em contrapartida, foi limpo do in\u00edcio ao fim, e a pista familiar permitiu um trabalho mais efetivo de equipes e pilotos. Dessa vez, m\u00e9dios e macios entraram em a\u00e7\u00e3o, e os compostos de faixa vermelha tamb\u00e9m foram os preferidos dos ponteiros para as simula\u00e7\u00f5es de corrida nos 15 minutos finais. <\/p>\n\n\n\n<p class=\"wp-block-paragraph\">Nesse instante, o resultado j\u00e1 estava decidido a favor de Hamilton, at\u00e9 ent\u00e3o discreto nos treinos livres, por\u00e9m r\u00e1pido o bastante ao volante do <strong>W15 <\/strong>quando teve pista livre pela frente. Sainz, em performance melhor que o companheiro de equipe, <strong>Charles Leclerc<\/strong> diante da torcida espanhola, foi quem mais se aproximou do #44, com a dist\u00e2ncia nos cent\u00e9simos \u2014 curiosamente, o mesmo visto nas classifica\u00e7\u00f5es de F3 e F2, quando a ader\u00eancia da pista era melhor.<\/p>\n\n\n\n<p class=\"wp-block-paragraph\"><strong>Lando Norris<\/strong>, l\u00edder do TL1, ficou em terceiro, mas o destaque da sess\u00e3o fica por conta do quarto lugar de <strong>Pierre Gasly<\/strong>, em um raro brilho da Alpine dentro da pista no dia em que <strong>Flavio Briatore<\/strong> retorna ao time na F1. <strong>Max Verstappen<\/strong>, em contrapartida, voltou a reclamar do equil\u00edbrio do carro e ficou apenas e quinto, \u00e0 frente de Leclerc.<\/p>\n\n\n\n<p class=\"wp-block-paragraph\"><strong>Oscar Piastri<\/strong> foi o s\u00e9timo, com George Russell na oitava coloca\u00e7\u00e3o. <strong>Esteban Ocon<\/strong> e <strong>Valtteri Bottas<\/strong> fecharam o top-10 da sess\u00e3o.<\/p>\n\n\n\n<p class=\"wp-block-paragraph\">O&nbsp;<strong>GRANDE PR\u00caMIO<\/strong>&nbsp;acompanha<strong>&nbsp;<a href=\"https:\/\/www.grandepremio.com\/br\/ao-vivo\/f1\/\" target=\"_blank\" rel=\"noreferrer noopener\">AO VIVO<\/a><\/strong><a href=\"https:\/\/www.grandepremio.com\/br\/ao-vivo\/f1\/\" target=\"_blank\" rel=\"noreferrer noopener\">&nbsp;e&nbsp;<strong>EM&nbsp;<\/strong><\/a><a href=\"https:\/\/www.grandepremio.com\/br\/ao-vivo\/\" target=\"_blank\" rel=\"noreferrer noopener\"><strong>TEMPO REAL<\/strong><\/a>&nbsp;todas as atividades do&nbsp;<strong>GP da Espanha<\/strong>&nbsp;de&nbsp;<a href=\"https:\/\/www.grandepremio.com\/br\/f1\/\" target=\"_blank\" rel=\"noreferrer noopener\">F\u00f3rmula 1<\/a>&nbsp;e transmite classifica\u00e7\u00e3o e corrida em segunda tela, em parceria com a Voz do Esporte, na<strong>&nbsp;<a href=\"https:\/\/www.youtube.com\/c\/GrandePremioTV\/streams\" target=\"_blank\" rel=\"noreferrer noopener\">GPTV, o canal do GP no Youtube<\/a><\/strong>. Al\u00e9m disso, debate tudo que aconteceu na pista com o&nbsp;<strong>Briefing&nbsp;<\/strong>ap\u00f3s treinos livres e classifica\u00e7\u00e3o, al\u00e9m de antes e depois da corrida. No s\u00e1bado (22), o&nbsp;<strong>TL3<\/strong>&nbsp;ser\u00e1 \u00e0s 7h30 (de Bras\u00edlia, GMT-3), ao passo que a&nbsp;<strong>classifica\u00e7\u00e3o&nbsp;<\/strong>est\u00e1 marcada para as 11h. Por fim, a&nbsp;<strong>largada&nbsp;<\/strong>est\u00e1 marcada para as 10h do domingo.<\/p>\n\n\n\n<p class=\"wp-block-paragraph\"><strong>&nbsp;Inscreva-se nos dois canais do GRANDE PR\u00caMIO no YouTube:&nbsp;<a href=\"https:\/\/www.youtube.com\/channel\/UC9OlHEgxoaY6QY6nWPoiqQg?sub_confirmation=1\" target=\"_blank\" rel=\"noreferrer noopener\">GP<\/a>&nbsp;|&nbsp;<a href=\"https:\/\/www.youtube.com\/channel\/UC9csiS6q_C3C0FYhyr1rnFA?sub_confirmation=1\" target=\"_blank\" rel=\"noreferrer noopener\">GP2<\/a><\/strong><\/p>\n\n\n\n<figure class=\"wp-block-image size-large\"><img decoding=\"async\" src=\"https:\/\/www.grandepremio.com\/br\/wp-content\/uploads\/2024\/06\/espanha-2024-f1-treino-livre-red-bull-max-verstappen-02-1-1200x675.jpg\" alt=\"\" class=\"wp-image-829110\"\/><figcaption class=\"wp-element-caption\">Max Verstappen foi o quinto (Foto: Red Bull Content Pool)<\/figcaption><\/figure>\n\n\n\n<p class=\"wp-block-paragraph\"><strong>Confira como foi o TL2 da F1 em Barcelona:<\/strong><\/p>\n\n\n\n<p class=\"wp-block-paragraph\">Ap\u00f3s uma primeira sess\u00e3o bem morna, os pilotos partiram para a \u00faltima atividade do dia, agora a maioria cal\u00e7ada com os m\u00e9dios para o stint inicial e com o asfalto ainda quente, em 44\u00b0C de temperatura, com term\u00f4metros em 25\u00b0C e umidade relativa do ar em 44\u00b0C. Voltas iniciais registradas, e Norris j\u00e1 tratou de colocar a <strong>McLaren <\/strong>na ponta, dando sinais de que a sess\u00e3o certamente traria um desenho mais concreto com rela\u00e7\u00e3o \u00e0s performances das equipes.<\/p>\n\n\n\n<p class=\"wp-block-paragraph\">Russell, Verstappen e Sainz vinham na sequ\u00eancia \u2014 coincidentemente, os mesmos pilotos a alcan\u00e7arem os melhores tempos das quatro principais equipes do grid atual no TL1. Piastri, em s\u00e9timo, ainda usava compostos duros, assim como <strong>Guanyu Zhou <\/strong>e o duo da <strong>Williams<\/strong>, <strong>Alexander Albon<\/strong> e <strong>Logan Sargeant<\/strong>.<\/p>\n\n\n\n<p class=\"wp-block-paragraph\">Com o melhor primeiro setor, por\u00e9m perda nos trechos seguintes, Hamilton ficou a 0s014 do companheiro de equipe, subindo para terceiro. Em mais uma tentativa, Verstappen melhorou a pr\u00f3pria marca no primeiro trecho, mas perdeu bastante no restante da pista, fechando a 0s6. Pelo r\u00e1dio, o neerland\u00eas voltava a reclamar do equil\u00edbrio do carro, relatando ao engenheiro <strong>Gianpiero Lambiase <\/strong>que estava &#8220;perdendo o carro nas sa\u00eddas de curva, uma sa\u00edda de frente estranha&#8221;. Depois, ao ser orientado a retornar aos boxes, solicitou mudan\u00e7as na asa dianteira.<\/p>\n\n\n\n<p class=\"wp-block-paragraph\">Ap\u00f3s parada nos boxes, apenas Sargeant resolveu j\u00e1 partir com os macios para a sess\u00e3o. At\u00e9 ent\u00e3o, Russell era o l\u00edder, ap\u00f3s melhorar a volta de Norris em 0s108. Sainz, ent\u00e3o, cal\u00e7ou tamb\u00e9m os compostos de faixa vermelha e detonou a marca do piloto da Mercedes, colocando a Ferrari em primeiro com 1min13s286 \u2014 0s8 mais r\u00e1pido.<\/p>\n\n\n\n<p class=\"wp-block-paragraph\">S\u00f3 que o #4 da <strong>McLaren <\/strong>tamb\u00e9m veio de pneus vermelhos e pegou o segundo trecho do circuito da <strong>Catalunha<\/strong>. A performance foi suficiente para ficar em segundo, a 0s033 de Sainz, enquanto Leclerc vinha em terceiro. Bottas tamb\u00e9m aproveitou os segundos de fama da Sauber de borracha macia para figurar em quarto. <\/p>\n\n\n\n<p class=\"wp-block-paragraph\">Com pouco mais de 30 minutos para o fim, Verstappen, de macios, fez os setores 1 e 3 em roxo, mas o trecho intermedi\u00e1rio foi determinante para manter o neerland\u00eas atr\u00e1s, em terceiro. Hamilton foi quem deu um belo salto e recolocou a Mercedes na ponta, enquanto Gasly surgia em quarto com a Alpine alguns giros depois.<\/p>\n\n\n\n<p class=\"wp-block-paragraph\">20 minutos para o fim, P\u00e9rez, em \u00faltimo, partiu para buscar um tempo melhor com os pneus macios \u2014 o \u00fanico at\u00e9 ent\u00e3o no grid sem volta r\u00e1pida registrada com os C3 da gama separada pela Pirelli para o final de semana. O mexicano melhorou o pr\u00f3prio giro, conforme o esperado, mas ficou longe dos primeiros colocados ao virar 1min14s081, em 13\u00ba.<\/p>\n\n\n\n<p class=\"wp-block-paragraph\">Os 15 minutos restantes, foram a deixa para os long runs, e as escolhas foram variadas entre macios e m\u00e9dios. Os tr\u00eas primeiros \u2014 Hamilton, Sainz e Norris \u2014, por exemplo, optaram pelos macios para as simula\u00e7\u00f5es de corrida, enquanto Verstappen, em quinto, preferiu os m\u00e9dios. Momento dos mais importantes para o acerto de corrida, mas que n\u00e3o traz mudan\u00e7as na tabela. Portanto, coube mesmo a Lewis a lideran\u00e7a.<\/p>\n\n\n\n<h2 class=\"wp-block-heading\" id=\"h-formula-1-2024-gp-da-espanha-barcelona-tl2\">F\u00f3rmula 1 2024, GP da Espanha, Barcelona, TL2:<\/h2>\n\n\n\n<figure class=\"wp-block-table\"><table><tbody><tr><td>Pos.<\/td><td>Piloto<\/td><td>Equipe<\/td><td>Tempo<\/td><td>Diff<\/td><\/tr><tr><td>1<\/td><td>L HAMILTON<\/td><td>Mercedes<\/td><td>1:13.264<\/td><td>&nbsp;<\/td><\/tr><tr><td>2<\/td><td>C SAINZ<\/td><td>Ferrari<\/td><td>1:13.286<\/td><td>+0.022<\/td><\/tr><tr><td>3<\/td><td>L NORRIS<\/td><td>McLaren Mercedes<\/td><td>1:13.319<\/td><td>+0.055<\/td><\/tr><tr><td>4<\/td><td>P GASLY<\/td><td>Alpine<\/td><td>1:13.443<\/td><td>+0.179<\/td><\/tr><tr><td>5<\/td><td>M VERSTAPPEN<\/td><td>Red Bull RBPT Honda<\/td><td>1:13.504<\/td><td>+0.240<\/td><\/tr><tr><td>6<\/td><td>C LECLERC<\/td><td>Ferrari<\/td><td>1:13.597<\/td><td>+0.333<\/td><\/tr><tr><td>7<\/td><td>O PIASTRI<\/td><td>McLaren Mercedes<\/td><td>1:13.622<\/td><td>+0.358<\/td><\/tr><tr><td>8<\/td><td>G RUSSELL<\/td><td>Mercedes<\/td><td>1:13.722<\/td><td>+0.458<\/td><\/tr><tr><td>9<\/td><td>E OCON<\/td><td>Alpine<\/td><td>1:13.766<\/td><td>+0.502<\/td><\/tr><tr><td>10<\/td><td>V BOTTAS<\/td><td>Sauber Ferrari<\/td><td>1:13.924<\/td><td>+0.660<\/td><\/tr><tr><td>11<\/td><td>K MAGNUSSEN<\/td><td>Haas Ferrari<\/td><td>1:14.021<\/td><td>+0.757<\/td><\/tr><tr><td>12<\/td><td>N H\u00dcLKENBERG<\/td><td>Haas Ferrari<\/td><td>1:14.053<\/td><td>+0.789<\/td><\/tr><tr><td>13<\/td><td>S P\u00c9REZ<\/td><td>Red Bull RBPT Honda<\/td><td>1:14.081<\/td><td>+0.817<\/td><\/tr><tr><td>14<\/td><td>F ALONSO<\/td><td>Aston Martin Mercedes<\/td><td>1:14.091<\/td><td>+0.827<\/td><\/tr><tr><td>15<\/td><td>Y TSUNODA<\/td><td>RB Honda<\/td><td>1:14.211<\/td><td>+0.947<\/td><\/tr><tr><td>16<\/td><td>D RICCIARDO<\/td><td>RB Honda<\/td><td>1:14.257<\/td><td>+0.993<\/td><\/tr><tr><td>17<\/td><td>G ZHOU<\/td><td>Sauber Ferrari<\/td><td>1:14.345<\/td><td>+1.081<\/td><\/tr><tr><td>18<\/td><td>L STROLL<\/td><td>Aston Martin Mercedes<\/td><td>1:14.402<\/td><td>+1.138<\/td><\/tr><tr><td>19<\/td><td>A ALBON<\/td><td>Williams Mercedes<\/td><td>1:14.807<\/td><td>+1.543<\/td><\/tr><tr><td>20<\/td><td>L SARGEANT<\/td><td>Williams Mercedes<\/td><td>1:15.070<\/td><td>+1.806<\/td><\/tr><\/tbody><\/table><\/figure>\n\n\n\n<figure class=\"wp-block-embed is-type-video is-provider-youtube wp-block-embed-youtube wp-embed-aspect-16-9 wp-has-aspect-ratio\"><div class=\"wp-block-embed__wrapper\">\n<iframe loading=\"lazy\" title=\"HAMILTON 1\u00ba, VERSTAPPEN 5\u00ba, BRIATORE DE VOLTA: GP ESPANHA F1 2024 | treinos livres | Briefing\" width=\"500\" height=\"281\" src=\"https:\/\/www.youtube.com\/embed\/k5-wUL0yv7E?feature=oembed\" frameborder=\"0\" allow=\"accelerometer; autoplay; clipboard-write; encrypted-media; gyroscope; picture-in-picture; web-share\" referrerpolicy=\"strict-origin-when-cross-origin\" allowfullscreen><\/iframe>\n<\/div><\/figure>\n","protected":false},"excerpt":{"rendered":"<p>Lewis Hamilton fez a melhor volta da segunda sess\u00e3o livre do dia em 1min13s264, com Carlos Sainz e Lando Norris vindo na sequ\u00eancia. Max Verstappen ficou em quinto, atr\u00e1s de Pierre Gasly<\/p>\n","protected":false},"author":0,"featured_media":1000829109,"comment_status":"closed","ping_status":"closed","sticky":false,"template":"","format":"standard","meta":{"42wp_featured_image_caption":"","42wp_featured_image_credits":"","42wp_featured_video":"","42wp_featured_image_hidden":false,"42wp_authors_list":[],"footnotes":""},"categories":[2],"tags":[457,524,20491,309,304,26271,546,209,5273,211,1877,302,147,3230,176,207,180,30909,800,996,1491,28285,3746,119,30840,117,485,547,87,25553,203,90,82,1521,35129,2916,676,204,3132,33301,612,215,597],"42wp_author":[47147],"class_list":["post-73385","post","type-post","status-publish","format-standard","has-post-thumbnail","hentry","category-f1","tag-alfa-romeo","tag-alphatauri","tag-alpine","tag-aston-martin","tag-barcelona","tag-calendario-f1","tag-carlos-sainz","tag-charles-leclerc","tag-classificacao-f1","tag-daniel-ricciardo","tag-espanha","tag-esteban-ocon","tag-f1","tag-f1-2024","tag-fernando-alonso","tag-ferrari","tag-formula-1","tag-formula-1-2024","tag-george-russell","tag-gp-da-espanha","tag-grande-premio","tag-grandepremio","tag-guanyu-zhou","tag-haas","tag-horarios-f1","tag-kevin-magnussen","tag-lance-stroll","tag-lando-norris","tag-lewis-hamilton","tag-logan-sargeant","tag-max-verstappen","tag-mclaren","tag-mercedes","tag-nico-hulkenberg","tag-onde-assistir-f1","tag-oscar-piastri","tag-pierre-gasly","tag-red-bull","tag-sergio-perez","tag-temporada-2024-f1","tag-valtteri-bottas","tag-williams","tag-yuki-tsunoda","42wp_author-luana-marino"],"_links":{"self":[{"href":"https:\/\/grandepremio.com\/br\/wp-json\/wp\/v2\/posts\/73385","targetHints":{"allow":["GET"]}}],"collection":[{"href":"https:\/\/grandepremio.com\/br\/wp-json\/wp\/v2\/posts"}],"about":[{"href":"https:\/\/grandepremio.com\/br\/wp-json\/wp\/v2\/types\/post"}],"replies":[{"embeddable":true,"href":"https:\/\/grandepremio.com\/br\/wp-json\/wp\/v2\/comments?post=73385"}],"version-history":[{"count":0,"href":"https:\/\/grandepremio.com\/br\/wp-json\/wp\/v2\/posts\/73385\/revisions"}],"wp:featuredmedia":[{"embeddable":true,"href":"https:\/\/grandepremio.com\/br\/wp-json\/wp\/v2\/media\/1000829109"}],"wp:attachment":[{"href":"https:\/\/grandepremio.com\/br\/wp-json\/wp\/v2\/media?parent=73385"}],"wp:term":[{"taxonomy":"category","embeddable":true,"href":"https:\/\/grandepremio.com\/br\/wp-json\/wp\/v2\/categories?post=73385"},{"taxonomy":"post_tag","embeddable":true,"href":"https:\/\/grandepremio.com\/br\/wp-json\/wp\/v2\/tags?post=73385"},{"taxonomy":"42wp_author","embeddable":true,"href":"https:\/\/grandepremio.com\/br\/wp-json\/wp\/v2\/42wp_author?post=73385"}],"curies":[{"name":"wp","href":"https:\/\/api.w.org\/{rel}","templated":true}]}}