{"id":73420,"date":"2024-06-21T07:49:36","date_gmt":"2024-06-21T10:49:36","guid":{"rendered":"https:\/\/grandepremio.com\/br\/noticias\/formula-1-sexta-feira-ensolarada-sem-previsao-chuva-treinos-livres-gp-espanha\/"},"modified":"2024-06-21T11:57:32","modified_gmt":"2024-06-21T14:57:32","slug":"formula-1-sexta-feira-ensolarada-sem-previsao-chuva-treinos-livres-gp-espanha","status":"publish","type":"post","link":"https:\/\/grandepremio.com\/br\/f1\/formula-1-sexta-feira-ensolarada-sem-previsao-chuva-treinos-livres-gp-espanha\/","title":{"rendered":"F1 tem sexta-feira ensolarada e sem previs\u00e3o de chuva para treinos livres do GP da Espanha"},"content":{"rendered":"\n<p class=\"wp-block-paragraph\">A <strong>F\u00f3rmula 1<\/strong> d\u00e1 in\u00edcio para valer \u00e0 perna europeia neste final de semana, com o <strong>GP da Espanha<\/strong>, d\u00e9cima etapa da <strong>temporada 2024<\/strong>, e ao contr\u00e1rio do que se viu na \u00faltima corrida realizada, a previs\u00e3o para esta sexta-feira (21) \u00e9 de dia ensolarado e sem previs\u00e3o de chuva. Confira a seguir o que diz a previs\u00e3o.<\/p>\n\n\n\n<p class=\"wp-block-paragraph\">O dia da F1 em <strong>Barcelona <\/strong>come\u00e7a \u00e0s 13h30 locais (8h30 de Bras\u00edlia, GMT-3), e a meteorologia indica term\u00f4metros em 25\u00b0C. A expectativa, portanto, \u00e9 de c\u00e9u azul e sem nuvens, com sensa\u00e7\u00e3o t\u00e9rmica em 28\u00b0C.<\/p>\n\n\n\n<p class=\"wp-block-paragraph\">A umidade relativa do ar fica um pouco acima de 50%, em 54%, enquanto os ventos sopram fortes, a 20 km\/h de velocidade m\u00e9dia na dire\u00e7\u00e3o oeste, com rajadas de at\u00e9 28 km\/h.<\/p>\n\n\n\n<p class=\"wp-block-paragraph\">Depois, \u00e0s 17h locais (12h de Bras\u00edlia), o grid da F1 retorna \u00e0 a\u00e7\u00e3o j\u00e1 com algumas nuvens no c\u00e9u, por\u00e9m nada de indica\u00e7\u00e3o de chuva. Os term\u00f4metros, na verdade, permanecem em 25\u00b0C, enquanto a sensa\u00e7\u00e3o t\u00e9rmica cai um pouco, ficando em 26\u00b0C.<\/p>\n\n\n\n<figure class=\"wp-block-image size-full\"><img decoding=\"async\" src=\"https:\/\/www.grandepremio.com\/br\/wp-content\/uploads\/2024\/06\/Max-Verstappen-Espanha-F1.jpg\" alt=\"\" class=\"wp-image-828862\"\/><figcaption class=\"wp-element-caption\">Max Verstappen chegando ao aut\u00f3dromo de Barcelona: expectativa \u00e9 de treinos livres com tempo bom (Foto: F1)<\/figcaption><\/figure>\n\n\n\n<p class=\"wp-block-paragraph\">A umidade relativa do ar ser\u00e1 praticamente a mesma, em 55%, assim como a velocidade m\u00e9dia dos ventos, agora na dire\u00e7\u00e3o sudeste, em 20 km\/h. As rajadas \u00e9 que aumentam, podendo atingir at\u00e9 33 km\/h.<\/p>\n\n\n\n<p class=\"wp-block-paragraph\">As informa\u00e7\u00f5es s\u00e3o do servi\u00e7o de meteorologia AccuWeather. Barcelona \u00e9 uma das pistas preferidas para as equipes pela varia\u00e7\u00e3o de elementos que combinam trechos de velocidade alta, m\u00e9dia e baixa, portanto costuma ser o palco preferido para atualiza\u00e7\u00f5es.<\/p>\n\n\n\n<p class=\"wp-block-paragraph\">O\u00a0<strong>GRANDE PR\u00caMIO<\/strong>\u00a0acompanha<strong>\u00a0<a href=\"https:\/\/www.grandepremio.com\/br\/ao-vivo\/f1\/\" target=\"_blank\" rel=\"noreferrer noopener\">AO VIVO<\/a><\/strong><a href=\"https:\/\/www.grandepremio.com\/br\/ao-vivo\/f1\/\" target=\"_blank\" rel=\"noreferrer noopener\">\u00a0e\u00a0<strong>EM\u00a0<\/strong><\/a><a href=\"https:\/\/www.grandepremio.com\/br\/ao-vivo\/\" target=\"_blank\" rel=\"noreferrer noopener\"><strong>TEMPO REAL<\/strong><\/a>\u00a0todas as atividades do\u00a0<strong>GP da Espanha<\/strong>\u00a0de\u00a0<a href=\"https:\/\/www.grandepremio.com\/br\/f1\/\" target=\"_blank\" rel=\"noreferrer noopener\">F\u00f3rmula 1<\/a>\u00a0e transmite classifica\u00e7\u00e3o e corrida em segunda tela, em parceria com a Voz do Esporte, na<strong>\u00a0<a href=\"https:\/\/www.youtube.com\/c\/GrandePremioTV\/streams\" target=\"_blank\" rel=\"noreferrer noopener\">GPTV, o canal do GP no Youtube<\/a><\/strong>. Al\u00e9m disso, debate tudo que aconteceu na pista com o\u00a0<strong>Briefing\u00a0<\/strong>ap\u00f3s treinos livres e classifica\u00e7\u00e3o, al\u00e9m de antes e depois da corrida. O fim de semana abre com o\u00a0<strong>TL1\u00a0<\/strong>na sexta-feira (21), \u00e0s 8h30 (de Bras\u00edlia, GMT-3). Depois, o\u00a0<strong>TL2\u00a0<\/strong>acontece a partir do meio-dia. No s\u00e1bado, o\u00a0<strong>TL3<\/strong>\u00a0ser\u00e1 \u00e0s 7h30, ao passo que a\u00a0<strong>classifica\u00e7\u00e3o\u00a0<\/strong>est\u00e1 marcada para as 11h. Por fim, a\u00a0<strong>largada\u00a0<\/strong>est\u00e1 marcada para as 10h do domingo.<\/p>\n\n\n\n<p class=\"wp-block-paragraph\"><strong><img decoding=\"async\" src=\"https:\/\/a.slack-edge.com\/production-standard-emoji-assets\/14.0\/google-medium\/25b6-fe0f.png\" alt=\":seta_para_frente:\">\u00a0Inscreva-se nos dois canais do GRANDE PR\u00caMIO no YouTube:\u00a0<a href=\"https:\/\/www.youtube.com\/channel\/UC9OlHEgxoaY6QY6nWPoiqQg?sub_confirmation=1\" target=\"_blank\" rel=\"noreferrer noopener\">GP<\/a>\u00a0|\u00a0<a href=\"https:\/\/www.youtube.com\/channel\/UC9csiS6q_C3C0FYhyr1rnFA?sub_confirmation=1\" target=\"_blank\" rel=\"noreferrer noopener\">GP2<\/a><\/strong><br><strong><img decoding=\"async\" src=\"https:\/\/a.slack-edge.com\/production-standard-emoji-assets\/14.0\/google-medium\/25b6-fe0f.png\" alt=\":seta_para_frente:\">\u00a0LEIA TAMB\u00c9M:<a href=\"https:\/\/es.grandepremio.com\/\" target=\"_blank\" rel=\"noreferrer noopener\">Fernando Alonso<\/a>\u00a0<a href=\"https:\/\/www.grandepremio.com\/br\/f1\/noticias\/fernando-alonso-ignora-visita-ironiza-rumores-adrian-newey-aston-martin\/\">ironiza rumores de Adrian Newey na Aston Martin<\/a><\/strong><\/p>\n\n\n\n<figure class=\"wp-block-embed is-type-video is-provider-youtube wp-block-embed-youtube wp-embed-aspect-16-9 wp-has-aspect-ratio\"><div class=\"wp-block-embed__wrapper\">\n<iframe loading=\"lazy\" title=\"DOMENICALI e a SANHA EXPANSIONISTA da F1 + Pr\u00e9via GP da Espanha | WGP\" width=\"500\" height=\"281\" src=\"https:\/\/www.youtube.com\/embed\/i0zVI3NDiMg?start=1&amp;feature=oembed\" frameborder=\"0\" allow=\"accelerometer; autoplay; clipboard-write; encrypted-media; gyroscope; picture-in-picture; web-share\" referrerpolicy=\"strict-origin-when-cross-origin\" allowfullscreen><\/iframe>\n<\/div><\/figure>\n","protected":false},"excerpt":{"rendered":"<p>Depois de duas sess\u00f5es castigadas pela chuva no Canad\u00e1, a previs\u00e3o aponta para uma sexta-feira de treinos livres de c\u00e9u azul e pista seca em Barcelona<\/p>\n","protected":false},"author":0,"featured_media":1000828861,"comment_status":"closed","ping_status":"closed","sticky":false,"template":"","format":"standard","meta":{"42wp_featured_image_caption":"","42wp_featured_image_credits":"","42wp_featured_video":"","42wp_featured_image_hidden":false,"42wp_authors_list":[],"footnotes":""},"categories":[2],"tags":[304,39969,35136,26271,5273,1877,39968,5148,147,3230,180,30909,996,1491,28285,30840,35129,33301],"42wp_author":[47147],"class_list":["post-73420","post","type-post","status-publish","format-standard","has-post-thumbnail","hentry","category-f1","tag-barcelona","tag-barcelona-2024","tag-barcelona-f1","tag-calendario-f1","tag-classificacao-f1","tag-espanha","tag-espanha-2024","tag-espanha-f1","tag-f1","tag-f1-2024","tag-formula-1","tag-formula-1-2024","tag-gp-da-espanha","tag-grande-premio","tag-grandepremio","tag-horarios-f1","tag-onde-assistir-f1","tag-temporada-2024-f1","42wp_author-luana-marino"],"_links":{"self":[{"href":"https:\/\/grandepremio.com\/br\/wp-json\/wp\/v2\/posts\/73420","targetHints":{"allow":["GET"]}}],"collection":[{"href":"https:\/\/grandepremio.com\/br\/wp-json\/wp\/v2\/posts"}],"about":[{"href":"https:\/\/grandepremio.com\/br\/wp-json\/wp\/v2\/types\/post"}],"replies":[{"embeddable":true,"href":"https:\/\/grandepremio.com\/br\/wp-json\/wp\/v2\/comments?post=73420"}],"version-history":[{"count":0,"href":"https:\/\/grandepremio.com\/br\/wp-json\/wp\/v2\/posts\/73420\/revisions"}],"wp:featuredmedia":[{"embeddable":true,"href":"https:\/\/grandepremio.com\/br\/wp-json\/wp\/v2\/media\/1000828861"}],"wp:attachment":[{"href":"https:\/\/grandepremio.com\/br\/wp-json\/wp\/v2\/media?parent=73420"}],"wp:term":[{"taxonomy":"category","embeddable":true,"href":"https:\/\/grandepremio.com\/br\/wp-json\/wp\/v2\/categories?post=73420"},{"taxonomy":"post_tag","embeddable":true,"href":"https:\/\/grandepremio.com\/br\/wp-json\/wp\/v2\/tags?post=73420"},{"taxonomy":"42wp_author","embeddable":true,"href":"https:\/\/grandepremio.com\/br\/wp-json\/wp\/v2\/42wp_author?post=73420"}],"curies":[{"name":"wp","href":"https:\/\/api.w.org\/{rel}","templated":true}]}}