{"id":73577,"date":"2024-06-20T04:00:00","date_gmt":"2024-06-20T07:00:00","guid":{"rendered":"https:\/\/grandepremio.com\/br\/noticias\/f1-parte-primeira-decisao-verdadeira-2024-gp-da-espanha-padrao-europeu\/"},"modified":"2024-06-20T11:19:33","modified_gmt":"2024-06-20T14:19:33","slug":"f1-parte-primeira-decisao-verdadeira-2024-gp-da-espanha-padrao-europeu","status":"publish","type":"post","link":"https:\/\/grandepremio.com\/br\/f1\/f1-parte-primeira-decisao-verdadeira-2024-gp-da-espanha-padrao-europeu\/","title":{"rendered":"F1 parte para primeira decis\u00e3o verdadeira em 2024 com GP da Espanha &#8216;padr\u00e3o europeu&#8217;"},"content":{"rendered":"\n<p class=\"wp-block-paragraph\">A <strong>F1 2024<\/strong> j\u00e1 <a href=\"https:\/\/www.grandepremio.com\/br\/f1\/classificacao\/\">superou o primeiro ter\u00e7o de disputa<\/a>, mas o <strong>GP da Espanha<\/strong> chega como uma esp\u00e9cie de recome\u00e7o. A prova em <strong>Barcelona <\/strong>tem toda cara de abertura de uma nova fase, afinal, por mais que o campeonato j\u00e1 esteja bem desenhado em alguns aspectos, a temporada europeia se inicia, para valer, s\u00f3 neste fim de semana.<\/p>\n\n\n\n<p class=\"wp-block-paragraph\">Das nove etapas at\u00e9 aqui realizadas, s\u00f3 duas foram em solo europeu: o <strong>GP de M\u00f4naco<\/strong>, sempre altamente peculiar, e o <strong>GP da Em\u00edlia-Romanha<\/strong>, completamente deslocado do calend\u00e1rio e ainda realizado sem boa parte das atualiza\u00e7\u00f5es que os times ter\u00e3o na <strong>Espanha<\/strong>. Ainda assim, uma corrida &#8216;padr\u00e3o europeu&#8217;. E que teve tr\u00eas equipes diferentes no p\u00f3dio, um \u00f3timo sinal.<\/p>\n\n\n\n<p class=\"wp-block-paragraph\">Mas muita \u00e1gua j\u00e1 passou por baixo daquela ponte. Novidades foram apresentadas, pacotes atualizados est\u00e3o sendo preparados para a Espanha. E \u00e9 a\u00ed que vem a import\u00e2ncia enorme da pr\u00f3xima corrida: vem uma rodada tripla, cinco corridas em seis semanas, enfim, o pr\u00f3ximo ter\u00e7o, praticamente, de campeonato agora \u00e9 todo num padr\u00e3o parecido.<\/p>\n\n\n\n<p class=\"wp-block-paragraph\">Nada no esporte \u00e9 totalmente definitivo, muito menos 100% f\u00e1cil de prever, mas a sensa\u00e7\u00e3o geral para o fim de semana na <strong>Catalunha <\/strong>\u00e9 simples: quem for bem em Barcelona tem grandes chances de comandar a perna europeia. E, quem for mal, dificilmente vai se recuperar.<\/p>\n\n\n\n<figure class=\"wp-block-image size-large\"><img decoding=\"async\" src=\"https:\/\/www.grandepremio.com\/br\/wp-content\/uploads\/2024\/06\/canada-2024-f1-corrida-red-bull-max-verstappen-07-1200x800.jpg\" alt=\"\" class=\"wp-image-825337\"\/><figcaption class=\"wp-element-caption\">Max Verstappen d\u00e1 seus jeitos de vencer, mas a Red Bull deve crescer (Foto: Red Bull Content Pool)<\/figcaption><\/figure>\n\n\n\n<p class=\"wp-block-paragraph\">Em meio ao clima de decis\u00e3o em pleno m\u00eas de junho, a <strong>Red Bull<\/strong> vive um fim de semana crucial do ponto de vista t\u00e9cnico. A verdade \u00e9 que a equipe tem sido, no m\u00ednimo, desafiada pela <strong>McLaren <\/strong>desde que os ingleses implementaram suas atualiza\u00e7\u00f5es parrudas, mas o retorno a um circuito totalmente padr\u00e3o pode resgatar o <strong>RB20 <\/strong>para a vida.<\/p>\n\n\n\n<p class=\"wp-block-paragraph\">No caso da Red Bull, \u00e9 bem verdade, n\u00e3o ter o melhor carro n\u00e3o significa terra arrasada. Para o <strong>Mundial de Construtores<\/strong>, talvez seja um golpe pesado, especialmente porque <strong>Sergio P\u00e9rez <\/strong>vive p\u00e9ssima fase. S\u00f3 que, olhando para a disputa entre os pilotos, <strong>Max Verstappen<\/strong> parece capaz de levantar mais uma ta\u00e7a se os austr\u00edacos ao menos forem capazes de encarar as principais rivais. E isso deve acontecer, convenhamos.<\/p>\n\n\n\n<p class=\"wp-block-paragraph\">Para as rivais da Red Bull, \u00e9 o oposto: h\u00e1 uma necessidade enorme em ser a melhor tecnicamente e, talvez, nem isso baste paa superar um Verstappen que parece viver uma eterna grande fase. N\u00e3o \u00e9 mais fase, claro. Assim, a luta da McLaren, que encontrou a \u00f3tima atualiza\u00e7\u00e3o semanas atr\u00e1s, \u00e9 ser o melhor carro semana ap\u00f3s semana, para permitir que <strong>Lando Norris<\/strong> possa bater de frente com o neerland\u00eas. Isso n\u00e3o parece t\u00e3o longe assim.<\/p>\n\n\n\n<p class=\"wp-block-paragraph\">No caso da <strong>Ferrari<\/strong>, a Espanha surge como uma oportunidade de apagar o vexame hist\u00f3rico passado no Canad\u00e1. E \u00e9 tamb\u00e9m uma necessidade, ali\u00e1s. Os italianos foram do c\u00e9u ao inferno sem escalas depois da vit\u00f3ria em M\u00f4naco e sa\u00edram de <strong>Montreal <\/strong>sem Q3 e sem ponto algum. Um caos total. Agora, numa pista padr\u00e3o, precisam dar uma resposta: afinal, a Ferrari verdadeira \u00e9 a de M\u00f4naco ou a do Canad\u00e1? \u00c9 poss\u00edvel que n\u00e3o seja nenhuma das duas.<\/p>\n\n\n\n<figure class=\"wp-block-image size-large\"><img decoding=\"async\" src=\"https:\/\/www.grandepremio.com\/br\/wp-content\/uploads\/2024\/06\/canada-2024-f1-corrida-ferrari-charles-leclerc-03-1200x800.jpg\" alt=\"\" class=\"wp-image-825041\"\/><figcaption class=\"wp-element-caption\">Depois do papel\u00e3o no Canad\u00e1, a Ferrari precisa reagir na Espanha (Foto: Ferrari)<\/figcaption><\/figure>\n\n\n\n<p class=\"wp-block-paragraph\">E h\u00e1 ainda uma <strong>Mercedes<\/strong>, que incrivelmente andou muito bem na Espanha em 2023. Os prateados contrariaram um pouco a l\u00f3gica de Barcelona porque, em geral, n\u00e3o tiveram uma temporada assim t\u00e3o competitiva, mas vai ser interessante voltar para l\u00e1 depois de um \u00f3timo GP do Canad\u00e1. Se a Mercedes quer brigar, pelo menos, com McLaren ou Ferrari, \u00e9 vital uma boa performance em Barcelona.<\/p>\n\n\n\n<p class=\"wp-block-paragraph\">O GP da Espanha n\u00e3o vai definir nada, mas tem todas as caracter\u00edsticas necess\u00e1rias para poder indicar um caminho para o resto da temporada: a briga entre Red Bull, McLaren e Ferrari, a Mercedes tentando chegar e, claro, a batalha sangrenta abaixo da <strong>Aston Martin.<\/strong><\/p>\n\n\n\n<p class=\"wp-block-paragraph\">A&nbsp;<a href=\"https:\/\/www.grandepremio.com\/br\/f1\/\" target=\"_blank\" rel=\"noreferrer noopener\"><\/a><a href=\"https:\/\/www.grandepremio.com\/br\/f1\/\" target=\"_blank\" rel=\"noreferrer noopener\">F\u00f3rmula 1<\/a>&nbsp;volta neste fim de semana, entre os dias&nbsp;<strong>21 e 23 de junho<\/strong>, em&nbsp;<strong>Barcelona<\/strong>, com o&nbsp;<strong>GP da&nbsp;Espanha<\/strong>, d\u00e9cima etapa da temporada 2024. O&nbsp;<strong>GRANDE PR\u00caMIO&nbsp;<\/strong>faz a cobertura completa do evento, assim como de todas as provas do ano.<\/p>\n\n\n\n<p class=\"wp-block-paragraph\"><strong><img decoding=\"async\" src=\"https:\/\/a.slack-edge.com\/production-standard-emoji-assets\/14.0\/google-medium\/25b6-fe0f.png\" alt=\":seta_para_frente:\">&nbsp;Inscreva-se nos dois canais do GRANDE PR\u00caMIO no YouTube:&nbsp;<a href=\"https:\/\/www.youtube.com\/channel\/UC9OlHEgxoaY6QY6nWPoiqQg?sub_confirmation=1\" target=\"_blank\" rel=\"noreferrer noopener\">GP<\/a>&nbsp;|&nbsp;<a href=\"https:\/\/www.youtube.com\/channel\/UC9csiS6q_C3C0FYhyr1rnFA?sub_confirmation=1\" target=\"_blank\" rel=\"noreferrer noopener\">GP2<\/a><\/strong><br><strong><img decoding=\"async\" src=\"https:\/\/a.slack-edge.com\/production-standard-emoji-assets\/14.0\/google-medium\/25b6-fe0f.png\" alt=\":seta_para_frente:\"><a href=\"https:\/\/www.twitch.tv\/grandepremio\" target=\"_blank\" rel=\"noreferrer noopener\">Conhe\u00e7a o canal do GRANDE PR\u00caMIO na Twitch clicando aqui!<\/a><\/strong><\/p>\n\n\n\n<figure class=\"wp-block-embed is-type-video is-provider-youtube wp-block-embed-youtube wp-embed-aspect-16-9 wp-has-aspect-ratio\"><div class=\"wp-block-embed__wrapper\">\n<iframe loading=\"lazy\" title=\"FERRARI brilha nas 24 HORAS DE LE MANS. E na F1? | Paddock GP #376\" width=\"500\" height=\"281\" src=\"https:\/\/www.youtube.com\/embed\/1guFnaqbWAA?feature=oembed\" frameborder=\"0\" allow=\"accelerometer; autoplay; clipboard-write; encrypted-media; gyroscope; picture-in-picture; web-share\" referrerpolicy=\"strict-origin-when-cross-origin\" allowfullscreen><\/iframe>\n<\/div><\/figure>\n","protected":false},"excerpt":{"rendered":"<p>\u00c9 como se a temporada 2024 da F1 come\u00e7asse de novo: mesmo depois de mais de um ter\u00e7o do campeonato superado e de ampla vantagem de Max Verstappen na pontua\u00e7\u00e3o, o roteiro agora tende a ser outro, com circuitos e climas muito mais pr\u00f3ximos uns dos outros na perna europeia. Come\u00e7ando pelo GP da Espanha<\/p>\n","protected":false},"author":0,"featured_media":1000574231,"comment_status":"closed","ping_status":"closed","sticky":false,"template":"","format":"standard","meta":{"42wp_featured_image_caption":"","42wp_featured_image_credits":"","42wp_featured_video":"","42wp_featured_image_hidden":false,"42wp_authors_list":[],"footnotes":""},"categories":[2],"tags":[457,524,20491,309,26271,25053,546,209,5273,211,302,147,3230,176,207,180,30909,800,14357,1491,28285,3746,119,30840,596,117,485,547,87,25553,203,90,82,4486,39772,31785,1521,35129,2916,676,204,3132,33301,612,215,597],"42wp_author":[47117],"class_list":["post-73577","post","type-post","status-publish","format-standard","has-post-thumbnail","hentry","category-f1","tag-alfa-romeo","tag-alphatauri","tag-alpine","tag-aston-martin","tag-calendario-f1","tag-canada","tag-carlos-sainz","tag-charles-leclerc","tag-classificacao-f1","tag-daniel-ricciardo","tag-esteban-ocon","tag-f1","tag-f1-2024","tag-fernando-alonso","tag-ferrari","tag-formula-1","tag-formula-1-2024","tag-george-russell","tag-gp-do-canada","tag-grande-premio","tag-grandepremio","tag-guanyu-zhou","tag-haas","tag-horarios-f1","tag-jack-doohan","tag-kevin-magnussen","tag-lance-stroll","tag-lando-norris","tag-lewis-hamilton","tag-logan-sargeant","tag-max-verstappen","tag-mclaren","tag-mercedes","tag-montreal","tag-montreal-2024","tag-montreal-f1","tag-nico-hulkenberg","tag-onde-assistir-f1","tag-oscar-piastri","tag-pierre-gasly","tag-red-bull","tag-sergio-perez","tag-temporada-2024-f1","tag-valtteri-bottas","tag-williams","tag-yuki-tsunoda","42wp_author-gabriel-curty"],"_links":{"self":[{"href":"https:\/\/grandepremio.com\/br\/wp-json\/wp\/v2\/posts\/73577","targetHints":{"allow":["GET"]}}],"collection":[{"href":"https:\/\/grandepremio.com\/br\/wp-json\/wp\/v2\/posts"}],"about":[{"href":"https:\/\/grandepremio.com\/br\/wp-json\/wp\/v2\/types\/post"}],"replies":[{"embeddable":true,"href":"https:\/\/grandepremio.com\/br\/wp-json\/wp\/v2\/comments?post=73577"}],"version-history":[{"count":0,"href":"https:\/\/grandepremio.com\/br\/wp-json\/wp\/v2\/posts\/73577\/revisions"}],"wp:featuredmedia":[{"embeddable":true,"href":"https:\/\/grandepremio.com\/br\/wp-json\/wp\/v2\/media\/1000574231"}],"wp:attachment":[{"href":"https:\/\/grandepremio.com\/br\/wp-json\/wp\/v2\/media?parent=73577"}],"wp:term":[{"taxonomy":"category","embeddable":true,"href":"https:\/\/grandepremio.com\/br\/wp-json\/wp\/v2\/categories?post=73577"},{"taxonomy":"post_tag","embeddable":true,"href":"https:\/\/grandepremio.com\/br\/wp-json\/wp\/v2\/tags?post=73577"},{"taxonomy":"42wp_author","embeddable":true,"href":"https:\/\/grandepremio.com\/br\/wp-json\/wp\/v2\/42wp_author?post=73577"}],"curies":[{"name":"wp","href":"https:\/\/api.w.org\/{rel}","templated":true}]}}