{"id":73587,"date":"2024-06-20T03:00:00","date_gmt":"2024-06-20T06:00:00","guid":{"rendered":"https:\/\/grandepremio.com\/br\/noticias\/onde-assistir-ao-vivo-gp-espanha-formula-1-2024\/"},"modified":"2024-06-20T05:12:55","modified_gmt":"2024-06-20T08:12:55","slug":"onde-assistir-ao-vivo-gp-espanha-formula-1-2024","status":"publish","type":"post","link":"https:\/\/grandepremio.com\/br\/f1\/onde-assistir-ao-vivo-gp-espanha-formula-1-2024\/","title":{"rendered":"Onde assistir ao vivo ao GP da Espanha da F\u00f3rmula 1 2024"},"content":{"rendered":"\n<p class=\"wp-block-paragraph\">Ap\u00f3s o&nbsp;ca\u00f3tico <strong>GP do Canad\u00e1<\/strong>, que ficou marcado pelas condi\u00e7\u00f5es clim\u00e1ticas adversas que embaralharam o grid, mas que ainda assim viu <strong>Max Verstappen<\/strong> levar a <strong>Red Bull<\/strong> de volta ao degrau mais alto do p\u00f3dio, a&nbsp;<strong>F\u00f3rmula 1<\/strong>&nbsp;se prepara para realizar o&nbsp;<strong>GP da Espanha<\/strong>, d\u00e9cima etapa da temporada 2024 e que teve&nbsp;o pr\u00f3prio tricampe\u00e3o como vencedor na \u00faltima edi\u00e7\u00e3o.<\/p>\n\n\n\n<p class=\"wp-block-paragraph\"><strong>Ferrari<\/strong>, <strong>McLaren<\/strong> e <strong>Mercedes<\/strong> mostraram sinais de for\u00e7a nas \u00faltimas etapas e desembarcam em <strong>Barcelona<\/strong> confiantes de que podem dificultar a vida do time comandado por <strong>Christian Horner<\/strong>. Verstappen, por sua vez, <a href=\"https:\/\/www.grandepremio.com\/br\/f1\/noticias\/max-verstappen-alfineta-sergio-perez-ao-citar-vantagem-rivais-f1-2024-eles-tem-dois-carros\/\">cobrou melhores resultados de<\/a> <strong>Sergio P\u00e9rez<\/strong>, j\u00e1 que as rivais est\u00e3o ficando cada vez mais pr\u00f3ximas na classifica\u00e7\u00e3o do Mundial de Construtores.<\/p>\n\n\n\n<p class=\"wp-block-paragraph\">As atividades de pista do\u00a0<strong>GP da Espanha<\/strong>\u00a0come\u00e7am na sexta-feira (21) com o TL1 e o TL2. A primeira sess\u00e3o est\u00e1 programada para \u00e0s 8h30\u00a0(hor\u00e1rio de Bras\u00edlia, GMT-3), com o segundo treino acontecendo \u00e0s 12h. Ambas podem ser acompanhadas atrav\u00e9s do canal fechado\u00a0<a href=\"https:\/\/teleguiado.com\/\" target=\"_blank\" rel=\"noreferrer noopener\">Band<\/a>Sports e dos\u00a0<a href=\"https:\/\/teleguiado.com\/\" target=\"_blank\" rel=\"noreferrer noopener\">streaming<\/a>s Bandplay e F1TV.<\/p>\n\n\n\n<p class=\"wp-block-paragraph\">No s\u00e1bado (22), a&nbsp;<a href=\"https:\/\/www.grandepremio.com\/br\/f1\/\" target=\"_blank\" rel=\"noreferrer noopener\">F\u00f3rmula 1<\/a>&nbsp;realiza o terceiro e \u00faltimo treino livre \u00e0s 7h30. A classifica\u00e7\u00e3o para a corrida est\u00e1 marcada para 11h. Ambas as sess\u00f5es poder\u00e3o ser acompanhadas pelo&nbsp;<a href=\"https:\/\/teleguiado.com\/\" target=\"_blank\" rel=\"noreferrer noopener\">Band<\/a>Sports, Bandplay e F1TV. A atividade que define o grid de largada, no entanto, pode ser assistida atrav\u00e9s do canal aberto Band.<\/p>\n\n\n\n<figure class=\"wp-block-image size-large\"><img decoding=\"async\" src=\"https:\/\/www.grandepremio.com\/br\/wp-content\/uploads\/2023\/06\/f1-2023-espanha-corrida-redbull-maxverstappen-06-1024x683.jpg\" alt=\"\" class=\"wp-image-691218\"\/><figcaption class=\"wp-element-caption\">Max Verstappen venceu o GP da Espanha em 2023 (Foto: Red Bull Content Pool)<\/figcaption><\/figure>\n\n\n\n<p class=\"wp-block-paragraph\"><strong><img decoding=\"async\" src=\"https:\/\/a.slack-edge.com\/production-standard-emoji-assets\/14.0\/google-medium\/25b6-fe0f.png\" alt=\":seta_para_frente:\">&nbsp;Inscreva-se nos dois canais do GRANDE PR\u00caMIO no YouTube:&nbsp;<a href=\"https:\/\/www.youtube.com\/channel\/UC9OlHEgxoaY6QY6nWPoiqQg?sub_confirmation=1\" target=\"_blank\" rel=\"noreferrer noopener\">GP<\/a>&nbsp;|&nbsp;<a href=\"https:\/\/www.youtube.com\/channel\/UC9csiS6q_C3C0FYhyr1rnFA?sub_confirmation=1\" target=\"_blank\" rel=\"noreferrer noopener\">GP2<\/a><\/strong><br><strong><img decoding=\"async\" src=\"https:\/\/a.slack-edge.com\/production-standard-emoji-assets\/14.0\/google-medium\/25b6-fe0f.png\" alt=\":seta_para_frente:\">&nbsp;<a href=\"https:\/\/www.twitch.tv\/grandepremio\" target=\"_blank\" rel=\"noreferrer noopener\">Conhe\u00e7a o canal do GRANDE PR\u00caMIO na Twitch clicando aqui!<\/a><\/strong><\/p>\n\n\n\n<p class=\"wp-block-paragraph\">Por fim, a corrida acontece no domingo (23) \u00e0s 10h e tem&nbsp;<a href=\"https:\/\/formula1aovivo.com\/\" target=\"_blank\" rel=\"noreferrer noopener\">transmiss\u00e3o<\/a>&nbsp;do canal aberto Band, do BandSports, Bandplay e&nbsp;<a href=\"https:\/\/www.grandepremio.com\/br\/f1\/\" target=\"_blank\" rel=\"noreferrer noopener\">F1&nbsp;<\/a>TV.<\/p>\n\n\n\n<p class=\"wp-block-paragraph\">O&nbsp;<strong>GRANDE PR\u00caMIO<\/strong>&nbsp;acompanha todas as atividades do&nbsp;<strong>GP da Espanha<\/strong>&nbsp;<strong><a href=\"https:\/\/www.grandepremio.com\/br\/ao-vivo\/\">EM&nbsp;<\/a><a href=\"https:\/\/www.grandepremio.com\/br\/ao-vivo\/\" target=\"_blank\" rel=\"noreferrer noopener\">TEMPO REAL<\/a><\/strong>&nbsp;e transmite classifica\u00e7\u00e3o e corrida em segunda tela, em parceria com a&nbsp;<strong>Voz do Esporte<\/strong>, na&nbsp;<strong><a href=\"https:\/\/www.youtube.com\/c\/GrandePremioTV\/streams\">GPTV<\/a><\/strong>. Al\u00e9m disso, debate tudo o que aconteceu na pista com o&nbsp;<strong>BRIEFING&nbsp;<\/strong>ap\u00f3s cada dia de atividade.<\/p>\n\n\n\n<figure class=\"wp-block-embed is-type-video is-provider-youtube wp-block-embed-youtube wp-embed-aspect-16-9 wp-has-aspect-ratio\"><div class=\"wp-block-embed__wrapper\">\n<iframe loading=\"lazy\" title=\"FERRARI brilha nas 24 HORAS DE LE MANS. E na F1? | Paddock GP #376\" width=\"500\" height=\"281\" src=\"https:\/\/www.youtube.com\/embed\/1guFnaqbWAA?feature=oembed\" frameborder=\"0\" allow=\"accelerometer; autoplay; clipboard-write; encrypted-media; gyroscope; picture-in-picture; web-share\" referrerpolicy=\"strict-origin-when-cross-origin\" allowfullscreen><\/iframe>\n<\/div><\/figure>\n","protected":false},"excerpt":{"rendered":"<p>A F\u00f3rmula 1 est\u00e1 na Espanha para a d\u00e9cima etapa da temporada 2024. Confira os hor\u00e1rios e saiba onde assistir \u00e0s atividades da categoria no fim de semana<\/p>\n","protected":false},"author":0,"featured_media":1000691147,"comment_status":"closed","ping_status":"closed","sticky":false,"template":"","format":"standard","meta":{"42wp_featured_image_caption":"","42wp_featured_image_credits":"","42wp_featured_video":"","42wp_featured_image_hidden":false,"42wp_authors_list":[],"footnotes":""},"categories":[2],"tags":[27776,34186,27487,304,35624,37759,5660,8235,37760,969,147,3230,642,11958,160,37761,180,30909,996,39864,1491,30103,28285],"42wp_author":[47160],"class_list":["post-73587","post","type-post","status-publish","format-standard","has-post-thumbnail","hentry","category-f1","tag-assistir-f1-ao-vivo","tag-assistir-f1-gratis","tag-assistir-f1-online","tag-barcelona","tag-calendario-f1-2024","tag-calendario-f1-2024-horarios","tag-classificacao","tag-classificacao-da-f1","tag-classificacao-f1-2024","tag-corrida","tag-f1","tag-f1-2024","tag-f1-ao-vivo","tag-f1-live","tag-f1-tv","tag-f1-tv-2024","tag-formula-1","tag-formula-1-2024","tag-gp-da-espanha","tag-gp-da-espanha-2024","tag-grande-premio","tag-grande-premio-f1","tag-grandepremio","42wp_author-vicente-soella"],"_links":{"self":[{"href":"https:\/\/grandepremio.com\/br\/wp-json\/wp\/v2\/posts\/73587","targetHints":{"allow":["GET"]}}],"collection":[{"href":"https:\/\/grandepremio.com\/br\/wp-json\/wp\/v2\/posts"}],"about":[{"href":"https:\/\/grandepremio.com\/br\/wp-json\/wp\/v2\/types\/post"}],"replies":[{"embeddable":true,"href":"https:\/\/grandepremio.com\/br\/wp-json\/wp\/v2\/comments?post=73587"}],"version-history":[{"count":0,"href":"https:\/\/grandepremio.com\/br\/wp-json\/wp\/v2\/posts\/73587\/revisions"}],"wp:featuredmedia":[{"embeddable":true,"href":"https:\/\/grandepremio.com\/br\/wp-json\/wp\/v2\/media\/1000691147"}],"wp:attachment":[{"href":"https:\/\/grandepremio.com\/br\/wp-json\/wp\/v2\/media?parent=73587"}],"wp:term":[{"taxonomy":"category","embeddable":true,"href":"https:\/\/grandepremio.com\/br\/wp-json\/wp\/v2\/categories?post=73587"},{"taxonomy":"post_tag","embeddable":true,"href":"https:\/\/grandepremio.com\/br\/wp-json\/wp\/v2\/tags?post=73587"},{"taxonomy":"42wp_author","embeddable":true,"href":"https:\/\/grandepremio.com\/br\/wp-json\/wp\/v2\/42wp_author?post=73587"}],"curies":[{"name":"wp","href":"https:\/\/api.w.org\/{rel}","templated":true}]}}