{"id":73630,"date":"2024-06-19T08:39:20","date_gmt":"2024-06-19T11:39:20","guid":{"rendered":"https:\/\/grandepremio.com\/br\/noticias\/williams-cita-evolucao-mas-diz-que-precisa-de-mais-para-manter-logan-sargeant-f1\/"},"modified":"2024-06-19T15:11:41","modified_gmt":"2024-06-19T18:11:41","slug":"williams-cita-evolucao-mas-diz-que-precisa-de-mais-para-manter-logan-sargeant-f1","status":"publish","type":"post","link":"https:\/\/grandepremio.com\/br\/f1\/williams-cita-evolucao-mas-diz-que-precisa-de-mais-para-manter-logan-sargeant-f1\/","title":{"rendered":"Williams cita evolu\u00e7\u00e3o, mas diz que \u201cprecisa de mais\u201d para manter Sargeant na F1"},"content":{"rendered":"\n<p class=\"wp-block-paragraph\">J\u00e1 em sua segunda temporada junto de <strong>Logan Sargeant<\/strong> na <strong>F\u00f3rmula 1<\/strong>, a <strong>Williams <\/strong>acredita que o piloto americano evoluiu em rela\u00e7\u00e3o ao ano passado. No entanto, isso ainda n\u00e3o \u00e9 o suficiente para ele seguir com a equipe em 2025. Por isso, o chefe <strong>James Vowles<\/strong> afirmou que o #2 precisa mostrar um pouco mais de seu talento para provar que \u00e9 merecedor de seguir com o time por mais algum tempo.<\/p>\n\n\n\n<p class=\"wp-block-paragraph\">Sargeant foi promovido para a <strong>F\u00f3rmula 1<\/strong> em 2023 ap\u00f3s realizar apenas uma temporada de altos e baixos na F\u00f3rmula 2. O americano claramente ainda n\u00e3o estava pronto para ser promovido, mas a <strong>Williams <\/strong>decidiu bancar a aposta. Como consequ\u00eancia, al\u00e9m dos in\u00fameros acidentes, o #2 foi superado pelo companheiro <strong>Alexander Albon<\/strong> por 27 pontos a 1.<\/p>\n\n\n\n<p class=\"wp-block-paragraph\">A <strong>Williams <\/strong>optou por dar uma nova chance ao americano e renovou o contrato de Logan. Agora, em seu segundo ano na categoria, o chefe James Vowles acredita que \u2014 ainda que esteja zerado na tabela \u2014 Sargeant apresentou alguma evolu\u00e7\u00e3o em rela\u00e7\u00e3o ao ano passado. Por\u00e9m, a performance n\u00e3o \u00e9 suficiente para se manter na vaga em 2025.<\/p>\n\n\n\n<p class=\"wp-block-paragraph\">\u201cN\u00e3o h\u00e1 d\u00favidas que por ser o segundo ano na F1, agora ele est\u00e1 ficando mais confiante. E h\u00e1 algum desempenho nisso. Mas tamb\u00e9m n\u00e3o temos carros com as mesmas especifica\u00e7\u00f5es h\u00e1 algum tempo. Parte disso ainda se deve aos preju\u00edzos causados por acidentes anteriores. Ent\u00e3o avan\u00e7amos em atualiza\u00e7\u00f5es, mas n\u00e3o conseguimos aplic\u00e1-las nos dois carros\u201d, disse o chefe da Williams.<\/p>\n\n\n\n<figure class=\"wp-block-image size-large\"><img decoding=\"async\" src=\"https:\/\/www.grandepremio.com\/br\/wp-content\/uploads\/2024\/06\/canada-2024-f1-treino-livre-williams-logan-sargeant-01-1200x800.jpg\" alt=\"\" class=\"wp-image-824367\"\/><figcaption class=\"wp-element-caption\">Logan Sargeant ainda n\u00e3o pontuou na temporada 2024 da F1 (Foto: Williams)<\/figcaption><\/figure>\n\n\n\n<p class=\"wp-block-paragraph\">\u201cEle est\u00e1 evoluindo continuamente como indiv\u00edduo, como espero que esteja nessa circunst\u00e2ncia. Ele est\u00e1 onde preciso que ele atinja o objetivo? Essa \u00e9 a grande quest\u00e3o das coisas. Precisamos de mais dele, na verdade, para podermos salvar seu lugar nesse tipo de situa\u00e7\u00e3o\u201d, finalizou Vowles.<\/p>\n\n\n\n<p class=\"wp-block-paragraph\">A&nbsp;<a href=\"https:\/\/www.grandepremio.com\/br\/f1\/\" target=\"_blank\" rel=\"noreferrer noopener\"><\/a><a href=\"https:\/\/www.grandepremio.com\/br\/f1\/\" target=\"_blank\" rel=\"noreferrer noopener\">F\u00f3rmula 1<\/a>&nbsp;volta entre os dias&nbsp;<strong>21 e 23 de junho<\/strong>, em&nbsp;<strong>Barcelona<\/strong>, com o&nbsp;<strong>GP da&nbsp;<a href=\"https:\/\/es.grandepremio.com\/\" target=\"_blank\" rel=\"noreferrer noopener\">Espanha<\/a><\/strong>, d\u00e9cima etapa da temporada 2024. O&nbsp;<strong>GRANDE PR\u00caMIO&nbsp;<\/strong>faz a cobertura completa do evento, assim como de todas as provas do ano.<\/p>\n\n\n\n<p class=\"wp-block-paragraph\"><strong>\u25b6\ufe0f Inscreva-se nos dois canais do&nbsp;GRANDE PR\u00caMIO&nbsp;no YouTube:&nbsp;<a href=\"https:\/\/www.youtube.com\/channel\/UC9OlHEgxoaY6QY6nWPoiqQg?sub_confirmation=1\">GP<\/a>&nbsp;|&nbsp;<a href=\"https:\/\/www.youtube.com\/channel\/UC9csiS6q_C3C0FYhyr1rnFA?sub_confirmation=1\">GP2<\/a><br>\u25b6\ufe0f&nbsp;<a href=\"https:\/\/www.twitch.tv\/grandepremio\">Conhe\u00e7a o canal do&nbsp;GRANDE PR\u00caMIO&nbsp;na Twitch clicando aqui!<\/a><\/strong><\/p>\n\n\n\n<figure class=\"wp-block-embed is-type-video is-provider-youtube wp-block-embed-youtube wp-embed-aspect-16-9 wp-has-aspect-ratio\"><div class=\"wp-block-embed__wrapper\">\n<iframe loading=\"lazy\" title=\"FERRARI brilha nas 24 HORAS DE LE MANS. E na F1? | Paddock GP #376\" width=\"500\" height=\"281\" src=\"https:\/\/www.youtube.com\/embed\/1guFnaqbWAA?feature=oembed\" frameborder=\"0\" allow=\"accelerometer; autoplay; clipboard-write; encrypted-media; gyroscope; picture-in-picture; web-share\" referrerpolicy=\"strict-origin-when-cross-origin\" allowfullscreen><\/iframe>\n<\/div><\/figure>\n","protected":false},"excerpt":{"rendered":"<p>James Vowles, chefe da Williams, reconhece que Logan Sargeant evoluiu como piloto na F1, mas refor\u00e7ou que o desempenho ainda n\u00e3o \u00e9 o suficiente para seguir com a equipe<\/p>\n","protected":false},"author":0,"featured_media":1000823783,"comment_status":"closed","ping_status":"closed","sticky":false,"template":"","format":"standard","meta":{"42wp_featured_image_caption":"","42wp_featured_image_credits":"","42wp_featured_video":"","42wp_featured_image_hidden":false,"42wp_authors_list":[],"footnotes":""},"categories":[2],"tags":[654,1491,28285,4149,25553,33636,32945,215,25011,33777],"42wp_author":[47149],"class_list":["post-73630","post","type-post","status-publish","format-standard","has-post-thumbnail","hentry","category-f1","tag-alexander-albon","tag-grande-premio","tag-grandepremio","tag-james-vowles","tag-logan-sargeant","tag-sargeant","tag-vowles","tag-williams","tag-williams-f1","tag-williams-formula-1","42wp_author-bernardo-castro"],"_links":{"self":[{"href":"https:\/\/grandepremio.com\/br\/wp-json\/wp\/v2\/posts\/73630","targetHints":{"allow":["GET"]}}],"collection":[{"href":"https:\/\/grandepremio.com\/br\/wp-json\/wp\/v2\/posts"}],"about":[{"href":"https:\/\/grandepremio.com\/br\/wp-json\/wp\/v2\/types\/post"}],"replies":[{"embeddable":true,"href":"https:\/\/grandepremio.com\/br\/wp-json\/wp\/v2\/comments?post=73630"}],"version-history":[{"count":0,"href":"https:\/\/grandepremio.com\/br\/wp-json\/wp\/v2\/posts\/73630\/revisions"}],"wp:featuredmedia":[{"embeddable":true,"href":"https:\/\/grandepremio.com\/br\/wp-json\/wp\/v2\/media\/1000823783"}],"wp:attachment":[{"href":"https:\/\/grandepremio.com\/br\/wp-json\/wp\/v2\/media?parent=73630"}],"wp:term":[{"taxonomy":"category","embeddable":true,"href":"https:\/\/grandepremio.com\/br\/wp-json\/wp\/v2\/categories?post=73630"},{"taxonomy":"post_tag","embeddable":true,"href":"https:\/\/grandepremio.com\/br\/wp-json\/wp\/v2\/tags?post=73630"},{"taxonomy":"42wp_author","embeddable":true,"href":"https:\/\/grandepremio.com\/br\/wp-json\/wp\/v2\/42wp_author?post=73630"}],"curies":[{"name":"wp","href":"https:\/\/api.w.org\/{rel}","templated":true}]}}