{"id":73642,"date":"2024-06-19T04:45:00","date_gmt":"2024-06-19T07:45:00","guid":{"rendered":"https:\/\/grandepremio.com\/br\/noticias\/marco-bezzecchi-culpa-pneus-michelin-problemas-motogp-2024-bomba-atomica\/"},"modified":"2024-06-18T17:13:03","modified_gmt":"2024-06-18T20:13:03","slug":"marco-bezzecchi-culpa-pneus-michelin-problemas-motogp-2024-bomba-atomica","status":"publish","type":"post","link":"https:\/\/grandepremio.com\/br\/motogp\/marco-bezzecchi-culpa-pneus-michelin-problemas-motogp-2024-bomba-atomica\/","title":{"rendered":"Bezzecchi culpa pneus Michelin por problemas na MotoGP 2024: &#8220;Uma bomba at\u00f4mica&#8221;"},"content":{"rendered":"\n<p class=\"wp-block-paragraph\">A temporada 2024 de <strong>Marco Bezzecchi<\/strong> n\u00e3o \u00e9 das mais positivas na <strong>MotoGP<\/strong>. Depois de brigar pelo t\u00edtulo no ano passado, come\u00e7ou mal o atual campeonato e est\u00e1 apenas no 11\u00ba lugar, com 45 pontos e apenas um p\u00f3dio conquistado.<\/p>\n\n\n\n<p class=\"wp-block-paragraph\">Para o piloto italiano da <strong>VR46<\/strong>, n\u00e3o apenas a moto defasada da <strong>Ducati <\/strong>tem sido um problema, especialmente por vibra\u00e7\u00f5es nas frenagens, mas tamb\u00e9m dos pneus <strong>Michelin <\/strong>usados na classe rainha do Mundial de Motovelocidade.<\/p>\n\n\n\n<p class=\"wp-block-paragraph\">&#8220;Sofri muito pela mudan\u00e7a na constru\u00e7\u00e3o dos pneus. Ali come\u00e7aram todos os problemas porque, no fim, a moto n\u00e3o \u00e9 t\u00e3o diferente da que tinha no ano passado. No come\u00e7o, pensei que tinha uma grande diferen\u00e7a, mas na realidade a maior altera\u00e7\u00e3o foi no pneu&#8221;, disse o <strong>#72<\/strong>.<\/p>\n\n\n\n<p class=\"wp-block-paragraph\">&#8220;Comecei a ter problemas desde que fizeram essa mudan\u00e7a na constru\u00e7\u00e3o dos pneus. Os compostos funcionam muito bem, s\u00e3o realmente bombas at\u00f4micas. Mas quando os pneus n\u00e3o s\u00e3o bons, nem sempre \u00e9 uma vantagem. Pessoalmente, me causou mais dificuldades&#8221;, afirmou.<\/p>\n\n\n\n<figure class=\"wp-block-image size-large\"><img decoding=\"async\" src=\"https:\/\/www.grandepremio.com\/br\/wp-content\/uploads\/2024\/05\/000_34RB9JQ-1200x800.jpg\" alt=\"\" class=\"wp-image-812166\"\/><figcaption class=\"wp-element-caption\">Marco Bezzecchi tem sofrido com quedas em 2024 (Foto: AFP)<\/figcaption><\/figure>\n\n\n\n<p class=\"wp-block-paragraph\"><strong>\u25b6\ufe0f Inscreva-se nos dois canais do\u00a0GRANDE PR\u00caMIO\u00a0no YouTube:\u00a0<a href=\"https:\/\/www.youtube.com\/channel\/UC9OlHEgxoaY6QY6nWPoiqQg?sub_confirmation=1\">GP<\/a>\u00a0|\u00a0<a href=\"https:\/\/www.youtube.com\/channel\/UC9csiS6q_C3C0FYhyr1rnFA?sub_confirmation=1\">GP2<\/a><br>\u25b6\ufe0f\u00a0<a href=\"https:\/\/www.twitch.tv\/grandepremio\">Conhe\u00e7a o canal do\u00a0GRANDE PR\u00caMIO\u00a0na Twitch clicando aqui!<\/a><\/strong><\/p>\n\n\n\n<p class=\"wp-block-paragraph\">&#8220;N\u00e3o consigo que a moto vire, assim acabo com o pneu dianteiro. Em Barcelona e Mugello, o desgaste na frente \u00e9 muito severo e estava sofrente particularmente na It\u00e1lia&#8221;, finalizou Marco.<\/p>\n\n\n\n<p class=\"wp-block-paragraph\">At\u00e9 o momento, Bezzecchi n\u00e3o possui contrato assinado para a temporada 2025 da MotoGP e estuda propostas. Uma op\u00e7\u00e3o \u00e9 ficar na <strong>VR46<\/strong>, que pode ganhar motos de f\u00e1brica no ano que vem, ou seguir para a <strong>Aprilia<\/strong>, que j\u00e1 indicou o desejo de ter um piloto italiano na equipe principal.<\/p>\n\n\n\n<p class=\"wp-block-paragraph\">A\u00a0<strong><a href=\"https:\/\/grandepremio.com\/motogp\/\" target=\"_blank\" rel=\"noreferrer noopener\">MotoGP<\/a><\/strong>\u00a0volta a acelerar entre 28 de 30 de junho para o\u00a0<strong>GP da Holanda<\/strong>, em\u00a0<strong><a href=\"https:\/\/www.grandepremio.com\/br\/circuito\/assen\/\" target=\"_blank\" rel=\"noreferrer noopener\">Assen<\/a><\/strong>, com a 8\u00aa etapa da temporada 2024. O\u00a0<strong>GRANDE PR\u00caMIO\u00a0<\/strong>faz a cobertura completa do evento, assim como das outras classes do\u00a0<strong>Mundial de\u00a0<a href=\"https:\/\/www.grandepremio.com\/motovelocidade\/\" target=\"_blank\" rel=\"noreferrer noopener\">Motovelocidade<\/a><\/strong>\u00a0durante todo o ano.<\/p>\n\n\n\n<figure class=\"wp-block-embed is-type-video is-provider-youtube wp-block-embed-youtube wp-embed-aspect-16-9 wp-has-aspect-ratio\"><div class=\"wp-block-embed__wrapper\">\n<iframe loading=\"lazy\" title=\"MOTOGP entrega agita\u00e7\u00e3o no MERCADO e ganha nova cara para 2025 | GP \u00e0s 10\" width=\"500\" height=\"281\" src=\"https:\/\/www.youtube.com\/embed\/Zaw2hukZEPA?feature=oembed\" frameborder=\"0\" allow=\"accelerometer; autoplay; clipboard-write; encrypted-media; gyroscope; picture-in-picture; web-share\" referrerpolicy=\"strict-origin-when-cross-origin\" allowfullscreen><\/iframe>\n<\/div><\/figure>\n","protected":false},"excerpt":{"rendered":"<p>Marco Bezzecchi tem convivido com problemas e quedas no in\u00edcio da temporada 2024. Al\u00e9m da adapta\u00e7\u00e3o \u00e0 moto da Ducati, o italiano da VR46 v\u00ea a mudan\u00e7a na fabrica\u00e7\u00e3o dos pneus da Michelin como culpada pela falta de performance<\/p>\n","protected":false},"author":0,"featured_media":1000821529,"comment_status":"closed","ping_status":"closed","sticky":false,"template":"","format":"standard","meta":{"42wp_featured_image_caption":"","42wp_featured_image_credits":"","42wp_featured_video":"","42wp_featured_image_hidden":false,"42wp_authors_list":[],"footnotes":""},"categories":[8],"tags":[5214,131,28285,2287,2375,79,78,34329,37693,37691,37692,25819,29345,28766,37694,26690,81],"42wp_author":[47135],"class_list":["post-73642","post","type-post","status-publish","format-standard","has-post-thumbnail","hentry","category-motogp","tag-classificacao-motogp","tag-ducati","tag-grandepremio","tag-marco-bezzecchi","tag-michelin","tag-moto-gp","tag-motogp","tag-motogp-2024","tag-motogp-2024-calendario","tag-motogp-calendario-2024","tag-motogp-classificacao-2024","tag-motogp-hoje","tag-motogp-horario","tag-motogp-standings","tag-onde-assistir-motogp-2024","tag-pilotos-motogp","tag-vr46","42wp_author-pedro-luis-cuenca"],"_links":{"self":[{"href":"https:\/\/grandepremio.com\/br\/wp-json\/wp\/v2\/posts\/73642","targetHints":{"allow":["GET"]}}],"collection":[{"href":"https:\/\/grandepremio.com\/br\/wp-json\/wp\/v2\/posts"}],"about":[{"href":"https:\/\/grandepremio.com\/br\/wp-json\/wp\/v2\/types\/post"}],"replies":[{"embeddable":true,"href":"https:\/\/grandepremio.com\/br\/wp-json\/wp\/v2\/comments?post=73642"}],"version-history":[{"count":0,"href":"https:\/\/grandepremio.com\/br\/wp-json\/wp\/v2\/posts\/73642\/revisions"}],"wp:featuredmedia":[{"embeddable":true,"href":"https:\/\/grandepremio.com\/br\/wp-json\/wp\/v2\/media\/1000821529"}],"wp:attachment":[{"href":"https:\/\/grandepremio.com\/br\/wp-json\/wp\/v2\/media?parent=73642"}],"wp:term":[{"taxonomy":"category","embeddable":true,"href":"https:\/\/grandepremio.com\/br\/wp-json\/wp\/v2\/categories?post=73642"},{"taxonomy":"post_tag","embeddable":true,"href":"https:\/\/grandepremio.com\/br\/wp-json\/wp\/v2\/tags?post=73642"},{"taxonomy":"42wp_author","embeddable":true,"href":"https:\/\/grandepremio.com\/br\/wp-json\/wp\/v2\/42wp_author?post=73642"}],"curies":[{"name":"wp","href":"https:\/\/api.w.org\/{rel}","templated":true}]}}