{"id":73707,"date":"2024-06-18T10:00:00","date_gmt":"2024-06-18T13:00:00","guid":{"rendered":"https:\/\/grandepremio.com\/br\/noticias\/sem-nico-hulkenberg-qual-pode-ser-dupla-pilotos-ideal-para-haas-f1\/"},"modified":"2024-06-18T09:39:39","modified_gmt":"2024-06-18T12:39:39","slug":"sem-nico-hulkenberg-qual-pode-ser-dupla-pilotos-ideal-para-haas-f1","status":"publish","type":"post","link":"https:\/\/grandepremio.com\/br\/f1\/sem-nico-hulkenberg-qual-pode-ser-dupla-pilotos-ideal-para-haas-f1\/","title":{"rendered":"Sem H\u00fclkenberg, qual pode ser a dupla de pilotos ideal para a Haas na F1?"},"content":{"rendered":"\n<p class=\"wp-block-paragraph\"><strong>Nico H\u00fclkenberg<\/strong><a href=\"https:\/\/www.grandepremio.com\/br\/f1\/noticias\/nico-hulkenberg-faz-acordo-multianual-audi-corre-sauber-temporada-2025-f1\/\"> j\u00e1 confirmou que n\u00e3o vai seguir com a <strong>Haas<\/strong><\/a><strong> <\/strong>em 2025 e vai se juntar \u00e0 <strong>Sauber <\/strong>para embarcar no projeto da <strong>Audi <\/strong>na <strong>F\u00f3rmula 1<\/strong>, que come\u00e7a em 2026. O piloto alem\u00e3o, no entanto, se mostrou como uma figura essencial para a evolu\u00e7\u00e3o da equipe americana e foi respons\u00e1vel por seis dos sete pontos conquistados at\u00e9 agora no <strong>Mundial de Construtores<\/strong>.<\/p>\n\n\n\n<p class=\"wp-block-paragraph\">A Haas precisa se mexer para suprir a falta de H\u00fclkenberg e j\u00e1<a href=\"https:\/\/www.grandepremio.com\/br\/f1\/noticias\/haas-oliver-bearman-tl1-espanha-lugar-nico-hulkenberg-reitera-avaliacao\/\"> olha com aten\u00e7\u00e3o para o mercado de pilotos<\/a>. O chefe <strong>Ayao Komatsu<\/strong> sugeriu que a equipe est\u00e1 em busca de formar uma dupla composta por um piloto jovem e outro experiente.&nbsp;<\/p>\n\n\n\n<p class=\"wp-block-paragraph\">E tr\u00eas nomes s\u00e3o fortes candidatos \u00e0s vagas:<strong> Kevin Magnussen<\/strong>, <strong>Esteban Ocon<\/strong> e <strong>Oliver Bearman<\/strong>. Mas qual deles \u00e9 o melhor para a <strong>Haas<\/strong>?<strong> Bernardo Castro<\/strong> analisa.<\/p>\n\n\n\n<p class=\"wp-block-paragraph\"><strong>\u25b6\ufe0f Inscreva-se nos dois canais do\u00a0GRANDE PR\u00caMIO\u00a0no YouTube:\u00a0<a href=\"https:\/\/www.youtube.com\/channel\/UC9OlHEgxoaY6QY6nWPoiqQg?sub_confirmation=1\">GP<\/a>\u00a0|\u00a0<a href=\"https:\/\/www.youtube.com\/channel\/UC9csiS6q_C3C0FYhyr1rnFA?sub_confirmation=1\">GP2<\/a><br>\u25b6\ufe0f\u00a0<a href=\"https:\/\/www.twitch.tv\/grandepremio\">Conhe\u00e7a o canal do\u00a0GRANDE PR\u00caMIO\u00a0na Twitch clicando aqui!<\/a><\/strong><\/p>\n\n\n\n<figure class=\"wp-block-embed is-type-rich is-provider-incorporar-manipulador wp-block-embed-incorporar-manipulador wp-embed-aspect-16-9 wp-has-aspect-ratio\"><div class=\"wp-block-embed__wrapper\">\n<iframe loading=\"lazy\" title=\"Sem H\u00fclkenberg, qual pode ser a DUPLA DE PILOTOS IDEAL para a Haas na F1? | GP \u00e0s 10\" width=\"500\" height=\"281\" src=\"https:\/\/www.youtube.com\/embed\/wMZNWJvXrsE?feature=oembed\" frameborder=\"0\" allow=\"accelerometer; autoplay; clipboard-write; encrypted-media; gyroscope; picture-in-picture; web-share\" referrerpolicy=\"strict-origin-when-cross-origin\" allowfullscreen><\/iframe>\n<\/div><\/figure>\n","protected":false},"excerpt":{"rendered":"<p>A Haas ainda n\u00e3o anunciou sua dupla para 2025 e tem Esteban Ocon, Kevin Magnussen e Oliver Bearman como os principais candidatos a assumirem um assento. Mas qual a melhor op\u00e7\u00e3o para a equipe?<\/p>\n","protected":false},"author":0,"featured_media":1000827988,"comment_status":"closed","ping_status":"closed","sticky":false,"template":"","format":"standard","meta":{"42wp_featured_image_caption":"","42wp_featured_image_credits":"","42wp_featured_video":"","42wp_featured_image_hidden":false,"42wp_authors_list":[],"footnotes":""},"categories":[2],"tags":[7499,302,147,3230,180,1491,28285,119,14495,117,15373,208,12829,29923],"42wp_author":[47149],"class_list":["post-73707","post","type-post","status-publish","format-standard","has-post-thumbnail","hentry","category-f1","tag-ayao-komatsu","tag-esteban-ocon","tag-f1","tag-f1-2024","tag-formula-1","tag-grande-premio","tag-grandepremio","tag-haas","tag-haas-f1","tag-kevin-magnussen","tag-magnussen","tag-mercado-de-pilotos","tag-ocon","tag-oliver-bearman","42wp_author-bernardo-castro"],"_links":{"self":[{"href":"https:\/\/grandepremio.com\/br\/wp-json\/wp\/v2\/posts\/73707","targetHints":{"allow":["GET"]}}],"collection":[{"href":"https:\/\/grandepremio.com\/br\/wp-json\/wp\/v2\/posts"}],"about":[{"href":"https:\/\/grandepremio.com\/br\/wp-json\/wp\/v2\/types\/post"}],"replies":[{"embeddable":true,"href":"https:\/\/grandepremio.com\/br\/wp-json\/wp\/v2\/comments?post=73707"}],"version-history":[{"count":0,"href":"https:\/\/grandepremio.com\/br\/wp-json\/wp\/v2\/posts\/73707\/revisions"}],"wp:featuredmedia":[{"embeddable":true,"href":"https:\/\/grandepremio.com\/br\/wp-json\/wp\/v2\/media\/1000827988"}],"wp:attachment":[{"href":"https:\/\/grandepremio.com\/br\/wp-json\/wp\/v2\/media?parent=73707"}],"wp:term":[{"taxonomy":"category","embeddable":true,"href":"https:\/\/grandepremio.com\/br\/wp-json\/wp\/v2\/categories?post=73707"},{"taxonomy":"post_tag","embeddable":true,"href":"https:\/\/grandepremio.com\/br\/wp-json\/wp\/v2\/tags?post=73707"},{"taxonomy":"42wp_author","embeddable":true,"href":"https:\/\/grandepremio.com\/br\/wp-json\/wp\/v2\/42wp_author?post=73707"}],"curies":[{"name":"wp","href":"https:\/\/api.w.org\/{rel}","templated":true}]}}