{"id":73755,"date":"2024-06-17T14:10:40","date_gmt":"2024-06-17T17:10:40","guid":{"rendered":"https:\/\/grandepremio.com\/br\/noticias\/alpine-estuda-abandonar-motor-renault-busca-fornecedora-f1-2026\/"},"modified":"2024-06-18T12:03:47","modified_gmt":"2024-06-18T15:03:47","slug":"alpine-estuda-abandonar-motor-renault-busca-fornecedora-f1-2026","status":"publish","type":"post","link":"https:\/\/grandepremio.com\/br\/f1\/alpine-estuda-abandonar-motor-renault-busca-fornecedora-f1-2026\/","title":{"rendered":"Alpine estuda abandonar motor Renault e busca fornecedora para F1 2026"},"content":{"rendered":"\n<p class=\"wp-block-paragraph\">A <strong>Alpine <\/strong>vive um momento dif\u00edcil na <strong>F\u00f3rmula 1<\/strong>. Apesar do grande esfor\u00e7o financeiro, com investimentos, mas n\u00e3o tem visto isso se reverter em bons resultados dentro das pistas. Por isso, a montadora francesa estuda abandonar os motores <strong>Renault <\/strong>a partir de 2026 e iniciou conversas com outras fabricantes para se tornar uma cliente dentro do grid, segundo a revista inglesa <em>Autosport<\/em>.<\/p>\n\n\n\n<p class=\"wp-block-paragraph\">De acordo com a publica\u00e7\u00e3o, a <strong>Alpine <\/strong>e <strong>Renault <\/strong>ainda n\u00e3o encontraram pontos de mudan\u00e7a no projeto, mesmo com o dif\u00edcil in\u00edcio de temporada na F1. Atualmente, a unidade de pot\u00eancia usada pela montadora francesa possui menos pot\u00eancia do que as rivais e n\u00e3o h\u00e1 uma esperan\u00e7a de cen\u00e1rio diferente com a nova gera\u00e7\u00e3o de motores, a partir de 2026.<\/p>\n\n\n\n<p class=\"wp-block-paragraph\"><strong>Bruno Famin<\/strong>, chefe da Alpine, j\u00e1 iniciou conversas com outras outras fabricantes para conhecer as alternativas dispon\u00edveis. A publica\u00e7\u00e3o aponta que, para fugir do risco de usar o nome de outra montadora em seus carros, a <strong>Red Bull<\/strong> \u2014 que est\u00e1 fabricando as pr\u00f3prias unidades de pot\u00eancia para o futuro \u2014 surge como op\u00e7\u00e3o favorita.<\/p>\n\n\n\n<p class=\"wp-block-paragraph\">Em recente entrevista, <strong>Christian Horner<\/strong>, chefe da Red Bull, j\u00e1 comentou a possibilidade de ser fornecedor de motores para outros times da F1. &#8220;Acho que precisamos nos estabelecer primeiro, n\u00e3o queremos nos sobrecarregar. Servir duas equipes em 2026 j\u00e1 \u00e9 al\u00e9m do cen\u00e1rio esperado para o primeiro ano&#8221;, destacou.<\/p>\n\n\n\n<figure class=\"wp-block-image size-large\"><img decoding=\"async\" src=\"https:\/\/www.grandepremio.com\/br\/wp-content\/uploads\/2024\/06\/canada-2024-f1-treino-livre-alpine-pierre-gasly-01-1200x800.jpg\" alt=\"\" class=\"wp-image-823981\"\/><figcaption class=\"wp-element-caption\">Alpine busca solu\u00e7\u00f5es para ter novo motor a partir de 2026 (Foto: Alpine)<\/figcaption><\/figure>\n\n\n\n<p class=\"wp-block-paragraph\"><strong>\u25b6\ufe0f Inscreva-se nos dois canais do&nbsp;GRANDE PR\u00caMIO&nbsp;no YouTube:&nbsp;<a href=\"https:\/\/www.youtube.com\/channel\/UC9OlHEgxoaY6QY6nWPoiqQg?sub_confirmation=1\">GP<\/a>&nbsp;|&nbsp;<a href=\"https:\/\/www.youtube.com\/channel\/UC9csiS6q_C3C0FYhyr1rnFA?sub_confirmation=1\">GP2<\/a><br>\u25b6\ufe0f&nbsp;<a href=\"https:\/\/www.twitch.tv\/grandepremio\">Conhe\u00e7a o canal do&nbsp;GRANDE PR\u00caMIO&nbsp;na Twitch clicando aqui!<\/a><\/strong><\/p>\n\n\n\n<p class=\"wp-block-paragraph\">O futuro da&nbsp;<strong>Alpine&nbsp;<\/strong>segue cercado de indefini\u00e7\u00f5es na&nbsp;<strong><a href=\"https:\/\/www.grandepremio.com\/br\/f1\/\" target=\"_blank\" rel=\"noreferrer noopener\">F\u00f3rmula 1<\/a><\/strong>. Nos bastidores, diversas mudan\u00e7as em \u00e1reas internas e muitas especula\u00e7\u00f5es de que a equipe pode ser vendida pela&nbsp;<strong>Renault<\/strong>, que controla suas opera\u00e7\u00f5es. &nbsp;Apesar disso, o diretor-executivo da Renault,&nbsp;<strong>Luca de Meo<\/strong>, <a href=\"https:\/\/www.grandepremio.com\/br\/f1\/noticias\/ceo-renault-descarta-venda-alpine-formula-1-nao-precisamos-dinheiro\/\">descarta qualquer negocia\u00e7\u00e3o para vender o time<\/a>.<\/p>\n\n\n\n<p class=\"wp-block-paragraph\">\u201cQuero deixar isso bem claro, n\u00e3o vamos desistir de jeito nenhum. N\u00e3o \u00e9 meu estilo. N\u00e3o vamos vender nem uma parte disso aqui. N\u00e3o precisamos do dinheiro. Temos ofertas de todos os cantos, depois as pessoas comentam na imprensa sobre isso, mas n\u00e3o estamos interessamos. Seria idiota e n\u00e3o farei\u201d, disse em entrevista \u00e0 revista&nbsp;<em>Autocar<\/em>.<\/p>\n\n\n\n<p class=\"wp-block-paragraph\">Neste momento, ap\u00f3s nove etapas disputadas na temporada 2024, a Alpine aparece apenas na oitava posi\u00e7\u00e3o do <strong>Mundial de Construtores<\/strong>, com 5 pontos marcados pela dupla&nbsp;<strong>Pierre Gasly&nbsp;<\/strong>e&nbsp;<strong><a href=\"https:\/\/www.grandepremio.com\/br\/piloto\/esteban-ocon\/\" target=\"_blank\" rel=\"noreferrer noopener\">Esteban Ocon<\/a><\/strong>.<\/p>\n\n\n\n<p class=\"wp-block-paragraph\">A&nbsp;<a href=\"https:\/\/www.grandepremio.com\/br\/f1\/\" target=\"_blank\" rel=\"noreferrer noopener\"><\/a><a href=\"https:\/\/www.grandepremio.com\/br\/f1\/\" target=\"_blank\" rel=\"noreferrer noopener\">F\u00f3rmula 1<\/a>&nbsp;volta entre os dias&nbsp;<strong>21 e 23 de junho<\/strong>, em&nbsp;<strong>Barcelona<\/strong>, com o&nbsp;<strong>GP da&nbsp;<a href=\"https:\/\/es.grandepremio.com\/\" target=\"_blank\" rel=\"noreferrer noopener\">Espanha<\/a><\/strong>, d\u00e9cima etapa da temporada 2024.<\/p>\n\n\n\n<figure class=\"wp-block-embed is-type-video is-provider-youtube wp-block-embed-youtube wp-embed-aspect-16-9 wp-has-aspect-ratio\"><div class=\"wp-block-embed__wrapper\">\n<iframe loading=\"lazy\" title=\"Red Bull vivendo de APAR\u00caNCIAS na F1 2024 + 24H de Le Mans + Mercado da MotoGP | WGP\" width=\"500\" height=\"281\" src=\"https:\/\/www.youtube.com\/embed\/UFqTq0-1djs?feature=oembed\" frameborder=\"0\" allow=\"accelerometer; autoplay; clipboard-write; encrypted-media; gyroscope; picture-in-picture; web-share\" referrerpolicy=\"strict-origin-when-cross-origin\" allowfullscreen><\/iframe>\n<\/div><\/figure>\n","protected":false},"excerpt":{"rendered":"<p>A Alpine segue com cen\u00e1rio conturbado na F\u00f3rmula 1 e agora estuda usar motores de outra fornecedora a partir de 2026, j\u00e1 que as unidades de pot\u00eancia da Renault n\u00e3o agradam em quest\u00e3o de desempenho<\/p>\n","protected":false},"author":0,"featured_media":1000824596,"comment_status":"closed","ping_status":"closed","sticky":false,"template":"","format":"standard","meta":{"42wp_featured_image_caption":"","42wp_featured_image_credits":"","42wp_featured_video":"","42wp_featured_image_hidden":false,"42wp_authors_list":[],"footnotes":""},"categories":[2],"tags":[20491,26271,5273,147,3230,180,30909,1491,28285,30840,35129,229,33301],"42wp_author":[47135],"class_list":["post-73755","post","type-post","status-publish","format-standard","has-post-thumbnail","hentry","category-f1","tag-alpine","tag-calendario-f1","tag-classificacao-f1","tag-f1","tag-f1-2024","tag-formula-1","tag-formula-1-2024","tag-grande-premio","tag-grandepremio","tag-horarios-f1","tag-onde-assistir-f1","tag-renault","tag-temporada-2024-f1","42wp_author-pedro-luis-cuenca"],"_links":{"self":[{"href":"https:\/\/grandepremio.com\/br\/wp-json\/wp\/v2\/posts\/73755","targetHints":{"allow":["GET"]}}],"collection":[{"href":"https:\/\/grandepremio.com\/br\/wp-json\/wp\/v2\/posts"}],"about":[{"href":"https:\/\/grandepremio.com\/br\/wp-json\/wp\/v2\/types\/post"}],"replies":[{"embeddable":true,"href":"https:\/\/grandepremio.com\/br\/wp-json\/wp\/v2\/comments?post=73755"}],"version-history":[{"count":0,"href":"https:\/\/grandepremio.com\/br\/wp-json\/wp\/v2\/posts\/73755\/revisions"}],"wp:featuredmedia":[{"embeddable":true,"href":"https:\/\/grandepremio.com\/br\/wp-json\/wp\/v2\/media\/1000824596"}],"wp:attachment":[{"href":"https:\/\/grandepremio.com\/br\/wp-json\/wp\/v2\/media?parent=73755"}],"wp:term":[{"taxonomy":"category","embeddable":true,"href":"https:\/\/grandepremio.com\/br\/wp-json\/wp\/v2\/categories?post=73755"},{"taxonomy":"post_tag","embeddable":true,"href":"https:\/\/grandepremio.com\/br\/wp-json\/wp\/v2\/tags?post=73755"},{"taxonomy":"42wp_author","embeddable":true,"href":"https:\/\/grandepremio.com\/br\/wp-json\/wp\/v2\/42wp_author?post=73755"}],"curies":[{"name":"wp","href":"https:\/\/api.w.org\/{rel}","templated":true}]}}