{"id":73791,"date":"2024-06-17T08:13:44","date_gmt":"2024-06-17T11:13:44","guid":{"rendered":"https:\/\/grandepremio.com\/br\/noticias\/fia-planeja-testes-coletivos-barcelona-bahrein-pre-temporada-f1-2026\/"},"modified":"2024-06-17T08:24:36","modified_gmt":"2024-06-17T11:24:36","slug":"fia-planeja-testes-coletivos-barcelona-bahrein-pre-temporada-f1-2026","status":"publish","type":"post","link":"https:\/\/grandepremio.com\/br\/f1\/fia-planeja-testes-coletivos-barcelona-bahrein-pre-temporada-f1-2026\/","title":{"rendered":"FIA planeja testes coletivos em Barcelona e Bahrein para pr\u00e9-temporada da F1 2026"},"content":{"rendered":"\n<p class=\"wp-block-paragraph\">Com um novo regulamento \u00e0 vista, a<strong> Federa\u00e7\u00e3o Internacional de Automobilismo<\/strong> (<strong>FIA<\/strong>) planeja mais tr\u00eas dias de testes coletivos na pr\u00e9-temporada da <strong>F\u00f3rmula 1 2026 <\/strong>em <strong>Barcelona<\/strong>. As sess\u00f5es que j\u00e1 acontecem em <strong>Sakhir<\/strong>, no <strong>Bahrein<\/strong>, ser\u00e3o mantidas, da mesma forma como aconteceu em <strong>2022<\/strong>, ano em que entrou em vigor as regras atuais.<\/p>\n\n\n\n<p class=\"wp-block-paragraph\">A informa\u00e7\u00e3o \u00e9 da revista alem\u00e3 <em>Auto Motor und Sport<\/em> desta segunda-feira (17). Segundo a publica\u00e7\u00e3o, apesar de n\u00e3o oficial, a decis\u00e3o j\u00e1 est\u00e1 tomada por conta da grande mudan\u00e7a que os carros sofrer\u00e3o. Al\u00e9m da nova gera\u00e7\u00e3o de motores, com a parte el\u00e9trica ampliada e constru\u00eddos para funcionarem com combust\u00edvel 100% sustent\u00e1vel, a aerodin\u00e2mica tamb\u00e9m ter\u00e1 modifica\u00e7\u00f5es significativas.<\/p>\n\n\n\n<p class=\"wp-block-paragraph\">Essa parte, ali\u00e1s, ainda tem sido alvo de bastante discuss\u00e3o. Na passagem da F1 pelo <strong>Canad\u00e1<\/strong>, h\u00e1 duas semanas, as equipes se reuniram com o CEO da categoria, <strong>Stefano Domenicali<\/strong>, <a href=\"https:\/\/www.grandepremio.com\/br\/f1\/noticias\/chefes-equipe-contestam-fia-aprovacao-aerodinamica-ativa-reunem-canada\/\">para debater o conceito apresentado de aerodin\u00e2mica ativa<\/a>, que traz asas traseira e dianteira m\u00f3veis. A novidade \u00e9 para acomodar as novas unidades de pot\u00eancia sem que haja perda de desempenho.<\/p>\n\n\n\n<p class=\"wp-block-paragraph\">H\u00e1 tamb\u00e9m o temor com o peso. Os carros ser\u00e3o um pouco menores \u2014 3.400 mm de dist\u00e2ncia entre eixos, com 1.900 mm de largura \u2014 e 30 kg mais leves, com o peso m\u00ednimo baixando de 798 kg para 768 kg. S\u00f3 que o aumento no volume das baterias j\u00e1 gera d\u00favidas quanto \u00e0 possibilidade de se atingir tal valor. E o trabalho despendido em busca da redu\u00e7\u00e3o de peso geraria enormes gastos.<\/p>\n\n\n\n<figure class=\"wp-block-image size-large\"><img decoding=\"async\" src=\"https:\/\/www.grandepremio.com\/br\/wp-content\/uploads\/2024\/03\/bahrein-2024-f1-treino-livre-mercedes-george-russell-01-1024x683.jpg\" alt=\"\" class=\"wp-image-782573\"\/><figcaption class=\"wp-element-caption\">O circuito de Sakhir, no Bahrein, tamb\u00e9m estar\u00e1 na pr\u00e9-temporada da F1 2026 (Foto: Mercedes)<\/figcaption><\/figure>\n\n\n\n<p class=\"wp-block-paragraph\">Enquanto a FIA garante que todas as partes ser\u00e3o ouvidas antes da vers\u00e3o final do regulamento ser homologada, a entidade j\u00e1 bateu o martelo quanto \u00e0 amplia\u00e7\u00e3o dos testes, da mesma forma como aconteceu h\u00e1 dois anos. <\/p>\n\n\n\n<p class=\"wp-block-paragraph\">Na ocasi\u00e3o, o retorno do efeito-solo era o tema central, e n\u00e3o faltou dor de cabe\u00e7a para as equipes com o surgimento do famigerado <em>porpoising<\/em> nas sess\u00f5es em Barcelona. S\u00f3 que times como a <strong>Red Bull <\/strong>conseguiram resolver a quest\u00e3o j\u00e1 nos testes seguintes, no Bahrein, embora outros tenham apanhado ao longo de todo o ano dos saltos em alta velocidade.<\/p>\n\n\n\n<p class=\"wp-block-paragraph\">A&nbsp;<a href=\"https:\/\/www.grandepremio.com\/br\/f1\/\" target=\"_blank\" rel=\"noreferrer noopener\"><\/a><a href=\"https:\/\/www.grandepremio.com\/br\/f1\/\" target=\"_blank\" rel=\"noreferrer noopener\">F\u00f3rmula 1<\/a>&nbsp;volta entre os dias&nbsp;<strong>21 e 23 de junho<\/strong>, em&nbsp;<strong>Barcelona<\/strong>, com o&nbsp;<strong>GP da&nbsp;<a href=\"https:\/\/es.grandepremio.com\/\" target=\"_blank\" rel=\"noreferrer noopener\">Espanha<\/a><\/strong>, d\u00e9cima etapa da temporada 2024. O&nbsp;<strong>GRANDE PR\u00caMIO&nbsp;<\/strong>faz a cobertura completa do evento, assim como de todas as provas do ano.<\/p>\n\n\n\n<p class=\"wp-block-paragraph\"><strong><img decoding=\"async\" src=\"https:\/\/a.slack-edge.com\/production-standard-emoji-assets\/14.0\/google-medium\/25b6-fe0f.png\" alt=\":seta_para_frente:\">&nbsp;Inscreva-se nos dois canais do GRANDE PR\u00caMIO no YouTube:&nbsp;<a href=\"https:\/\/www.youtube.com\/channel\/UC9OlHEgxoaY6QY6nWPoiqQg?sub_confirmation=1\" target=\"_blank\" rel=\"noreferrer noopener\">GP<\/a>&nbsp;|&nbsp;<a href=\"https:\/\/www.youtube.com\/channel\/UC9csiS6q_C3C0FYhyr1rnFA?sub_confirmation=1\" target=\"_blank\" rel=\"noreferrer noopener\">GP2<\/a><\/strong><br><strong><img decoding=\"async\" src=\"https:\/\/a.slack-edge.com\/production-standard-emoji-assets\/14.0\/google-medium\/25b6-fe0f.png\" alt=\":seta_para_frente:\"><a href=\"https:\/\/www.twitch.tv\/grandepremio\" target=\"_blank\" rel=\"noreferrer noopener\">Conhe\u00e7a o canal do GRANDE PR\u00caMIO na Twitch clicando aqui!<\/a><\/strong><\/p>\n\n\n\n<figure class=\"wp-block-embed is-type-video is-provider-youtube wp-block-embed-youtube wp-embed-aspect-16-9 wp-has-aspect-ratio\"><div class=\"wp-block-embed__wrapper\">\n<iframe loading=\"lazy\" title=\"Por que DOOHAN \u00e9 BOM NOME para vaga de Ocon na ALPINE na F\u00f3rmula 1 2025 | GP \u00e0s 10\" width=\"500\" height=\"281\" src=\"https:\/\/www.youtube.com\/embed\/GHJYzL1bmeM?feature=oembed\" frameborder=\"0\" allow=\"accelerometer; autoplay; clipboard-write; encrypted-media; gyroscope; picture-in-picture; web-share\" referrerpolicy=\"strict-origin-when-cross-origin\" allowfullscreen><\/iframe>\n<\/div><\/figure>\n","protected":false},"excerpt":{"rendered":"<p>Segundo a publica\u00e7\u00e3o alem\u00e3 Auto Motor und Sport, a decis\u00e3o j\u00e1 foi tomada, portanto a F\u00f3rmula 1 far\u00e1 seis dias de testes coletivos, da mesma forma como aconteceu em 2022<\/p>\n","protected":false},"author":0,"featured_media":1000689137,"comment_status":"closed","ping_status":"closed","sticky":false,"template":"","format":"standard","meta":{"42wp_featured_image_caption":"","42wp_featured_image_credits":"","42wp_featured_video":"","42wp_featured_image_hidden":false,"42wp_authors_list":[],"footnotes":""},"categories":[2],"tags":[1667,304,26271,5273,147,3230,180,30909,1491,28285,30840,35584,35129,27452,32191,33301,1881,18951],"42wp_author":[47147],"class_list":["post-73791","post","type-post","status-publish","format-standard","has-post-thumbnail","hentry","category-f1","tag-bahrein","tag-barcelona","tag-calendario-f1","tag-classificacao-f1","tag-f1","tag-f1-2024","tag-formula-1","tag-formula-1-2024","tag-grande-premio","tag-grandepremio","tag-horarios-f1","tag-motores-f1-2026","tag-onde-assistir-f1","tag-pre-temporada-f1","tag-regulamento-f1-2026","tag-temporada-2024-f1","tag-testes-coletivos","tag-testes-coletivos-f1","42wp_author-luana-marino"],"_links":{"self":[{"href":"https:\/\/grandepremio.com\/br\/wp-json\/wp\/v2\/posts\/73791","targetHints":{"allow":["GET"]}}],"collection":[{"href":"https:\/\/grandepremio.com\/br\/wp-json\/wp\/v2\/posts"}],"about":[{"href":"https:\/\/grandepremio.com\/br\/wp-json\/wp\/v2\/types\/post"}],"replies":[{"embeddable":true,"href":"https:\/\/grandepremio.com\/br\/wp-json\/wp\/v2\/comments?post=73791"}],"version-history":[{"count":0,"href":"https:\/\/grandepremio.com\/br\/wp-json\/wp\/v2\/posts\/73791\/revisions"}],"wp:featuredmedia":[{"embeddable":true,"href":"https:\/\/grandepremio.com\/br\/wp-json\/wp\/v2\/media\/1000689137"}],"wp:attachment":[{"href":"https:\/\/grandepremio.com\/br\/wp-json\/wp\/v2\/media?parent=73791"}],"wp:term":[{"taxonomy":"category","embeddable":true,"href":"https:\/\/grandepremio.com\/br\/wp-json\/wp\/v2\/categories?post=73791"},{"taxonomy":"post_tag","embeddable":true,"href":"https:\/\/grandepremio.com\/br\/wp-json\/wp\/v2\/tags?post=73791"},{"taxonomy":"42wp_author","embeddable":true,"href":"https:\/\/grandepremio.com\/br\/wp-json\/wp\/v2\/42wp_author?post=73791"}],"curies":[{"name":"wp","href":"https:\/\/api.w.org\/{rel}","templated":true}]}}