{"id":73818,"date":"2024-06-16T17:24:21","date_gmt":"2024-06-16T20:24:21","guid":{"rendered":"https:\/\/grandepremio.com\/br\/noticias\/max-taylor-augusto-soto-schirripa-sebastian-wheldon-vencem-rodada-tripla-usf-juniors-virginia\/"},"modified":"2024-06-16T19:48:48","modified_gmt":"2024-06-16T22:48:48","slug":"max-taylor-augusto-soto-schirripa-sebastian-wheldon-vencem-rodada-tripla-usf-juniors-virginia","status":"publish","type":"post","link":"https:\/\/grandepremio.com\/br\/indy\/max-taylor-augusto-soto-schirripa-sebastian-wheldon-vencem-rodada-tripla-usf-juniors-virginia\/","title":{"rendered":"Taylor, Soto-Schirripa e Wheldon vencem na rodada tripla da USF Juniors na Virginia"},"content":{"rendered":"\n<p class=\"wp-block-paragraph\">A temporada 2024 da <strong><a href=\"https:\/\/www.grandepremio.com\/br\/?s=usf+juniors&amp;orderby=post_date&amp;rows=20\">USF Juniors<\/a><\/strong> chegou \u00e0 oitava de 16 corridas no calend\u00e1rio e contou com um equil\u00edbrio que ainda n\u00e3o tinha sido visto: nenhum vencedor se repetiu. Na rodada tripla da <strong>Virginia<\/strong>, tr\u00eas vencedores diferentes: <strong>Max Taylor, Augusto Soto-Schirripa e Sebastian Wheldon<\/strong>.<\/p>\n\n\n\n<p class=\"wp-block-paragraph\">A primeira corrida foi a \u00fanica realizada ainda no s\u00e1bado e come\u00e7ou com o brasileiro <strong>Bruno Ribeiro<\/strong> na pole-position. Mas um erro no come\u00e7o da corrida acabou causando a queda para a 16\u00aa coloca\u00e7\u00e3o. O piloto ainda se recuperou de maneira not\u00e1vel e terminou no sexto posto.<\/p>\n\n\n\n<p class=\"wp-block-paragraph\">Na frente, entretanto, Taylor levou a melhor e venceu pela primeira vez em 2024. Schirripa-Soto ficou na segunda coloca\u00e7\u00e3o, enquanto Jack Jeffers fechou o p\u00f3dio. Al\u00e9m de Ribeiro em sexto, os outros brasileiros ficaram mais atr\u00e1s. <strong>Jo\u00e3o Vergara<\/strong> foi nono colocado, ao passo que <strong>Leonardo Escorpioni <\/strong>foi 19\u00ba.<\/p>\n\n\n\n<p class=\"wp-block-paragraph\">J\u00e1 neste domingo (16), Soto-Schirripa melhorou o desempenho em rela\u00e7\u00e3o ao p\u00f3dio do dia anterior e venceu a corrida, tamb\u00e9m a estreia na lista de vencedores em 2024. G3 Argyros e Escorpioni completaram o p\u00f3dio. Ribeiro ficou no quarto lugar e registrou a volta mais r\u00e1pida da prova. Vergara fechou no 11\u00ba lugar.<\/p>\n\n\n\n<figure class=\"wp-block-image size-full\"><img decoding=\"async\" src=\"https:\/\/www.grandepremio.com\/br\/wp-content\/uploads\/2024\/06\/GPF1-3.jpg\" alt=\"\" class=\"wp-image-827673\"\/><figcaption class=\"wp-element-caption\">Max Taylor venceu a primeira prova do fim de semana e a primeira dele na categoria (Foto: Reprodu\u00e7\u00e3o\/USF Juniors)<\/figcaption><\/figure>\n\n\n\n<p class=\"wp-block-paragraph\">Na terceira e \u00faltima corrida, Wheldon venceu pela terceira vez na temporada &#8211; 1\/3 das corridas, portanto. Jeffers e Taylor completaram o p\u00f3dio. Vergara foi o melhor dos brasileiros desta vez, fechando com a oitava posi\u00e7\u00e3o. Ribeiro foi 17\u00ba, enquanto Escorpioni abandonou logo no in\u00edcio.<\/p>\n\n\n\n<p class=\"wp-block-paragraph\">Com os resultados, Wheldon passa Ariel Elkin e assume a lideran\u00e7a do campeonato. Taylor, McNeilly e Schirripa-Soto tamb\u00e9m seguem dentro do espa\u00e7o de 40 pontos da dianteira.<\/p>\n\n\n\n<p class=\"wp-block-paragraph\">A pr\u00f3xima etapa da temporada \u00e9 a \u00faltima em rodada dupla, marcada para o fim de semana de feriado da independ\u00eancia dos Estados Unidos, <strong>entre 4 e 7 de julho<\/strong>, em <strong>Mid-Ohio<\/strong>. Depois disso, campeonato ainda passa por Road America e Portland, ambas em rodadas triplas.<\/p>\n\n\n\n<p class=\"wp-block-paragraph\"><strong><img decoding=\"async\" src=\"https:\/\/s.w.org\/images\/core\/emoji\/14.0.0\/svg\/25b6.svg\" alt=\"\u25b6\ufe0f\" style=\"width: 20px;\">&nbsp;Inscreva-se nos dois canais do GRANDE PR\u00caMIO no YouTube:&nbsp;<a href=\"https:\/\/www.youtube.com\/channel\/UC9OlHEgxoaY6QY6nWPoiqQg?sub_confirmation=1\" target=\"_blank\" rel=\"noreferrer noopener\">GP<\/a>&nbsp;|&nbsp;<a href=\"https:\/\/www.youtube.com\/channel\/UC9csiS6q_C3C0FYhyr1rnFA?sub_confirmation=1\" target=\"_blank\" rel=\"noreferrer noopener\">GP2<\/a><\/strong><br><strong><img decoding=\"async\" src=\"https:\/\/s.w.org\/images\/core\/emoji\/14.0.0\/svg\/25b6.svg\" alt=\"\u25b6\ufe0f\" style=\"width: 20px;\">&nbsp;<a href=\"https:\/\/www.twitch.tv\/grandepremio\" target=\"_blank\" rel=\"noreferrer noopener\">Conhe\u00e7a o canal do GRANDE PR\u00caMIO na Twitch clicando aqui!<\/a><\/strong><\/p>\n\n\n\n<figure class=\"wp-block-embed is-type-video is-provider-youtube wp-block-embed-youtube wp-embed-aspect-4-3 wp-has-aspect-ratio\"><div class=\"wp-block-embed__wrapper\">\n<iframe loading=\"lazy\" title=\"24H DE LE MANS COM IMAGENS | CORRIDA P3 (5:00-12:00) | FIA WEC 2024\" width=\"500\" height=\"281\" src=\"https:\/\/www.youtube.com\/embed\/AU_PIypOYe8?feature=oembed\" frameborder=\"0\" allow=\"accelerometer; autoplay; clipboard-write; encrypted-media; gyroscope; picture-in-picture; web-share\" referrerpolicy=\"strict-origin-when-cross-origin\" allowfullscreen><\/iframe>\n<\/div><figcaption class=\"wp-element-caption\">24H DE LE MANS COM IMAGENS | CORRIDA P3 (5:00-12:00) | FIA WEC 2024<\/figcaption><\/figure>\n","protected":false},"excerpt":{"rendered":"<p>Etapa que marcou a chegada \u00e0 metade da temporada 2024 da USF Juniors teve tr\u00eas pilotos diferentes vencendo. Bruno Ribeiro conquistou primeira pole<\/p>\n","protected":false},"author":0,"featured_media":1000827672,"comment_status":"closed","ping_status":"closed","sticky":false,"template":"","format":"standard","meta":{"42wp_featured_image_caption":"","42wp_featured_image_credits":"","42wp_featured_video":"","42wp_featured_image_hidden":false,"42wp_authors_list":[],"footnotes":""},"categories":[3],"tags":[5660,31011,27726,38111,39052,39053,39496,27869],"42wp_author":[47120],"class_list":["post-73818","post","type-post","status-publish","format-standard","has-post-thumbnail","hentry","category-indy","tag-classificacao","tag-indy-2024","tag-indy-ao-vivo","tag-indy-live","tag-joao-vergara","tag-leonardo-escorpioni","tag-max-taylor","tag-sebastian-wheldon","42wp_author-pedro-henrique-marum"],"_links":{"self":[{"href":"https:\/\/grandepremio.com\/br\/wp-json\/wp\/v2\/posts\/73818","targetHints":{"allow":["GET"]}}],"collection":[{"href":"https:\/\/grandepremio.com\/br\/wp-json\/wp\/v2\/posts"}],"about":[{"href":"https:\/\/grandepremio.com\/br\/wp-json\/wp\/v2\/types\/post"}],"replies":[{"embeddable":true,"href":"https:\/\/grandepremio.com\/br\/wp-json\/wp\/v2\/comments?post=73818"}],"version-history":[{"count":0,"href":"https:\/\/grandepremio.com\/br\/wp-json\/wp\/v2\/posts\/73818\/revisions"}],"wp:featuredmedia":[{"embeddable":true,"href":"https:\/\/grandepremio.com\/br\/wp-json\/wp\/v2\/media\/1000827672"}],"wp:attachment":[{"href":"https:\/\/grandepremio.com\/br\/wp-json\/wp\/v2\/media?parent=73818"}],"wp:term":[{"taxonomy":"category","embeddable":true,"href":"https:\/\/grandepremio.com\/br\/wp-json\/wp\/v2\/categories?post=73818"},{"taxonomy":"post_tag","embeddable":true,"href":"https:\/\/grandepremio.com\/br\/wp-json\/wp\/v2\/tags?post=73818"},{"taxonomy":"42wp_author","embeddable":true,"href":"https:\/\/grandepremio.com\/br\/wp-json\/wp\/v2\/42wp_author?post=73818"}],"curies":[{"name":"wp","href":"https:\/\/api.w.org\/{rel}","templated":true}]}}