{"id":74009,"date":"2024-06-13T18:43:42","date_gmt":"2024-06-13T21:43:42","guid":{"rendered":"https:\/\/grandepremio.com\/br\/noticias\/toyota-8-supera-ferrari-50-0s076-lidera-tl4-24-horas-le-mans\/"},"modified":"2024-06-15T14:15:12","modified_gmt":"2024-06-15T17:15:12","slug":"toyota-8-supera-ferrari-50-0s076-lidera-tl4-24-horas-le-mans","status":"publish","type":"post","link":"https:\/\/grandepremio.com\/br\/endurance\/wec\/toyota-8-supera-ferrari-50-0s076-lidera-tl4-24-horas-le-mans\/","title":{"rendered":"Toyota #8 supera Ferrari #50 por 0s076 e lidera TL4 das 24 Horas de Le Mans"},"content":{"rendered":"\n<p class=\"wp-block-paragraph\">Sem disputar a pole-position, a <strong>Toyota <\/strong>deu as caras no treino livre 4 das 24 Horas de Le Mans, realizado no in\u00edcio da noite desta quinta-feira (13). Com o carro #8, conduzido por <strong>Ryo Hirakawa, S\u00e9bastien Buemi <\/strong>e <strong>Brendon Hartley<\/strong>, a montadora japonesa ocupou a primeira posi\u00e7\u00e3o na tabela com o tempo de 3min29s451. A sess\u00e3o ficou marcada pela experi\u00eancia com chuva.<\/p>\n\n\n\n<p class=\"wp-block-paragraph\">O segundo lugar ficou com a <strong>Ferrari <\/strong>#50, de <strong>Antonio Fuoco, Nicklas Nielsen <\/strong>e <strong>Miguel Molina<\/strong>, que ficaram com tempo apenas 0s076 mais lento que o da Toyota. Quem tamb\u00e9m esteve pr\u00f3xima foi a <strong>BMW #20<\/strong>, com <strong>Robin Frijns, Ren\u00e9 Rast <\/strong>e <strong>Sheldon van der Linde<\/strong>, apenas 0s109 mais lento, finalizando o top-3.<\/p>\n\n\n\n<p class=\"wp-block-paragraph\">A<strong> Peugeot #93,<\/strong> com<strong> Jean-\u00c9ric Vergne, Nico M\u00fcller e Mikkel Jensen <\/strong>figurou no quarto lugar, \u00e0 frente da BMW #15, de <strong>Rafaelle Marciello, Dries Vanthoor e Marco Wittman, <\/strong>que fechou o top-5.<\/p>\n\n\n\n<p class=\"wp-block-paragraph\">A<strong> Alpine <\/strong>veio na sexta posi\u00e7\u00e3o com o #35, ocupado por <strong>Paul-Loup Chatin, Ferdinand Habsburg e Charles Milesi<\/strong>. O <strong>Cadillac #311 da Whelen,<\/strong> com os brasileiros <strong>Felipe Drugovich, Pipo Derani<\/strong> e o ingl\u00eas <strong>Jack Aitken<\/strong> foi s\u00e9timo, \u00e0 frente da <strong>Porsche Penske #4, com Mathieu Jaminet, Felipe Nasr e Nick Tandy<\/strong>.<\/p>\n\n\n\n<p class=\"wp-block-paragraph\"><strong>\u25b6\ufe0f Inscreva-se nos dois canais do\u00a0GRANDE PR\u00caMIO\u00a0no YouTube:\u00a0<a href=\"https:\/\/www.youtube.com\/channel\/UC9OlHEgxoaY6QY6nWPoiqQg?sub_confirmation=1\">GP<\/a>\u00a0|\u00a0<a href=\"https:\/\/www.youtube.com\/channel\/UC9csiS6q_C3C0FYhyr1rnFA?sub_confirmation=1\">GP2<\/a><br>\u25b6\ufe0f\u00a0<a href=\"https:\/\/www.twitch.tv\/grandepremio\">Conhe\u00e7a o canal do\u00a0GRANDE PR\u00caMIO\u00a0na Twitch clicando aqui!<\/a><\/strong><\/p>\n\n\n\n<figure class=\"wp-block-image size-large\"><img decoding=\"async\" src=\"https:\/\/www.grandepremio.com\/br\/wp-content\/uploads\/2024\/06\/imagem_2024-06-13_162645042-1200x675.png\" alt=\"\" class=\"wp-image-826774\"\/><figcaption class=\"wp-element-caption\">Porsche Penske #6 larga na pole em Le Mans (Foto: Porsche Motorsport)<\/figcaption><\/figure>\n\n\n\n<p class=\"wp-block-paragraph\"><a href=\"https:\/\/www.grandepremio.com\/br\/endurance\/wec\/noticias\/kevin-estre-tira-doce-boca-cadillac-coloca-porsche-penske-pole-le-mans\/\">Pole-position<\/a>, o <strong>Porsche Penske #6<\/strong> n\u00e3o foi destaque. O trio<strong> K\u00e9vin Estre, Andr\u00e9 Lotterer e Laurens Vanthoor <\/strong>n\u00e3o fez esfor\u00e7os al\u00e9m da 15\u00aa coloca\u00e7\u00e3o na classe.<\/p>\n\n\n\n<p class=\"wp-block-paragraph\">Entre os LMP2, o tempo mais r\u00e1pido ficou com o #23 da<strong> United Autosports<\/strong>, com os veteranos<strong> Ben Hanley, Ben Keating e Filipe Albuquerque<\/strong>. J\u00e1 na LMGT3, o <strong>Lexus #87<\/strong> da <strong>Akkodis ASP,<\/strong> com <strong>Jack Hawksworth, Takeshi Kimura e Esteban Masson <\/strong>ocupou o primeiro posto.<\/p>\n\n\n\n<p class=\"wp-block-paragraph\"><strong>\u25b6\ufe0f Inscreva-se nos dois canais do\u00a0GRANDE PR\u00caMIO\u00a0no YouTube:\u00a0<a href=\"https:\/\/www.youtube.com\/channel\/UC9OlHEgxoaY6QY6nWPoiqQg?sub_confirmation=1\">GP<\/a>\u00a0|\u00a0<a href=\"https:\/\/www.youtube.com\/channel\/UC9csiS6q_C3C0FYhyr1rnFA?sub_confirmation=1\">GP2<\/a><br>\u25b6\ufe0f\u00a0<a href=\"https:\/\/www.twitch.tv\/grandepremio\">Conhe\u00e7a o canal do\u00a0GRANDE PR\u00caMIO\u00a0na Twitch clicando aqui!<\/a><\/strong><\/p>\n\n\n\n<p class=\"wp-block-paragraph\">O\u00a0<strong>GRANDE PR\u00caMIO<\/strong>\u00a0transmite\u00a0<strong>AO VIVO<\/strong>\u00a0e\u00a0<strong>COM IMAGENS<\/strong>\u00a0as\u00a0<strong>24 Horas de Le Mans<\/strong>, quarta etapa da\u00a0<strong>temporada 2024<\/strong>\u00a0do\u00a0<strong>WEC<\/strong>, na\u00a0<strong><a href=\"https:\/\/www.youtube.com\/@GrandePremio1\/streams\" target=\"_blank\" rel=\"noreferrer noopener\">GPTV<\/a><\/strong>,\u00a0<strong>canal 1<\/strong>\u00a0no\u00a0<strong>YouTube<\/strong>, e no\u00a0<strong>TikTok<\/strong>. No s\u00e1bado, os pilotos realizam o\u00a0<strong>warm-up<\/strong>\u00a0\u00e0s 7h, e a\u00a0<strong>largada<\/strong>\u00a0est\u00e1 programada para as 11h.<\/p>\n","protected":false},"excerpt":{"rendered":"<p>Depois de n\u00e3o disputar a pole-position, o Toyota #8, com S\u00e9bastien Buemi, Ryo Hirakawa e Brendon Hartley ficou com o tempo mais r\u00e1pido da sess\u00e3o noturna marcada pela chuva em Le Mans<\/p>\n","protected":false},"author":0,"featured_media":1000826815,"comment_status":"closed","ping_status":"closed","sticky":false,"template":"","format":"standard","meta":{"42wp_featured_image_caption":"","42wp_featured_image_credits":"","42wp_featured_video":"","42wp_featured_image_hidden":false,"42wp_authors_list":[],"footnotes":""},"categories":[52],"tags":[28876,36399,36401,31715,36398,36400,427,1491,28285,39845,1208,39833,357,32068,39846,37799,37800,39847,356,29560],"42wp_author":[47119],"class_list":["post-74009","post","type-post","status-publish","format-standard","has-post-thumbnail","hentry","category-wec","tag-24h-le-mans","tag-calendario-mundial-de-endurance","tag-calendario-wec","tag-classificacao-le-mans","tag-classificacao-mundial-de-endurance","tag-classificacao-wec","tag-endurance","tag-grande-premio","tag-grandepremio","tag-horarios-le-mans","tag-le-mans","tag-le-mans-2024","tag-mundial-de-endurance","tag-mundial-de-endurance-2024","tag-programacao-le-mans","tag-temporada-2024-do-mundial-de-endurance","tag-temporada-2024-do-wec","tag-treinos-le-mans","tag-wec","tag-wec-2024","42wp_author-gabriel-carvalho"],"_links":{"self":[{"href":"https:\/\/grandepremio.com\/br\/wp-json\/wp\/v2\/posts\/74009","targetHints":{"allow":["GET"]}}],"collection":[{"href":"https:\/\/grandepremio.com\/br\/wp-json\/wp\/v2\/posts"}],"about":[{"href":"https:\/\/grandepremio.com\/br\/wp-json\/wp\/v2\/types\/post"}],"replies":[{"embeddable":true,"href":"https:\/\/grandepremio.com\/br\/wp-json\/wp\/v2\/comments?post=74009"}],"version-history":[{"count":0,"href":"https:\/\/grandepremio.com\/br\/wp-json\/wp\/v2\/posts\/74009\/revisions"}],"wp:featuredmedia":[{"embeddable":true,"href":"https:\/\/grandepremio.com\/br\/wp-json\/wp\/v2\/media\/1000826815"}],"wp:attachment":[{"href":"https:\/\/grandepremio.com\/br\/wp-json\/wp\/v2\/media?parent=74009"}],"wp:term":[{"taxonomy":"category","embeddable":true,"href":"https:\/\/grandepremio.com\/br\/wp-json\/wp\/v2\/categories?post=74009"},{"taxonomy":"post_tag","embeddable":true,"href":"https:\/\/grandepremio.com\/br\/wp-json\/wp\/v2\/tags?post=74009"},{"taxonomy":"42wp_author","embeddable":true,"href":"https:\/\/grandepremio.com\/br\/wp-json\/wp\/v2\/42wp_author?post=74009"}],"curies":[{"name":"wp","href":"https:\/\/api.w.org\/{rel}","templated":true}]}}