{"id":74062,"date":"2024-06-13T05:00:00","date_gmt":"2024-06-13T08:00:00","guid":{"rendered":"https:\/\/grandepremio.com\/br\/noticias\/onde-assistir-as-corridas-do-fim-de-semana-na-tv-e-no-streaming-13-a-16-de-junho\/"},"modified":"2024-06-13T20:01:51","modified_gmt":"2024-06-13T23:01:51","slug":"onde-assistir-as-corridas-do-fim-de-semana-na-tv-e-no-streaming-13-a-16-de-junho","status":"publish","type":"post","link":"https:\/\/grandepremio.com\/br\/programacao-tv\/onde-assistir-as-corridas-do-fim-de-semana-na-tv-e-no-streaming-13-a-16-de-junho\/","title":{"rendered":"Onde assistir \u00e0s corridas do fim de semana na TV e no streaming: 13 a 16 de junho"},"content":{"rendered":"\n<p class=\"wp-block-paragraph\"><strong>QUINTA-FEIRA, 13 DE JUNHO<\/strong><\/p>\n\n\n\n<figure class=\"wp-block-table\"><table><tbody><tr><td><strong>CATEGORIA<\/strong><\/td><td><strong>EVENTO<\/strong><\/td><td><strong>ATIVIDADE<\/strong><\/td><td><strong>HORA<\/strong><\/td><td><strong>EMISSORA<\/strong><\/td><\/tr><tr><td><strong>WEC<\/strong><\/td><td><strong>24H de Le Mans<\/strong><\/td><td><strong>Treino livre 3<\/strong><\/td><td><strong>09:45<\/strong><\/td><td><a href=\"https:\/\/www.youtube.com\/live\/7Si2_rfYICg\"><strong>GRANDE PR\u00caMIO<\/strong><\/a><\/td><\/tr><tr><td><strong>WEC<\/strong><\/td><td><strong>24H de Le Mans<\/strong><\/td><td><strong>Hyperpole<\/strong><\/td><td><strong>14:45<\/strong><\/td><td><strong><a href=\"https:\/\/youtube.com\/live\/DkEYu8ZDU88\">GRANDE PR\u00caMIO<\/a><\/strong><\/td><\/tr><tr><td><strong>WEC<\/strong><\/td><td><strong>24H de Le Mans<\/strong><\/td><td><strong>Treino livre 4<\/strong><\/td><td><strong>16:45<\/strong><\/td><td><strong><a href=\"https:\/\/www.youtube.com\/live\/EXUbDae0buM\">GRANDE PR\u00caMIO<\/a><\/strong><\/td><\/tr><\/tbody><\/table><\/figure>\n\n\n\n<p class=\"wp-block-paragraph\"><strong>S\u00c1BADO, 15 DE JUNHO<\/strong><\/p>\n\n\n\n<figure class=\"wp-block-table\"><table><tbody><tr><td><strong>CATEGORIA<\/strong><\/td><td><strong>EVENTO<\/strong><\/td><td><strong>ATIVIDADE<\/strong><\/td><td><strong>HORA<\/strong><\/td><td><strong>EMISSORA<\/strong><\/td><\/tr><tr><td><strong>WEC<\/strong><\/td><td><strong>24H de Le Mans<\/strong><\/td><td><strong>Warm-Up<\/strong><\/td><td><strong>06:45<\/strong><\/td><td><strong><a href=\"https:\/\/www.youtube.com\/live\/pduZPnINq4s\">GRANDE PR\u00caMIO<\/a><\/strong><\/td><\/tr><tr><td>WorldSSP300<\/td><td>GP da Em\u00edlia-Romanha<\/td><td>Corrida 1<\/td><td>07:45<\/td><td>BandSports<\/td><\/tr><tr><td>WorldSBK<\/td><td>GP da Em\u00edlia-Romanha<\/td><td>Corrida 1<\/td><td>09:00<\/td><td>BandSports<\/td><\/tr><tr><td><strong>WEC<\/strong><\/td><td><strong>24H de Le Mans<\/strong><\/td><td><strong>Corrida <\/strong><\/td><td><strong>10:00 &#8211; 19:00<\/strong><\/td><td><a href=\"https:\/\/www.youtube.com\/live\/WuMCYYPZWxs\"><strong>GRANDE PR\u00caMIO<\/strong><\/a><\/td><\/tr><tr><td>WorldSSP<\/td><td>GP da Em\u00edlia-Romanha<\/td><td>Corrida 1<\/td><td>10:15<\/td><td>BandSports<\/td><\/tr><tr><td><strong>\u00a0TCR South America<\/strong><\/td><td><strong>Velocitta<\/strong><\/td><td><strong>Classifica\u00e7\u00e3o<\/strong><\/td><td><strong>12:00<\/strong><\/td><td><strong><a href=\"https:\/\/www.youtube.com\/watch?v=S3XrspgWbGI\">GRANDE PR\u00caMIO<\/a><\/strong><\/td><\/tr><tr><td><strong>Endurance Brasil<\/strong><\/td><td><strong>4H do Velocitta<\/strong><\/td><td><strong>Corrida<\/strong><\/td><td><strong>13:15<\/strong><\/td><td><strong><a href=\"https:\/\/www.youtube.com\/watch?v=4H6ApI87NkM\">GRANDE PR\u00caMIO<\/a><\/strong><\/td><\/tr><tr><td>WEC<\/td><td>24H de Le Mans<\/td><td>Corrida <\/td><td>19:00 &#8211; 05:00<\/td><td><strong><a href=\"https:\/\/www.youtube.com\/live\/jD0XBFw6Xnc\">GRANDE PR\u00caMIO<\/a><\/strong><\/td><\/tr><\/tbody><\/table><\/figure>\n\n\n\n<p class=\"wp-block-paragraph\"><strong><img decoding=\"async\" src=\"https:\/\/a.slack-edge.com\/production-standard-emoji-assets\/14.0\/google-medium\/25b6-fe0f.png\" alt=\":seta_para_frente:\">&nbsp;Inscreva-se nos dois canais do GRANDE PR\u00caMIO no YouTube:&nbsp;<a href=\"https:\/\/www.youtube.com\/channel\/UC9OlHEgxoaY6QY6nWPoiqQg?sub_confirmation=1\" target=\"_blank\" rel=\"noreferrer noopener\">GP<\/a>&nbsp;|&nbsp;<a href=\"https:\/\/www.youtube.com\/channel\/UC9csiS6q_C3C0FYhyr1rnFA?sub_confirmation=1\" target=\"_blank\" rel=\"noreferrer noopener\">GP2<\/a><\/strong><br><strong><img decoding=\"async\" src=\"https:\/\/a.slack-edge.com\/production-standard-emoji-assets\/14.0\/google-medium\/25b6-fe0f.png\" alt=\":seta_para_frente:\">&nbsp;<a href=\"https:\/\/www.twitch.tv\/grandepremio\" target=\"_blank\" rel=\"noreferrer noopener\">Conhe\u00e7a o canal do GRANDE PR\u00caMIO na Twitch clicando aqui!<\/a><\/strong><\/p>\n\n\n\n<p class=\"wp-block-paragraph\"><strong>DOMINGO, 16 DE JUNHO<\/strong><\/p>\n\n\n\n<figure class=\"wp-block-table\"><table><tbody><tr><td><strong>CATEGORIA<\/strong><\/td><td><strong>EVENTO<\/strong><\/td><td><strong>ATIVIDADE<\/strong><\/td><td><strong>HORA<\/strong><\/td><td><strong>EMISSORA<\/strong><\/td><\/tr><tr><td><strong>WEC<\/strong><\/td><td><strong>24H de Le Mans<\/strong><\/td><td><strong>Corrida <\/strong><\/td><td><strong>05:00 &#8211; 12:00<\/strong><\/td><td><strong><a href=\"https:\/\/www.youtube.com\/live\/AU_PIypOYe8\">GRANDE PR\u00caMIO<\/a><\/strong><\/td><\/tr><tr><td>WorldSBK<\/td><td>GP da Em\u00edlia-Romanha<\/td><td>Superpole<\/td><td>06:00<\/td><td>BandSports<\/td><\/tr><tr><td>WorldSSP300&nbsp;<\/td><td>GP da Em\u00edlia-Romanha<\/td><td>Corrida 2<\/td><td>07:45<\/td><td>BandSports<\/td><\/tr><tr><td>WorldSBK&nbsp;<\/td><td>GP da Em\u00edlia-Romanha<\/td><td>Corrida 2<\/td><td>09:00<\/td><td>BandSports<\/td><\/tr><tr><td><strong>\u00a0TCR South America<\/strong><\/td><td><strong>Velocitta<\/strong><\/td><td><strong>Corrida 1<\/strong><\/td><td><strong>10:00<\/strong><\/td><td><strong><a href=\"https:\/\/www.youtube.com\/watch?v=e-GeZqhU-ZA\">GRANDE PR\u00caMIO<\/a><\/strong><\/td><\/tr><tr><td>WorldSSP<\/td><td>GP da Em\u00edlia-Romanha<\/td><td>Corrida 2<\/td><td>10:15<\/td><td>BandSports<\/td><\/tr><tr><td><strong>\u00a0TCR South America<\/strong><\/td><td><strong>Velocitta<\/strong><\/td><td><strong>Corrida 2<\/strong><\/td><td><strong>12:00<\/strong><\/td><td><strong><a href=\"https:\/\/www.youtube.com\/watch?v=e-GeZqhU-ZA\">GRANDE PR\u00caMIO<\/a><\/strong><\/td><\/tr><tr><td>Copa Truck <\/td><td>Minas Gerais<\/td><td>Corrida 1<\/td><td>12:30<\/td><td>Band | SporTV<\/td><\/tr><tr><td>Copa Truck <\/td><td>Minas Gerais<\/td><td>Corrida 2<\/td><td>13:00<\/td><td>Band | SporTV<\/td><\/tr><tr><td>Nascar<\/td><td>Iowa<\/td><td>Corrida<\/td><td>20:00<\/td><td>BandSports<\/td><\/tr><\/tbody><\/table><\/figure>\n","protected":false},"excerpt":{"rendered":"<p>Onde assistir a todas as corridas do fim de semana do esporte a motor? O GRANDE PR\u00caMIO lista tudo aqui: as 24 Horas de Le Mans s\u00e3o a grande atra\u00e7\u00e3o. A ic\u00f4nica corrida francesa, que faz parte do calend\u00e1rio do Mundial de Endurance, tem transmiss\u00e3o ao vivo e na \u00edntegra do GRANDE PR\u00caMIO. Ainda na GPTV, as etapas do Endurance Brasil e do TCR South America, no Velocitta, tamb\u00e9m t\u00eam exibi\u00e7\u00e3o ao vivo. E a agenda ainda traz o Mundial de Superbike no circuito de Misano e a Nascar em Iowa. No Brasil, a Copa Truck visita a pista de Potenza, em Minas Gerais. Confira a programa\u00e7\u00e3o completa da GPTV, streaming e TV<\/p>\n","protected":false},"author":0,"featured_media":1000826043,"comment_status":"closed","ping_status":"closed","sticky":false,"template":"","format":"standard","meta":{"42wp_featured_image_caption":"","42wp_featured_image_credits":"","42wp_featured_video":"","42wp_featured_image_hidden":false,"42wp_authors_list":[],"footnotes":""},"categories":[38],"tags":[28876,36399,36401,31715,36398,36400,1835,26134,427,5708,4730,1491,28285,39845,1208,39833,4674,3464,357,32068,950,39846,25725,37799,37800,39847,26158,356,29560,2174],"42wp_author":[47109],"class_list":["post-74062","post","type-post","status-publish","format-standard","has-post-thumbnail","hentry","category-programacao-tv","tag-24h-le-mans","tag-calendario-mundial-de-endurance","tag-calendario-wec","tag-classificacao-le-mans","tag-classificacao-mundial-de-endurance","tag-classificacao-wec","tag-copa-truck","tag-emilia-romanha","tag-endurance","tag-endurance-brasil","tag-gptv","tag-grande-premio","tag-grandepremio","tag-horarios-le-mans","tag-le-mans","tag-le-mans-2024","tag-minas-gerais","tag-misano","tag-mundial-de-endurance","tag-mundial-de-endurance-2024","tag-mundial-de-superbike","tag-programacao-le-mans","tag-tcr-south-america-2","tag-temporada-2024-do-mundial-de-endurance","tag-temporada-2024-do-wec","tag-treinos-le-mans","tag-velocitta","tag-wec","tag-wec-2024","tag-wsbk","42wp_author-redacao-gp"],"_links":{"self":[{"href":"https:\/\/grandepremio.com\/br\/wp-json\/wp\/v2\/posts\/74062","targetHints":{"allow":["GET"]}}],"collection":[{"href":"https:\/\/grandepremio.com\/br\/wp-json\/wp\/v2\/posts"}],"about":[{"href":"https:\/\/grandepremio.com\/br\/wp-json\/wp\/v2\/types\/post"}],"replies":[{"embeddable":true,"href":"https:\/\/grandepremio.com\/br\/wp-json\/wp\/v2\/comments?post=74062"}],"version-history":[{"count":0,"href":"https:\/\/grandepremio.com\/br\/wp-json\/wp\/v2\/posts\/74062\/revisions"}],"wp:featuredmedia":[{"embeddable":true,"href":"https:\/\/grandepremio.com\/br\/wp-json\/wp\/v2\/media\/1000826043"}],"wp:attachment":[{"href":"https:\/\/grandepremio.com\/br\/wp-json\/wp\/v2\/media?parent=74062"}],"wp:term":[{"taxonomy":"category","embeddable":true,"href":"https:\/\/grandepremio.com\/br\/wp-json\/wp\/v2\/categories?post=74062"},{"taxonomy":"post_tag","embeddable":true,"href":"https:\/\/grandepremio.com\/br\/wp-json\/wp\/v2\/tags?post=74062"},{"taxonomy":"42wp_author","embeddable":true,"href":"https:\/\/grandepremio.com\/br\/wp-json\/wp\/v2\/42wp_author?post=74062"}],"curies":[{"name":"wp","href":"https:\/\/api.w.org\/{rel}","templated":true}]}}