{"id":74306,"date":"2024-06-10T12:08:35","date_gmt":"2024-06-10T15:08:35","guid":{"rendered":"https:\/\/grandepremio.com\/br\/noticias\/alpine-festeja-dois-carros-nos-pontos-gp-do-canada-fala-em-decisoes-certas\/"},"modified":"2024-06-10T12:08:48","modified_gmt":"2024-06-10T15:08:48","slug":"alpine-festeja-dois-carros-nos-pontos-gp-do-canada-fala-em-decisoes-certas","status":"publish","type":"post","link":"https:\/\/grandepremio.com\/br\/f1\/alpine-festeja-dois-carros-nos-pontos-gp-do-canada-fala-em-decisoes-certas\/","title":{"rendered":"Alpine festeja dois carros nos pontos no GP do Canad\u00e1 e fala em &#8220;decis\u00f5es certas&#8221;"},"content":{"rendered":"\n<p class=\"wp-block-paragraph\">A <strong>Alpine <\/strong>conseguiu seu melhor resultado da temporada ao terminar o<strong> GP do Canad\u00e1,<\/strong> <a href=\"https:\/\/www.grandepremio.com\/br\/f1\/noticias\/max-verstappen-sobrevive-caos-vence-corrida-maluca-gp-canada-formula-1\/\">realizado no \u00faltimo domingo (9)<\/a>, com os dois carros na zona de pontos. <strong>Bruno Famin<\/strong>, chefe da equipe, celebrou o resultado e afirmou que os tr\u00eas pontos somados em <strong>Montreal<\/strong> foram fruto das boas decis\u00f5es tomadas ao longo da corrida. Com o resultado, o time franc\u00eas subiu para o oitavo lugar no <strong>Mundial de Construtores<\/strong>.<\/p>\n\n\n\n<p class=\"wp-block-paragraph\">A <strong>Alpine <\/strong>n\u00e3o conseguiu uma classifica\u00e7\u00e3o das mais interessantes no GP do Canad\u00e1 e viu Esteban Ocon cair no Q1, enquanto Pierre Gasly n\u00e3o foi al\u00e9m do Q2. Mas, ainda assim, o time conseguiu fazer uma boa corrida de recupera\u00e7\u00e3o no domingo.<\/p>\n\n\n\n<p class=\"wp-block-paragraph\">Em meio ao clima inst\u00e1vel que alterou a ader\u00eancia da pista in\u00fameras vezes ao longo da prova, a <strong>Alpine <\/strong>trabalhou bem e viu Gasly sair de 15\u00ba para concluir em 9\u00ba, enquanto Ocon largou de 17\u00ba e cruzou a linha de chegada em 10\u00ba. <a href=\"https:\/\/www.grandepremio.com\/br\/f1\/noticias\/fiz-minha-parte-voces-nao-esteban-ocon-explode-alpine-privilegio-pierre-gasly-canada\/\">Apesar do novo atrito da equipe com o #31<\/a>, <strong>Famin <\/strong>celebrou o que foi conquistado no GP do Canad\u00e1.<\/p>\n\n\n\n<p class=\"wp-block-paragraph\">\u201cNo geral, um resultado positivo para o time hoje, com os dois carros na zona de pontos. \u00c9 a primeira vez que conseguimos isso na temporada, ent\u00e3o a equipe est\u00e1 de parab\u00e9ns por ter executado um trabalho muito bom na corrida. \u00c9 bom poder recuperar depois de um dia dif\u00edcil na classifica\u00e7\u00e3o e aproveitar ao m\u00e1ximo as condi\u00e7\u00f5es mistas\u201d, apontou Bruno.<\/p>\n\n\n\n<figure class=\"wp-block-image size-large\"><img decoding=\"async\" src=\"https:\/\/www.grandepremio.com\/br\/wp-content\/uploads\/2024\/06\/canada-2024-f1-corrida-alpine-esteban-ocon-02-1200x800.jpg\" alt=\"\" class=\"wp-image-825130\"\/><figcaption class=\"wp-element-caption\">Esteban Ocon tamb\u00e9m foi aos pontos ap\u00f3s uma corrida de recupera\u00e7\u00e3o (Foto: Alpine)<\/figcaption><\/figure>\n\n\n\n<p class=\"wp-block-paragraph\">\u201cSab\u00edamos que antes da corrida seria crucial tomar as decis\u00f5es certas no momento certo e a equipe teve um bom desempenho operacional hoje, tanto na estrat\u00e9gia quanto nos pit-stops. Conseguimos garantir tr\u00eas pontos importantes para o time e subir uma posi\u00e7\u00e3o no Mundial de Construtores\u201d, finalizou o chefe da Alpine.<\/p>\n\n\n\n<p class=\"wp-block-paragraph\">Com o resultado, a Alpine foi a cinco pontos no Mundial de Construtores e passou a Williams na briga pelo oitavo lugar. A F\u00f3rmula 1 volta entre os dias 21 e 23 de junho, em Barcelona, com o GP da Espanha, d\u00e9cima etapa da temporada 2024.<\/p>\n\n\n\n<p class=\"wp-block-paragraph\"><strong><img decoding=\"async\" src=\"https:\/\/a.slack-edge.com\/production-standard-emoji-assets\/14.0\/google-medium\/25b6-fe0f.png\" alt=\":seta_para_frente:\">\u00a0Inscreva-se nos dois canais do GRANDE PR\u00caMIO no YouTube:\u00a0<a href=\"https:\/\/www.youtube.com\/channel\/UC9OlHEgxoaY6QY6nWPoiqQg?sub_confirmation=1\" target=\"_blank\" rel=\"noreferrer noopener\">GP<\/a>\u00a0|\u00a0<a href=\"https:\/\/www.youtube.com\/channel\/UC9csiS6q_C3C0FYhyr1rnFA?sub_confirmation=1\" target=\"_blank\" rel=\"noreferrer noopener\">GP2<\/a><\/strong><br><strong><img decoding=\"async\" src=\"https:\/\/a.slack-edge.com\/production-standard-emoji-assets\/14.0\/google-medium\/25b6-fe0f.png\" alt=\":seta_para_frente:\">\u00a0<a href=\"https:\/\/www.twitch.tv\/grandepremio\" target=\"_blank\" rel=\"noreferrer noopener\">Conhe\u00e7a o canal do GRANDE PR\u00caMIO na Twitch clicando aqui!<\/a><\/strong><\/p>\n\n\n\n<figure class=\"wp-block-embed is-type-video is-provider-youtube wp-block-embed-youtube wp-embed-aspect-16-9 wp-has-aspect-ratio\"><div class=\"wp-block-embed__wrapper\">\n<iframe loading=\"lazy\" title=\"F1 CANAD\u00c1 2024: tudo sobre a CORRIDA | Briefing\" width=\"500\" height=\"281\" src=\"https:\/\/www.youtube.com\/embed\/a2O031DtVfw?feature=oembed\" frameborder=\"0\" allow=\"accelerometer; autoplay; clipboard-write; encrypted-media; gyroscope; picture-in-picture; web-share\" referrerpolicy=\"strict-origin-when-cross-origin\" allowfullscreen><\/iframe>\n<\/div><\/figure>\n","protected":false},"excerpt":{"rendered":"<p>Com tr\u00eas pontos conquistados no Canad\u00e1, Alpine conseguiu seu melhor resultado na temporada. O chefe Bruno Famin elogiou a opera\u00e7\u00e3o da equipe ao longo da corrida<\/p>\n","protected":false},"author":0,"featured_media":1000824409,"comment_status":"closed","ping_status":"closed","sticky":false,"template":"","format":"standard","meta":{"42wp_featured_image_caption":"","42wp_featured_image_credits":"","42wp_featured_video":"","42wp_featured_image_hidden":false,"42wp_authors_list":[],"footnotes":""},"categories":[2],"tags":[20491,11858,4924,302,1390,14357,1491,28285,12829,676],"42wp_author":[47149],"class_list":["post-74306","post","type-post","status-publish","format-standard","has-post-thumbnail","hentry","category-f1","tag-alpine","tag-bruno-famin","tag-circuito-gilles-villeneuve","tag-esteban-ocon","tag-gasly","tag-gp-do-canada","tag-grande-premio","tag-grandepremio","tag-ocon","tag-pierre-gasly","42wp_author-bernardo-castro"],"_links":{"self":[{"href":"https:\/\/grandepremio.com\/br\/wp-json\/wp\/v2\/posts\/74306","targetHints":{"allow":["GET"]}}],"collection":[{"href":"https:\/\/grandepremio.com\/br\/wp-json\/wp\/v2\/posts"}],"about":[{"href":"https:\/\/grandepremio.com\/br\/wp-json\/wp\/v2\/types\/post"}],"replies":[{"embeddable":true,"href":"https:\/\/grandepremio.com\/br\/wp-json\/wp\/v2\/comments?post=74306"}],"version-history":[{"count":0,"href":"https:\/\/grandepremio.com\/br\/wp-json\/wp\/v2\/posts\/74306\/revisions"}],"wp:featuredmedia":[{"embeddable":true,"href":"https:\/\/grandepremio.com\/br\/wp-json\/wp\/v2\/media\/1000824409"}],"wp:attachment":[{"href":"https:\/\/grandepremio.com\/br\/wp-json\/wp\/v2\/media?parent=74306"}],"wp:term":[{"taxonomy":"category","embeddable":true,"href":"https:\/\/grandepremio.com\/br\/wp-json\/wp\/v2\/categories?post=74306"},{"taxonomy":"post_tag","embeddable":true,"href":"https:\/\/grandepremio.com\/br\/wp-json\/wp\/v2\/tags?post=74306"},{"taxonomy":"42wp_author","embeddable":true,"href":"https:\/\/grandepremio.com\/br\/wp-json\/wp\/v2\/42wp_author?post=74306"}],"curies":[{"name":"wp","href":"https:\/\/api.w.org\/{rel}","templated":true}]}}