{"id":74409,"date":"2024-06-09T20:52:11","date_gmt":"2024-06-09T23:52:11","guid":{"rendered":"https:\/\/grandepremio.com\/br\/noticias\/lance-stroll-se-diz-superfeliz-apos-corrida-das-mais-complicadas-canada\/"},"modified":"2024-06-09T20:57:42","modified_gmt":"2024-06-09T23:57:42","slug":"lance-stroll-se-diz-superfeliz-apos-corrida-das-mais-complicadas-canada","status":"publish","type":"post","link":"https:\/\/grandepremio.com\/br\/f1\/lance-stroll-se-diz-superfeliz-apos-corrida-das-mais-complicadas-canada\/","title":{"rendered":"Stroll se diz &#8220;superfeliz&#8221; ap\u00f3s corrida &#8220;das mais complicadas&#8221; no Canad\u00e1"},"content":{"rendered":"\n<p class=\"wp-block-paragraph\">Ap\u00f3s conquistar bons resultados nos treinos livres e garantir a nona posi\u00e7\u00e3o no grid de largada para o <strong>GP do Canad\u00e1<\/strong>, realizado neste domingo (9), <strong>Lance Stroll<\/strong> destacou &#8220;corrida complicada&#8221; em meios \u00e0s condi\u00e7\u00f5es clim\u00e1ticas adversas no circuito <strong>Gilles Villeneuve<\/strong>, mas garantiu que ficou &#8220;superfeliz&#8221; com o <a href=\"https:\/\/www.grandepremio.com\/br\/f1\/noticias\/max-verstappen-sobrevive-caos-vence-corrida-maluca-gp-canada-formula-1\/\">s\u00e9timo lugar conquistado<\/a> em <strong>Montreal<\/strong>.<\/p>\n\n\n\n<p class=\"wp-block-paragraph\">De fato, os seis pontos somados pelo canadense foram de extrema import\u00e2ncia para a <strong>Aston Martin<\/strong>, que embora esteja distante das equipes do top-4 \u2014 <strong>Red Bull<\/strong>, <strong>Ferrari<\/strong>, <strong>McLaren<\/strong> e <strong>Mercedes<\/strong> \u2014, precisava ficar de olho na aproxima\u00e7\u00e3o da <strong>RB<\/strong> (<strong>Visa Cash App RB<\/strong>) na briga pelo quinto posto do Mundial de Construtores. O saldo da esquadra comandada por <strong>Mike Krack<\/strong>, por\u00e9m, foi positivo, j\u00e1 que Stroll e <strong>Fernando Alonso<\/strong> <a href=\"https:\/\/www.grandepremio.com\/br\/f1\/noticias\/fernando-alonso-ve-corrida-solitaria-canada-reconhece-nao-dava-para-fazer-muito\/\">acumularam 14 pontos<\/a>, enquanto <strong>Yuki Tsunoda<\/strong> e <strong>Daniel Ricciardo<\/strong> conseguiram apenas quatro.<\/p>\n\n\n\n<p class=\"wp-block-paragraph\">&#8220;Estou superfeliz com nosso desempenho hoje&#8221;, comemorou Lance ap\u00f3s a prova na <strong>ilha de Notre Dame<\/strong>. &#8220;Foi uma corrida complicada \u2014 uma das mais complicadas de que me lembro \u2014 e as condi\u00e7\u00f5es vari\u00e1veis \u200b\u200bnos mantiveram atentos, mas soubemos controlar bem&#8221;, continuou.<\/p>\n\n\n\n<p class=\"wp-block-paragraph\">&#8220;Tivemos de administrar bem os pneus durante o primeiro stint, especialmente quando a pista come\u00e7ou a secar, e ent\u00e3o paramos para colocar outro conjunto de intermedi\u00e1rios para o segundo round de chuva, quando o safety-car estava na pista. Julgamos bem a mudan\u00e7a para o composto duro e escolhemos n\u00e3o trocar, enquanto outros sofreram&#8221;, explicou Stroll.<\/p>\n\n\n\n<figure class=\"wp-block-image size-large\"><img decoding=\"async\" src=\"https:\/\/www.grandepremio.com\/br\/wp-content\/uploads\/2024\/06\/canada-2024-f1-corrida-aston-martin-lance-stroll-02-1200x800.jpg\" alt=\"\" class=\"wp-image-825131\"\/><figcaption class=\"wp-element-caption\">Lance Stroll (Foto: Aston Martin)<\/figcaption><\/figure>\n\n\n\n<p class=\"wp-block-paragraph\"><strong><img decoding=\"async\" src=\"https:\/\/a.slack-edge.com\/production-standard-emoji-assets\/14.0\/google-medium\/25b6-fe0f.png\" alt=\":seta_para_frente:\">&nbsp;Inscreva-se nos dois canais do GRANDE PR\u00caMIO no YouTube:&nbsp;<a href=\"https:\/\/www.youtube.com\/channel\/UC9OlHEgxoaY6QY6nWPoiqQg?sub_confirmation=1\" target=\"_blank\" rel=\"noreferrer noopener\">GP<\/a>&nbsp;|&nbsp;<a href=\"https:\/\/www.youtube.com\/channel\/UC9csiS6q_C3C0FYhyr1rnFA?sub_confirmation=1\" target=\"_blank\" rel=\"noreferrer noopener\">GP2<\/a><\/strong><br><strong><img decoding=\"async\" src=\"https:\/\/a.slack-edge.com\/production-standard-emoji-assets\/14.0\/google-medium\/25b6-fe0f.png\" alt=\":seta_para_frente:\">&nbsp;<a href=\"https:\/\/www.twitch.tv\/grandepremio\" target=\"_blank\" rel=\"noreferrer noopener\">Conhe\u00e7a o canal do GRANDE PR\u00caMIO na Twitch clicando aqui!<\/a><\/strong><\/p>\n\n\n\n<p class=\"wp-block-paragraph\">&#8220;As caracter\u00edsticas deste circuito definitivamente combinavam com o nosso carro, mas fizemos um bom trabalho para manter o foco e aproveitar ao m\u00e1ximo as oportunidades que surgiram&#8221;, finalizou.<\/p>\n\n\n\n<p class=\"wp-block-paragraph\">A\u00a0<a href=\"https:\/\/www.grandepremio.com\/br\/f1\/\" target=\"_blank\" rel=\"noreferrer noopener\"><\/a><a href=\"https:\/\/www.grandepremio.com\/br\/f1\/\" target=\"_blank\" rel=\"noreferrer noopener\">F\u00f3rmula 1<\/a>\u00a0volta entre os dias\u00a0<strong>21 e 23 de junho<\/strong>, em\u00a0<strong>Barcelona<\/strong>, com o\u00a0<strong>GP da\u00a0<a href=\"https:\/\/es.grandepremio.com\/\" target=\"_blank\" rel=\"noreferrer noopener\">Espanha<\/a><\/strong>, d\u00e9cima etapa da temporada 2024.<\/p>\n\n\n\n<figure class=\"wp-block-embed is-type-video is-provider-youtube wp-block-embed-youtube wp-embed-aspect-16-9 wp-has-aspect-ratio\"><div class=\"wp-block-embed__wrapper\">\n<iframe loading=\"lazy\" title=\"F1 CANAD\u00c1 2024: tudo sobre a CORRIDA | Briefing\" width=\"500\" height=\"281\" src=\"https:\/\/www.youtube.com\/embed\/a2O031DtVfw?feature=oembed\" frameborder=\"0\" allow=\"accelerometer; autoplay; clipboard-write; encrypted-media; gyroscope; picture-in-picture; web-share\" referrerpolicy=\"strict-origin-when-cross-origin\" allowfullscreen><\/iframe>\n<\/div><\/figure>\n","protected":false},"excerpt":{"rendered":"<p>Ap\u00f3s cruzar a linha de chegada na s\u00e9tima posi\u00e7\u00e3o, Lance Stroll elogiou a Aston Martin e disse que equipe &#8220;soube controlar bem&#8221; o desempenho em meio \u00e0s condi\u00e7\u00f5es adversas no GP do Canad\u00e1<\/p>\n","protected":false},"author":0,"featured_media":1000825036,"comment_status":"closed","ping_status":"closed","sticky":false,"template":"","format":"standard","meta":{"42wp_featured_image_caption":"","42wp_featured_image_credits":"","42wp_featured_video":"","42wp_featured_image_hidden":false,"42wp_authors_list":[],"footnotes":""},"categories":[2],"tags":[27776,34186,27487,309,35624,37759,4924,5660,8235,37760,969,147,3230,642,11958,160,37761,180,30909,14357,39696,1491,30103,28285,485,4486],"42wp_author":[47160],"class_list":["post-74409","post","type-post","status-publish","format-standard","has-post-thumbnail","hentry","category-f1","tag-assistir-f1-ao-vivo","tag-assistir-f1-gratis","tag-assistir-f1-online","tag-aston-martin","tag-calendario-f1-2024","tag-calendario-f1-2024-horarios","tag-circuito-gilles-villeneuve","tag-classificacao","tag-classificacao-da-f1","tag-classificacao-f1-2024","tag-corrida","tag-f1","tag-f1-2024","tag-f1-ao-vivo","tag-f1-live","tag-f1-tv","tag-f1-tv-2024","tag-formula-1","tag-formula-1-2024","tag-gp-do-canada","tag-gp-do-canada-2024","tag-grande-premio","tag-grande-premio-f1","tag-grandepremio","tag-lance-stroll","tag-montreal","42wp_author-vicente-soella"],"_links":{"self":[{"href":"https:\/\/grandepremio.com\/br\/wp-json\/wp\/v2\/posts\/74409","targetHints":{"allow":["GET"]}}],"collection":[{"href":"https:\/\/grandepremio.com\/br\/wp-json\/wp\/v2\/posts"}],"about":[{"href":"https:\/\/grandepremio.com\/br\/wp-json\/wp\/v2\/types\/post"}],"replies":[{"embeddable":true,"href":"https:\/\/grandepremio.com\/br\/wp-json\/wp\/v2\/comments?post=74409"}],"version-history":[{"count":0,"href":"https:\/\/grandepremio.com\/br\/wp-json\/wp\/v2\/posts\/74409\/revisions"}],"wp:featuredmedia":[{"embeddable":true,"href":"https:\/\/grandepremio.com\/br\/wp-json\/wp\/v2\/media\/1000825036"}],"wp:attachment":[{"href":"https:\/\/grandepremio.com\/br\/wp-json\/wp\/v2\/media?parent=74409"}],"wp:term":[{"taxonomy":"category","embeddable":true,"href":"https:\/\/grandepremio.com\/br\/wp-json\/wp\/v2\/categories?post=74409"},{"taxonomy":"post_tag","embeddable":true,"href":"https:\/\/grandepremio.com\/br\/wp-json\/wp\/v2\/tags?post=74409"},{"taxonomy":"42wp_author","embeddable":true,"href":"https:\/\/grandepremio.com\/br\/wp-json\/wp\/v2\/42wp_author?post=74409"}],"curies":[{"name":"wp","href":"https:\/\/api.w.org\/{rel}","templated":true}]}}